{"id":466282,"date":"2026-03-26T02:23:35","date_gmt":"2026-03-26T02:23:35","guid":{"rendered":"https:\/\/www.europesays.com\/es\/466282\/"},"modified":"2026-03-26T02:23:35","modified_gmt":"2026-03-26T02:23:35","slug":"novedades-en-la-declaracion-de-la-renta-2025-2026-ayudas-para-el-gimnasio-y-deducciones-por-cobrar-el-smi-economia","status":"publish","type":"post","link":"https:\/\/www.europesays.com\/es\/466282\/","title":{"rendered":"Novedades en la declaraci\u00f3n de la renta 2025-2026: ayudas para el gimnasio y deducciones por cobrar el SMI | Econom\u00eda"},"content":{"rendered":"<p class=\"\">Cada a\u00f1o llega <a href=\"https:\/\/elpais.com\/economia\/2026-03-20\/guia-rapida-quien-esta-obligado-a-presentar-la-declaracion-de-la-renta-en-2026-y-quien-no.html\" target=\"_self\" rel=\"nofollow noopener\" title=\"https:\/\/elpais.com\/economia\/2026-03-20\/guia-rapida-quien-esta-obligado-a-presentar-la-declaracion-de-la-renta-en-2026-y-quien-no.html\">el ajuste de cuentas con Hacienda<\/a>, y con ello un ir y venir de deducciones que los contribuyentes pueden aplicarse para rebajar su factura con el fisco, junto a cambios normativos que inciden en la tributaci\u00f3n. Esta campa\u00f1a de la renta, que oficialmente arranca el pr\u00f3ximo 8 de abril, tambi\u00e9n trae novedades, sobre todo en el \u00e1mbito auton\u00f3mico. Hay 30 nuevas deducciones regionales, que incluyen descuentos por ir al gimnasio o por el cuidado de mascotas, adem\u00e1s de rebajas a nivel estatal: se pueden volver a aplicar las rebajas previstas para la compra de un coche el\u00e9ctrico y se ha aprobado una nueva deducci\u00f3n de hasta 340 euros para los trabajadores que perciben el salario m\u00ednimo interprofesional (SMI), seg\u00fan han recordado este mi\u00e9rcoles los expertos de la plataforma TaxDown en una presentaci\u00f3n sobre las principales novedades de esta campa\u00f1a.<\/p>\n<p class=\"\">La deducci\u00f3n para los perceptores del SMI protagoniz\u00f3 una dura pugna entre los ministerios de Trabajo \u2014favorable a la rebaja\u2014 y Hacienda, que consideraba que estas rentas, hasta ahora exentas, ten\u00edan que empezar a tributar. <a href=\"https:\/\/elpais.com\/economia\/2025-06-11\/hacienda-corrige-el-irpf-para-evitar-que-contribuyentes-que-superan-por-poco-el-salario-minimo-tributen-a-un-tipo-marginal-del-90.html\" target=\"_self\" rel=\"nofollow noopener\" title=\"https:\/\/elpais.com\/economia\/2025-06-11\/hacienda-corrige-el-irpf-para-evitar-que-contribuyentes-que-superan-por-poco-el-salario-minimo-tributen-a-un-tipo-marginal-del-90.html\">La soluci\u00f3n finalmente adoptada es una deducci\u00f3n<\/a> de unos 340 euros dise\u00f1ada para compensar la subida del salario m\u00ednimo hasta los 16.576 euros que se aprob\u00f3 el a\u00f1o pasado.<\/p>\n<p class=\"\">Si la n\u00f3mina del contribuyente es inferior a ese importe, la deducci\u00f3n se aplicar\u00e1 \u00edntegra; si los ingresos se situaran entre los 16.576 y los 18.276 euros, el beneficio fiscal se ir\u00e1 reduciendo de forma paulatina. Paula Urcera, directora del \u00e1rea de fiscalidad de TaxDown, ha alertado de que a\u00fan no est\u00e1 claro si la Agencia Tributaria incluir\u00e1 de forma autom\u00e1tica la deducci\u00f3n <a href=\"https:\/\/elpais.com\/economia\/2026-03-18\/la-agencia-tributaria-da-acceso-ya-a-los-contribuyentes-a-los-datos-fiscales-para-preparar-la-declaracion-de-la-renta.html\" target=\"_self\" rel=\"nofollow noopener\" title=\"https:\/\/elpais.com\/economia\/2026-03-18\/la-agencia-tributaria-da-acceso-ya-a-los-contribuyentes-a-los-datos-fiscales-para-preparar-la-declaracion-de-la-renta.html\">en el borrador de la declaraci\u00f3n que pone a disposici\u00f3n <\/a>del ciudadano. De no ser as\u00ed, el contribuyente deber\u00e1 incluirla para poder beneficiarse de ella.<\/p>\n<p class=\"\">Tambi\u00e9n se prorroga la exenci\u00f3n de presentar la declaraci\u00f3n para los desempleados que cobren el paro, siempre y cuando <a href=\"https:\/\/elpais.com\/economia\/2026-03-20\/guia-rapida-quien-esta-obligado-a-presentar-la-declaracion-de-la-renta-en-2026-y-quien-no.html\" target=\"_self\" rel=\"nofollow noopener\" title=\"https:\/\/elpais.com\/economia\/2026-03-20\/guia-rapida-quien-esta-obligado-a-presentar-la-declaracion-de-la-renta-en-2026-y-quien-no.html\">no superen los l\u00edmites de ingresos del trabajo<\/a> que se establecen para todos los contribuyentes: 22.000 euros si es un pagador \u00fanico y 15.876 si son m\u00e1s, siempre que la suma obtenida del segundo y siguientes pagadores no supere los 1.500 euros. Se mantiene, en cambio, la obligatoriedad para los aut\u00f3nomos de confeccionar la declaraci\u00f3n, independientemente del nivel de sus ingresos.<\/p>\n<p class=\"\">Otro gran cambio a nivel estatal se produce en las rentas del ahorro: para el tramo superior, de m\u00e1s de 300.000 euros de ingresos \u2014en dividendos, intereses, venta de acciones, etc\u00e9tera\u2014, los contribuyentes <a href=\"https:\/\/elpais.com\/espana\/2024-11-21\/el-gobierno-saca-adelante-en-el-congreso-la-reforma-fiscal-con-los-socios-de-izquierda-y-derecha.html\" target=\"_self\" rel=\"nofollow noopener\" title=\"https:\/\/elpais.com\/espana\/2024-11-21\/el-gobierno-saca-adelante-en-el-congreso-la-reforma-fiscal-con-los-socios-de-izquierda-y-derecha.html\">se enfrentar\u00e1n a un tipo m\u00e1s elevado<\/a>, que pasa del 28% al 30%. Pero, al margen de este \u00faltimo, a nivel nacional no hay grandes cambios. El resto de la escala impositiva se mantiene igual, con un gravamen del 19% a rentas del capital de hasta 6.000 euros, del 21% de ah\u00ed hasta los 50.000 euros. El tramo de 50.000 a 200.000 se sigue gravando al 23%, y al 27% hasta los 300.000 euros.<\/p>\n<p class=\"\">Asimismo, se han renovado las deducciones verdes para <a href=\"https:\/\/cincodias.elpais.com\/economia\/2023-06-26\/el-gobierno-permitira-desgravar-el-15-del-irpf-por-comprar-un-vehiculo-electrico.html\" target=\"_self\" rel=\"nofollow noopener\" title=\"https:\/\/cincodias.elpais.com\/economia\/2023-06-26\/el-gobierno-permitira-desgravar-el-15-del-irpf-por-comprar-un-vehiculo-electrico.html\">la compra de veh\u00edculos el\u00e9ctricos<\/a> \u2014de un 15% sobre el valor de adquisici\u00f3n, hasta un m\u00e1ximo de 20.000 euros\u2014 e instalaci\u00f3n de puntos de recarga en vivienda, as\u00ed como <a href=\"https:\/\/elpais.com\/economia\/2025-03-12\/como-declarar-la-vivienda-en-la-renta-de-2024-claves-para-tributar-por-el-alquiler-la-compra-o-la-propiedad-de-una-casa.html\" target=\"_self\" rel=\"nofollow noopener\" title=\"https:\/\/elpais.com\/economia\/2025-03-12\/como-declarar-la-vivienda-en-la-renta-de-2024-claves-para-tributar-por-el-alquiler-la-compra-o-la-propiedad-de-una-casa.html\">las obras de rehabilitaci\u00f3n que mejoren la eficiencia energ\u00e9tica<\/a> de viviendas y edificios. Adem\u00e1s, todas las ayudas percibidas para reparar los da\u00f1os causados por la dana en Valencia quedan exentas de tributar en el IRPF.<\/p>\n<p>Nuevas deducciones auton\u00f3micas<\/p>\n<p class=\"\">Es recomendable que el contribuyente tambi\u00e9n tenga el ojo puesto en las deducciones auton\u00f3micas, puesto que el IRPF es un impuesto compartido con las comunidades, que tienen potestad sobre la mitad de la escala impositiva y capacidad de introducir rebajas y cambios normativos. De hecho, <a href=\"https:\/\/elpais.com\/economia\/2023-03-19\/el-caos-de-las-deducciones-autonomicas-821-euros-por-hijo-en-castilla-y-leon-y-36-en-andalucia.html\" target=\"_self\" rel=\"nofollow noopener\" title=\"https:\/\/elpais.com\/economia\/2023-03-19\/el-caos-de-las-deducciones-autonomicas-821-euros-por-hijo-en-castilla-y-leon-y-36-en-andalucia.html\">las deducciones regionales auton\u00f3micas son numerosas<\/a>, pero menos conocidas que las estatales, por lo que los expertos recomiendan recopilar informaci\u00f3n sobre las existentes para sacar el m\u00e1ximo provecho a la declaraci\u00f3n.<\/p>\n<p class=\"\">Para esta campa\u00f1a, que hace referencia a los ingresos y gastos del ejercicio fiscal 2025, Andaluc\u00eda y Asturias son los \u00fanicos territorios que han introducido deducciones para la compra de alimentos aptos para cel\u00edacos, por un m\u00e1ximo de 100 euros en ambos casos. A los descuentos en el IRPF por el gasto del gimnasio que ya contemplaban la Comunidad Valenciana y La Rioja, se a\u00f1aden ahora Andaluc\u00eda y Murcia. Estas dos autonom\u00edas tambi\u00e9n han aprobado deducciones de hasta 100 euros en <a href=\"https:\/\/elpais.com\/economia\/2025-09-23\/moreno-anuncia-rebajas-fiscales-para-los-duenos-de-animales-de-compania.html\" target=\"_self\" rel=\"nofollow noopener\" title=\"https:\/\/elpais.com\/economia\/2025-09-23\/moreno-anuncia-rebajas-fiscales-para-los-duenos-de-animales-de-compania.html\">los gastos veterinarios<\/a> para el cuidado de mascotas.<\/p>\n<p class=\"\">Galicia y Extremadura estrenan esta campa\u00f1a ayudas para el gasto asociado a los cuidados de los enfermos de ELA \u2014en el caso de Galicia, tambi\u00e9n para los enfermos de talidomida\u2014; Murcia, la comunidad que m\u00e1s nuevas rebajas introduce en la renta de 2025, contempla descuentos para la compra de gafas y lentillas y la adquisici\u00f3n de veh\u00edculos el\u00e9ctricos.<\/p>\n<p class=\"\">Catalu\u00f1a, por su parte, ha ampliado de forma considerable la deducci\u00f3n por <a href=\"https:\/\/atc.gencat.cat\/es\/tributs\/irpf\/deduccions-tram-irpf\/#3--por-alquiler-de-la-vivienda-habitual\" target=\"_self\" rel=\"nofollow noopener\" title=\"https:\/\/atc.gencat.cat\/es\/tributs\/irpf\/deduccions-tram-irpf\/#3--por-alquiler-de-la-vivienda-habitual\">alquiler de vivienda habitual<\/a>, de 300 a 500 euros en el caso de la tributaci\u00f3n individual y de 600 a 1.000 para la conjunta si se cumplen determinados requisitos. Entre otras rebajas auton\u00f3micas, TaxDown destaca las rebajas en el IRPF previstas en Cantabria por mover la residencia habitual a municipios en riesgo de despoblaci\u00f3n, por alquilar la vivienda a v\u00edctimas de violencia de g\u00e9nero en Catalu\u00f1a o por gastos vinculados a la ocupaci\u00f3n de inmuebles en Baleares.<\/p>\n<p>Cuidado con los controles<\/p>\n<p class=\"\">La plataforma TaxDown, que recomienda presentar la declaraci\u00f3n cuanto antes, tambi\u00e9n ha recordado cu\u00e1les son las directrices que la Agencia Tributaria se ha marcado para esta campa\u00f1a, es decir <a href=\"https:\/\/elpais.com\/economia\/2025-03-17\/hacienda-estrechara-el-cerco-sobre-las-personas-que-muestran-un-alto-nivel-de-vida-pero-que-apenas-declaran-ingresos-al-fisco.html\" target=\"_self\" rel=\"nofollow noopener\" title=\"https:\/\/elpais.com\/economia\/2025-03-17\/hacienda-estrechara-el-cerco-sobre-las-personas-que-muestran-un-alto-nivel-de-vida-pero-que-apenas-declaran-ingresos-al-fisco.html\">aquellos \u00e1mbitos sobre los cuales reforzar\u00e1 la vigilancia<\/a>. Estos incluyen las criptomonedas, por lo que el contribuyente que haya vendido activos de este tipo debe prestar particular atenci\u00f3n a que las operaciones se reflejen en la declaraci\u00f3n, sobre todo si se apoya en brokers registrados fuera de Espa\u00f1a que no suelen reportar autom\u00e1ticamente al fisco.<\/p>\n<p class=\"\">Tambi\u00e9n los neobancos (los que operan 100% en digital) estar\u00e1n bajo la lupa, as\u00ed como los alquileres tur\u00edsticos y los cambios de residencia, tanto en el extranjero como entre comunidades. Los pagos y cobros por bizum, que han levantado una polvareda medi\u00e1tica tal que <a href=\"https:\/\/elpais.com\/economia\/2025-12-16\/hacienda-aclara-que-las-operaciones-de-bizum-entre-particulares-no-se-tendran-que-declarar.html\" target=\"_self\" rel=\"nofollow noopener\" title=\"https:\/\/elpais.com\/economia\/2025-12-16\/hacienda-aclara-que-las-operaciones-de-bizum-entre-particulares-no-se-tendran-que-declarar.html\">la Agencia Tributaria se ha visto obligada a publicar una nota aclaratoria<\/a>, solo estar\u00e1n sujetos a un control m\u00e1s estricto en el caso de aut\u00f3nomos y actividades profesionales, para que el fisco pueda asegurarse de que declaren todos los ingresos que obtienen, incluso los recibidos por canales digitales.<\/p>\n","protected":false},"excerpt":{"rendered":"Cada a\u00f1o llega el ajuste de cuentas con Hacienda, y con ello un ir y venir de deducciones&hellip;\n","protected":false},"author":2,"featured_media":466283,"comment_status":"","ping_status":"","sticky":false,"template":"","format":"standard","meta":{"footnotes":""},"categories":[8],"tags":[765,17,18,2583,95,25,24,13,14,736,11,766,10759,19,20,9,10,15,16,46035,23,12,21,22],"class_list":["post-466282","post","type-post","status-publish","format-standard","has-post-thumbnail","category-espana","tag-agencia-tributaria","tag-breaking-news","tag-breakingnews","tag-declaracion-renta","tag-economia","tag-es","tag-espana","tag-featured-news","tag-featurednews","tag-hacienda-publica","tag-headlines","tag-impuestos","tag-irpf","tag-latest-news","tag-latestnews","tag-news","tag-noticias","tag-noticias-destacadas","tag-noticiasdestacadas","tag-salario-minimo","tag-spain","tag-titulares","tag-ultimas-noticias","tag-ultimasnoticias"],"share_on_mastodon":{"url":"https:\/\/pubeurope.com\/@es\/116293101370109043","error":""},"_links":{"self":[{"href":"https:\/\/www.europesays.com\/es\/wp-json\/wp\/v2\/posts\/466282","targetHints":{"allow":["GET"]}}],"collection":[{"href":"https:\/\/www.europesays.com\/es\/wp-json\/wp\/v2\/posts"}],"about":[{"href":"https:\/\/www.europesays.com\/es\/wp-json\/wp\/v2\/types\/post"}],"author":[{"embeddable":true,"href":"https:\/\/www.europesays.com\/es\/wp-json\/wp\/v2\/users\/2"}],"replies":[{"embeddable":true,"href":"https:\/\/www.europesays.com\/es\/wp-json\/wp\/v2\/comments?post=466282"}],"version-history":[{"count":0,"href":"https:\/\/www.europesays.com\/es\/wp-json\/wp\/v2\/posts\/466282\/revisions"}],"wp:featuredmedia":[{"embeddable":true,"href":"https:\/\/www.europesays.com\/es\/wp-json\/wp\/v2\/media\/466283"}],"wp:attachment":[{"href":"https:\/\/www.europesays.com\/es\/wp-json\/wp\/v2\/media?parent=466282"}],"wp:term":[{"taxonomy":"category","embeddable":true,"href":"https:\/\/www.europesays.com\/es\/wp-json\/wp\/v2\/categories?post=466282"},{"taxonomy":"post_tag","embeddable":true,"href":"https:\/\/www.europesays.com\/es\/wp-json\/wp\/v2\/tags?post=466282"}],"curies":[{"name":"wp","href":"https:\/\/api.w.org\/{rel}","templated":true}]}}