{"id":46634,"date":"2025-08-14T10:03:07","date_gmt":"2025-08-14T10:03:07","guid":{"rendered":"https:\/\/www.europesays.com\/es\/46634\/"},"modified":"2025-08-14T10:03:07","modified_gmt":"2025-08-14T10:03:07","slug":"los-miuras-para-la-vii-corrida-magallanica-de-sanlucar-de-barrameda","status":"publish","type":"post","link":"https:\/\/www.europesays.com\/es\/46634\/","title":{"rendered":"Los miuras para la VII Corrida Magall\u00e1nica de Sanl\u00facar de Barrameda"},"content":{"rendered":"<p>Los toros de <strong>Miura<\/strong> vuelven a ser los protagonistas de la <strong>Corrida Magall\u00e1nica<\/strong>, que se celebra este domingo en la plaza gaditana de <strong>Sanl\u00facar de Barrameda <\/strong>y que este a\u00f1o alcanza su s\u00e9ptima edici\u00f3n. Ahechador, Tunantito, Lobito, Infundio, Galipo, Mirlito y Domito conforman una corrida seria que ser\u00e1 estoqueada\u00a0por <strong>Pepe Moral<\/strong> y <strong>Esa\u00fa<\/strong> <strong>Fern\u00e1ndez<\/strong>, dos toreros habituales con este hierro, y <strong>El Fandi<\/strong>, que vuelve a anunciarse con ellos tras hacerlo la pasada temporada en <strong>Sevilla<\/strong>. En la galer\u00eda adjunta a estas l\u00edneas pueden ver los toros rese\u00f1ados.<\/p>\n","protected":false},"excerpt":{"rendered":"Los toros de Miura vuelven a ser los protagonistas de la Corrida Magall\u00e1nica, que se celebra este domingo&hellip;\n","protected":false},"author":2,"featured_media":46635,"comment_status":"","ping_status":"","sticky":false,"template":"","format":"standard","meta":{"footnotes":""},"categories":[277],"tags":[45,373,21478,168,25,24,8481,1226,1227,12167,23,167,625,374],"class_list":{"0":"post-46634","1":"post","2":"type-post","3":"status-publish","4":"format-standard","5":"has-post-thumbnail","7":"category-toreo","8":"tag-45","9":"tag-bullfighting","10":"tag-corrida-magallanica","11":"tag-deportes","12":"tag-es","13":"tag-espana","14":"tag-miura","15":"tag-noticias-de-toros","16":"tag-noticias-taurinas","17":"tag-sanlucar-de-barrameda","18":"tag-spain","19":"tag-sports","20":"tag-tauromaquia","21":"tag-toreo"},"share_on_mastodon":{"url":"","error":""},"_links":{"self":[{"href":"https:\/\/www.europesays.com\/es\/wp-json\/wp\/v2\/posts\/46634","targetHints":{"allow":["GET"]}}],"collection":[{"href":"https:\/\/www.europesays.com\/es\/wp-json\/wp\/v2\/posts"}],"about":[{"href":"https:\/\/www.europesays.com\/es\/wp-json\/wp\/v2\/types\/post"}],"author":[{"embeddable":true,"href":"https:\/\/www.europesays.com\/es\/wp-json\/wp\/v2\/users\/2"}],"replies":[{"embeddable":true,"href":"https:\/\/www.europesays.com\/es\/wp-json\/wp\/v2\/comments?post=46634"}],"version-history":[{"count":0,"href":"https:\/\/www.europesays.com\/es\/wp-json\/wp\/v2\/posts\/46634\/revisions"}],"wp:featuredmedia":[{"embeddable":true,"href":"https:\/\/www.europesays.com\/es\/wp-json\/wp\/v2\/media\/46635"}],"wp:attachment":[{"href":"https:\/\/www.europesays.com\/es\/wp-json\/wp\/v2\/media?parent=46634"}],"wp:term":[{"taxonomy":"category","embeddable":true,"href":"https:\/\/www.europesays.com\/es\/wp-json\/wp\/v2\/categories?post=46634"},{"taxonomy":"post_tag","embeddable":true,"href":"https:\/\/www.europesays.com\/es\/wp-json\/wp\/v2\/tags?post=46634"}],"curies":[{"name":"wp","href":"https:\/\/api.w.org\/{rel}","templated":true}]}}