{"id":466548,"date":"2026-03-26T06:14:31","date_gmt":"2026-03-26T06:14:31","guid":{"rendered":"https:\/\/www.europesays.com\/es\/466548\/"},"modified":"2026-03-26T06:14:31","modified_gmt":"2026-03-26T06:14:31","slug":"muchas-explotaciones-de-vacuno-de-leche","status":"publish","type":"post","link":"https:\/\/www.europesays.com\/es\/466548\/","title":{"rendered":"muchas explotaciones de vacuno de leche &#8230;"},"content":{"rendered":"<p>            <a href=\"https:\/\/www.agropopular.com\/wp-content\/audios_agropopular\/2025\/12\/362-VACUNO-24.jpg\" data-caption=\"\" rel=\"nofollow noopener\" target=\"_blank\"><img loading=\"lazy\" decoding=\"async\" width=\"696\" height=\"522\" class=\"entry-thumb td-modal-image\" src=\"https:\/\/www.europesays.com\/es\/wp-content\/uploads\/2026\/03\/362-VACUNO-24-696x522.jpg\"   alt=\"Agromuralla: muchas granjas van a cerrar\" title=\"Agromuralla\"\/><\/a><\/p>\n<p>Las organizaciones agrarias est\u00e1n denunciando la intenci\u00f3n de las industrias l\u00e1cteas de rebajar de forma significativa el precio de la leche en los contratos que deben renovarse en las pr\u00f3ximas semanas. En <a href=\"https:\/\/www.agropopular.com\/agromuralla-lacteos-200326\/\" rel=\"nofollow noopener\" target=\"_blank\">Galicia las asociaciones<\/a> OPL y Agromuralla han denunciado que Leche R\u00edo, <a href=\"https:\/\/www.lactalis.es\/\" target=\"_blank\" rel=\"noopener nofollow\">Lactalis<\/a> y Naturleite plantean bajadas de entre 7 y 9 c\u00e9ntimos de euro.<\/p>\n<p><strong>Noelia Rodr\u00edguez<\/strong>, presidenta de Agromuralla, se\u00f1al\u00f3 que los contratos todav\u00eda no se han firmado, pero tienen las ofertas de m\u00e1s industrias -aparte de las citadas- y, a excepci\u00f3n de Entrepinares, que anunci\u00f3 una bajada de 5,5 c\u00e9ntimos por litro, las dem\u00e1s oscilan entre 7 y 9 c\u00e9ntimos por litro.<\/p>\n<p>La ganadera record\u00f3 que a esta bajada de leche hay que sumarle el incremento de los costes de producci\u00f3n, teniendo en cuenta las subidas que est\u00e1 teniendo el gas\u00f3leo, los fertilizantes o la energ\u00eda y que, adem\u00e1s, se prev\u00e9 que vaya a seguir subiendo. Seg\u00fan Rodr\u00edguez, las p\u00e9rdidas acumuladas no van a ser solo de esos 7 o 9 c\u00e9ntimos por la rebaja del precio de la leche, sino que se van a duplicar. \u00abEstaremos entre los 14 y 16 c\u00e9ntimos de p\u00e9rdidas\u00bb.<\/p>\n<p><strong>La presidenta de Agromuralla record\u00f3 que a esta bajada de leche hay que sumarle el incremento de los costes de producci\u00f3n, teniendo en cuenta las subidas que est\u00e1 teniendo el gas\u00f3leo, los fertilizantes o la energ\u00eda<\/strong><\/p>\n<p>Desde Agromuralla reclaman a las industrias que reconsideren su postura. \u00abSeg\u00fan los datos que barajamos nosotros, no est\u00e1 justificada esta bajada en el contexto espa\u00f1ol. La situaci\u00f3n que tenemos en Espa\u00f1a es diferente a la que hay en los dem\u00e1s pa\u00edses europeos\u00bb.<\/p>\n<p>Por ello, \u00abpedimos que reconsideren su postura y que el precio de la leche no baje en este momento\u00bb. Se prev\u00e9 que aumenten los costes de producci\u00f3n mientras el conflicto b\u00e9lico con Ir\u00e1n y las turbulencias geopol\u00edticas que tenemos a nivel internacional no se calmen y \u00abeste batacazo\u00bb para las granjas va a ser muy fuerte.<\/p>\n<p>De hecho, la ganadera concluy\u00f3 se\u00f1alando que con los contratos que acaban de recibir, muchas granjas se est\u00e1n planteando \u00abcerrar sus puertas, deshacerse de los animales y dejar de producir\u00bb.<\/p>\n<p><strong>Escucha la entrevista con Noelia Rodr\u00edguez, presidenta de AgroMuralla<\/strong><br \/>\n<a href=\"https:\/\/www.agropopular.com\/wp-content\/audios_agropopular\/2026\/03\/noelia.mp3\" rel=\"nofollow noopener\" target=\"_blank\">https:\/\/www.agropopular.com\/wp-content\/audios_agropopular\/2026\/03\/noelia.mp3<\/a><\/p>\n<p><a href=\"#\"><img decoding=\"async\" src=\"https:\/\/www.europesays.com\/es\/wp-content\/uploads\/2026\/03\/banner-agropopular-post.gif\"\/><\/a><\/p>\n<p>Todos los derechos reservados. Queda prohibido reproducir, distribuir, comunicar p\u00fablicamente o transformar, todo o parte del contenido de este sitio web, incluido, pero no limitado a, los textos, las fotos y los videos, sin el permiso previo y por escrito de Informativos Agrarios S.L.        <\/p>\n","protected":false},"excerpt":{"rendered":"Las organizaciones agrarias est\u00e1n denunciando la intenci\u00f3n de las industrias l\u00e1cteas de rebajar de forma significativa el precio&hellip;\n","protected":false},"author":2,"featured_media":466549,"comment_status":"","ping_status":"","sticky":false,"template":"","format":"standard","meta":{"footnotes":""},"categories":[8],"tags":[94999,17,18,25,24,13,14,1949,11,19,20,3211,9,10,15,16,8038,23,12,21,22],"class_list":["post-466548","post","type-post","status-publish","format-standard","has-post-thumbnail","category-espana","tag-agromuralla","tag-breaking-news","tag-breakingnews","tag-es","tag-espana","tag-featured-news","tag-featurednews","tag-ganaderia","tag-headlines","tag-latest-news","tag-latestnews","tag-leche","tag-news","tag-noticias","tag-noticias-destacadas","tag-noticiasdestacadas","tag-precios","tag-spain","tag-titulares","tag-ultimas-noticias","tag-ultimasnoticias"],"share_on_mastodon":{"url":"https:\/\/pubeurope.com\/@es\/116294010028997424","error":""},"_links":{"self":[{"href":"https:\/\/www.europesays.com\/es\/wp-json\/wp\/v2\/posts\/466548","targetHints":{"allow":["GET"]}}],"collection":[{"href":"https:\/\/www.europesays.com\/es\/wp-json\/wp\/v2\/posts"}],"about":[{"href":"https:\/\/www.europesays.com\/es\/wp-json\/wp\/v2\/types\/post"}],"author":[{"embeddable":true,"href":"https:\/\/www.europesays.com\/es\/wp-json\/wp\/v2\/users\/2"}],"replies":[{"embeddable":true,"href":"https:\/\/www.europesays.com\/es\/wp-json\/wp\/v2\/comments?post=466548"}],"version-history":[{"count":0,"href":"https:\/\/www.europesays.com\/es\/wp-json\/wp\/v2\/posts\/466548\/revisions"}],"wp:featuredmedia":[{"embeddable":true,"href":"https:\/\/www.europesays.com\/es\/wp-json\/wp\/v2\/media\/466549"}],"wp:attachment":[{"href":"https:\/\/www.europesays.com\/es\/wp-json\/wp\/v2\/media?parent=466548"}],"wp:term":[{"taxonomy":"category","embeddable":true,"href":"https:\/\/www.europesays.com\/es\/wp-json\/wp\/v2\/categories?post=466548"},{"taxonomy":"post_tag","embeddable":true,"href":"https:\/\/www.europesays.com\/es\/wp-json\/wp\/v2\/tags?post=466548"}],"curies":[{"name":"wp","href":"https:\/\/api.w.org\/{rel}","templated":true}]}}