{"id":466840,"date":"2026-03-26T10:05:14","date_gmt":"2026-03-26T10:05:14","guid":{"rendered":"https:\/\/www.europesays.com\/es\/466840\/"},"modified":"2026-03-26T10:05:14","modified_gmt":"2026-03-26T10:05:14","slug":"espinosa-de-los-monteros-afirma-que-vox-le-ha-abierto-expediente-para-expulsarlo-del-partido","status":"publish","type":"post","link":"https:\/\/www.europesays.com\/es\/466840\/","title":{"rendered":"Espinosa de los Monteros afirma que Vox le ha abierto expediente para expulsarlo del partido"},"content":{"rendered":"<p class=\"article-text\">\n        Iv\u00e1n Espinosa de los Monteros, que tiene el carnet de afiliado n\u00famero cinco de Vox \u2014justo despu\u00e9s de Abascal\u2014, ha asegurado este jueves que Vox le comunic\u00f3 el lunes la apertura de un expediente de expulsi\u00f3n del partido. Ocurri\u00f3, seg\u00fan Espinosa de los Monteros, dos horas y media despu\u00e9s de que Juan Manuel Moreno Bonilla convocase las elecciones de Andaluc\u00eda el lunes.\n    <\/p>\n<p>    <a href=\"https:\/\/www.eldiario.es\/politica\/sanchez-marca-paso-feijoo-abascal-no-guerra-amarra-rebaja-fiscal-pese-recelos-izquierda_1_13098304.html\" data-mrf-recirculation=\"saber-mas\" data-dl-event=\"saber-mas\" rel=\"nofollow noopener\" target=\"_blank\"><\/p>\n<p class=\"know-more__title\">S\u00e1nchez marca el paso a Feij\u00f3o y Abascal con el \u2018no a la guerra\u2019 y amarra la rebaja fiscal pese a los recelos de la izquierda<\/p>\n<p>            <img decoding=\"async\" class=\"lazy\" loading=\"lazy\" data-src=\"https:\/\/static.eldiario.es\/clip\/013ea41d-4e60-4c8e-acde-5184e6475edf_16-9-aspect-ratio_default_0.jpg\" src=\"data:image\/svg+xml,%3Csvg xmlns=\" http:=\"\" viewbox=\"0 0 880 495\" alt=\"S\u00e1nchez marca el paso a Feij\u00f3o y Abascal con el \u2018no a la guerra\u2019 y amarra la rebaja fiscal pese a los recelos de la izquierda\"\/><\/p>\n<p>                        <\/a><\/p>\n<p class=\"article-text\">\n        Espinosa de los Monteros dej\u00f3 la direcci\u00f3n del partido en 2023 y es uno de los exdirigentes m\u00e1s cr\u00edticos con la deriva de Vox. Hace unas semanas aseguraba en una entrevista en Cope que la formaci\u00f3n \u201cbusca que nadie sea reconocible\u201d y que sea un \u201cpartido-marca en que solo un l\u00edder aparezca en todas las elecciones como \u00fanico candidato\u201d, en referencia a Abascal.\n    <\/p>\n<blockquote class=\"twitter-tweet\" data-lang=\"es\"><p><a href=\"https:\/\/twitter.com\/X\/status\/2037062811491205439?ref_src=twsrc%5Etfw\" rel=\"nofollow noopener\" target=\"_blank\"><\/p><\/blockquote>\n<p class=\"article-text\">\n        En esa misma entrevista apunt\u00f3 al n\u00facleo de \u201cgente desconocida para el p\u00fablico\u201d y no afiliada a Vox que ahora lleva los mandos de Vox: \u201cSe ha cerrado en un grupo min\u00fasculo de gente desconocida para el gran p\u00fablico. De gente que no pertenece al partido. Los que est\u00e1n en esa camarilla no son afiliados, no son conocidos, pero son los que toman las decisiones. Un partido que funciona as\u00ed, \u00bfc\u00f3mo va a gobernar?\u201d.\n    <\/p>\n<p class=\"article-text\">\n        En las \u00faltimas semanas, el que fuera tambi\u00e9n secretario general de Vox <a href=\"https:\/\/www.eldiario.es\/politica\/espinosa-ortega-smith-criticos-piden-congreso-extraordinario-vox-debatir-futuro-partido_1_13076825.html\" target=\"_blank\" data-mrf-recirculation=\"links-noticia\" class=\"link\" rel=\"nofollow noopener\">lanz\u00f3 un manifiesto<\/a>, junto a otros exdirigentes y cr\u00edticos con la direcci\u00f3n nacional, como Javier Ortega Smith, para la celebraci\u00f3n de un congreso abierto a todos los afiliados para debatir sobre la estrategia del proyecto pol\u00edtico y los \u00e1mbitos de mejora en la organizaci\u00f3n. En ese manifiesto reclamaban \u201cuna explicaci\u00f3n pol\u00edtica seria\u201d sobre los cambios de orientaci\u00f3n de los \u00faltimos a\u00f1os y un \u201ccontraste abierto sobre su sentido, su alcance y su compatibilidad con las ideas fundacionales del proyecto\u201d.\n    <\/p>\n<p class=\"article-text\">\n        Han sido meses de actividad para el exportavoz parlamentario de Vox, que present\u00f3 en septiembre un nuevo \u2018think tank\u2019 de la derecha, Atenea, para contribuir con \u201cideas y soluciones\u201d para \u201cfortalecer la sociedad\u201d. Arroparon su proyecto <a href=\"https:\/\/www.eldiario.es\/politica\/dirigentes-pp-aldama-daniel-esteve-ortega-smith-arropan-nuevo-proyecto-espinosa-monteros_1_12633594.html\" target=\"_blank\" data-mrf-recirculation=\"links-noticia\" class=\"link\" rel=\"nofollow noopener\">dirigentes del PP, Aldama, Daniel Esteve y Ortega Smith.<\/a>\n    <\/p>\n<p>    <a href=\"https:\/\/www.eldiario.es\/politica\/espinosa-monteros-afirma-abascal-acalla-dirigentes-capacidad-liderazgo-busca-no-haya-nadie-reconocible_1_13025295.html\" data-mrf-recirculation=\"saber-mas-abajo\" data-dl-event=\"saber-mas-abajo\" rel=\"nofollow noopener\" target=\"_blank\"><\/p>\n<p class=\"know-more__title\">Espinosa de los Monteros afirma que Abascal acalla a los dirigentes con \u201ccapacidad de liderazgo\u201d: \u201cBusca que no haya nadie reconocible\u201d\n<\/p>\n<p>            <img decoding=\"async\" class=\"lazy\" loading=\"lazy\" data-src=\"https:\/\/static.eldiario.es\/clip\/ff23b24e-d0a0-4061-9a86-dfe578d60588_16-9-aspect-ratio_default_0.jpg\" src=\"data:image\/svg+xml,%3Csvg xmlns=\" http:=\"\" viewbox=\"0 0 880 495\" alt=\"Espinosa de los Monteros afirma que Abascal acalla a los dirigentes con &quot;capacidad de liderazgo&quot;: &quot;Busca que no haya nadie reconocible&quot;\"\/><\/p>\n<p>                        <\/a><\/p>\n<p class=\"article-text\">\n        Precisamente Ortega Smith fue expulsado a principios de marzo de Vox. El Comit\u00e9 de Garant\u00edas se\u00f1al\u00f3 que hab\u00eda cometido una \u201cinfracci\u00f3n muy grave\u201d y \u00e9l lo ha recurrido, adem\u00e1s de denunciar al partido ante la Agencia de Protecci\u00f3n de Datos por filtrar su expediente. Ortega Smith frustr\u00f3 su relevo en la portavoc\u00eda de la formaci\u00f3n en el Ayuntamiento de Madrid, lo que provoc\u00f3 que fuera expedientado por desobediencia y suspendido de militancia.\n    <\/p>\n<p>                                        <script async src=\"https:\/\/platform.twitter.com\/widgets.js\" charset=\"utf-8\"><\/script><\/p>\n","protected":false},"excerpt":{"rendered":"Iv\u00e1n Espinosa de los Monteros, que tiene el carnet de afiliado n\u00famero cinco de Vox \u2014justo despu\u00e9s de&hellip;\n","protected":false},"author":2,"featured_media":466841,"comment_status":"","ping_status":"","sticky":false,"template":"","format":"standard","meta":{"footnotes":""},"categories":[5],"tags":[1046,17511,17,18,25,24,96118,11569,96120,13,14,11,19,20,3294,96119,9,10,15,16,1045,23,12,21,22,624],"class_list":["post-466840","post","type-post","status-publish","format-standard","has-post-thumbnail","category-titulares","tag-abierto","tag-afirma","tag-breaking-news","tag-breakingnews","tag-es","tag-espana","tag-espinosa","tag-expediente","tag-expulsarlo","tag-featured-news","tag-featurednews","tag-headlines","tag-latest-news","tag-latestnews","tag-le","tag-monteros","tag-news","tag-noticias","tag-noticias-destacadas","tag-noticiasdestacadas","tag-partido","tag-spain","tag-titulares","tag-ultimas-noticias","tag-ultimasnoticias","tag-vox"],"share_on_mastodon":{"url":"https:\/\/pubeurope.com\/@es\/116294918255956417","error":""},"_links":{"self":[{"href":"https:\/\/www.europesays.com\/es\/wp-json\/wp\/v2\/posts\/466840","targetHints":{"allow":["GET"]}}],"collection":[{"href":"https:\/\/www.europesays.com\/es\/wp-json\/wp\/v2\/posts"}],"about":[{"href":"https:\/\/www.europesays.com\/es\/wp-json\/wp\/v2\/types\/post"}],"author":[{"embeddable":true,"href":"https:\/\/www.europesays.com\/es\/wp-json\/wp\/v2\/users\/2"}],"replies":[{"embeddable":true,"href":"https:\/\/www.europesays.com\/es\/wp-json\/wp\/v2\/comments?post=466840"}],"version-history":[{"count":0,"href":"https:\/\/www.europesays.com\/es\/wp-json\/wp\/v2\/posts\/466840\/revisions"}],"wp:featuredmedia":[{"embeddable":true,"href":"https:\/\/www.europesays.com\/es\/wp-json\/wp\/v2\/media\/466841"}],"wp:attachment":[{"href":"https:\/\/www.europesays.com\/es\/wp-json\/wp\/v2\/media?parent=466840"}],"wp:term":[{"taxonomy":"category","embeddable":true,"href":"https:\/\/www.europesays.com\/es\/wp-json\/wp\/v2\/categories?post=466840"},{"taxonomy":"post_tag","embeddable":true,"href":"https:\/\/www.europesays.com\/es\/wp-json\/wp\/v2\/tags?post=466840"}],"curies":[{"name":"wp","href":"https:\/\/api.w.org\/{rel}","templated":true}]}}