{"id":466989,"date":"2026-03-26T12:05:08","date_gmt":"2026-03-26T12:05:08","guid":{"rendered":"https:\/\/www.europesays.com\/es\/466989\/"},"modified":"2026-03-26T12:05:08","modified_gmt":"2026-03-26T12:05:08","slug":"pistas-de-tenis-en-el-santiago-bernabeu-para-el-mutua-madrid-open-tenis-deportes","status":"publish","type":"post","link":"https:\/\/www.europesays.com\/es\/466989\/","title":{"rendered":"Pistas de tenis en el Santiago Bernab\u00e9u para el Mutua Madrid Open | Tenis | Deportes"},"content":{"rendered":"<p class=\"\">El Real Madrid y el Mutua Madrid Open ultiman un acuerdo por el que el c\u00e9sped del estadio Bernab\u00e9u se transformar\u00eda, entre el 23 y el 30 de abril, en una pista de tenis para acoger entrenamientos de los jugadores participantes en el <a href=\"https:\/\/elpais.com\/deportes\/tenis\/2025-05-04\/por-fin-ruud-el-tipo-normal-se-corona-en-la-caja-magica.html\" target=\"_self\" rel=\"nofollow noopener\" title=\"https:\/\/elpais.com\/deportes\/tenis\/2025-05-04\/por-fin-ruud-el-tipo-normal-se-corona-en-la-caja-magica.html\">Mutua Madrid Open<\/a>, que se disputar\u00e1 en la capital espa\u00f1ola del 20 de abril al 3 de mayo.<\/p>\n<p class=\"\">Seg\u00fan pudo saber Efe en fuentes de la negociaci\u00f3n, en las pr\u00f3ximas horas se cerrar\u00e1 formalmente un acuerdo que permitir\u00e1 por primera vez ver transformado el vanguardista c\u00e9sped del estadio en una pista de tenis. Hasta la fecha, habr\u00eda exhibido otro uso diferente con la <a href=\"https:\/\/elpais.com\/deportes\/2026-02-02\/la-nfl-volvera-al-bernabeu-con-un-partido-este-ano-y-otro-en-2027.html\" target=\"_self\" rel=\"nofollow noopener\" title=\"https:\/\/elpais.com\/deportes\/2026-02-02\/la-nfl-volvera-al-bernabeu-con-un-partido-este-ano-y-otro-en-2027.html\">presencia de la NFL<\/a>.<\/p>\n<p class=\"\">El diario Marca avanz\u00f3 una informaci\u00f3n que a\u00f1ad\u00eda adem\u00e1s la cercan\u00eda del hotel Eurobuilding, donde se alojan los tenistas, como elemento a\u00f1adido para facilitar la log\u00edstica por su cercan\u00eda con el estadio. Durante esos d\u00edas, algunas de las principales figuras del torneo podr\u00edan preparar as\u00ed sus partidos en el recinto madridista, mientras la competici\u00f3n oficial seguir\u00eda desarroll\u00e1ndose en la Caja M\u00e1gica.<\/p>\n<p>M\u00e1s informaci\u00f3n<\/p>\n<p class=\"\">El c\u00e9sped del estadio ser podr\u00eda retirar tras el pr\u00f3ximo partido liguero <a href=\"https:\/\/elpais.com\/deportes\/futbol\/2026-03-24\/los-medicos-del-madrid-se-equivocaron-de-rodilla-en-el-diagnostico-inicial-de-mbappe-lo-que-retraso-su-recuperacion.html\" target=\"_self\" rel=\"nofollow noopener\" title=\"https:\/\/elpais.com\/deportes\/futbol\/2026-03-24\/los-medicos-del-madrid-se-equivocaron-de-rodilla-en-el-diagnostico-inicial-de-mbappe-lo-que-retraso-su-recuperacion.html\">del Real Madrid <\/a>frente al Deportivo Alav\u00e9s, que se jugar\u00e1 entre semana el 21 o el 22 de abril, lo que permitir\u00e1 adaptar el espacio para los entrenamientos de tenis.<\/p>\n<p class=\"\">El torneo madrile\u00f1o reunir\u00e1 a algunas de las mejores raquetas del circuito, entre ellas los vigentes campeones, el noruego Casper Ruud en categor\u00eda masculina y la bielorrusa <a href=\"https:\/\/elpais.com\/deportes\/tenis\/2026-03-15\/la-unica-excesiva-y-necesaria-sabalenka.html\" target=\"_self\" rel=\"nofollow noopener\" title=\"https:\/\/elpais.com\/deportes\/tenis\/2026-03-15\/la-unica-excesiva-y-necesaria-sabalenka.html\">Aryna Sabalenka<\/a> en femenina. La utilizaci\u00f3n del Bernab\u00e9u como sede de entrenamientos coincide con un tramo del calendario en el que el Real Madrid disputar\u00e1 varios partidos como visitante en LaLiga, lo que facilitar\u00e1 la disponibilidad del estadio durante el desarrollo del torneo.<\/p>\n","protected":false},"excerpt":{"rendered":"El Real Madrid y el Mutua Madrid Open ultiman un acuerdo por el que el c\u00e9sped del estadio&hellip;\n","protected":false},"author":2,"featured_media":466990,"comment_status":"","ping_status":"","sticky":false,"template":"","format":"standard","meta":{"footnotes":""},"categories":[274],"tags":[545,1540,168,25,24,24865,48355,11268,23,167,327,11759,326],"class_list":["post-466989","post","type-post","status-publish","format-standard","has-post-thumbnail","category-tenis","tag-carlos-alcaraz","tag-competiciones","tag-deportes","tag-es","tag-espana","tag-estadio-santiago-bernabeu","tag-mutua-madrid-open","tag-nfl","tag-spain","tag-sports","tag-tenis","tag-tenistas","tag-tennis"],"share_on_mastodon":{"url":"https:\/\/pubeurope.com\/@es\/116295390399137612","error":""},"_links":{"self":[{"href":"https:\/\/www.europesays.com\/es\/wp-json\/wp\/v2\/posts\/466989","targetHints":{"allow":["GET"]}}],"collection":[{"href":"https:\/\/www.europesays.com\/es\/wp-json\/wp\/v2\/posts"}],"about":[{"href":"https:\/\/www.europesays.com\/es\/wp-json\/wp\/v2\/types\/post"}],"author":[{"embeddable":true,"href":"https:\/\/www.europesays.com\/es\/wp-json\/wp\/v2\/users\/2"}],"replies":[{"embeddable":true,"href":"https:\/\/www.europesays.com\/es\/wp-json\/wp\/v2\/comments?post=466989"}],"version-history":[{"count":0,"href":"https:\/\/www.europesays.com\/es\/wp-json\/wp\/v2\/posts\/466989\/revisions"}],"wp:featuredmedia":[{"embeddable":true,"href":"https:\/\/www.europesays.com\/es\/wp-json\/wp\/v2\/media\/466990"}],"wp:attachment":[{"href":"https:\/\/www.europesays.com\/es\/wp-json\/wp\/v2\/media?parent=466989"}],"wp:term":[{"taxonomy":"category","embeddable":true,"href":"https:\/\/www.europesays.com\/es\/wp-json\/wp\/v2\/categories?post=466989"},{"taxonomy":"post_tag","embeddable":true,"href":"https:\/\/www.europesays.com\/es\/wp-json\/wp\/v2\/tags?post=466989"}],"curies":[{"name":"wp","href":"https:\/\/api.w.org\/{rel}","templated":true}]}}