{"id":467363,"date":"2026-03-26T16:45:16","date_gmt":"2026-03-26T16:45:16","guid":{"rendered":"https:\/\/www.europesays.com\/es\/467363\/"},"modified":"2026-03-26T16:45:16","modified_gmt":"2026-03-26T16:45:16","slug":"es-mi-ano-mas-feliz-por-todo-lo-que-rodea-al-futbol-y-por-lo-que-no-tambien","status":"publish","type":"post","link":"https:\/\/www.europesays.com\/es\/467363\/","title":{"rendered":"Es mi a\u00f1o m\u00e1s feliz por todo lo que rodea al f\u00fatbol y por lo que no, tambi\u00e9n"},"content":{"rendered":"<p class=\"ft-text ft-helper-closenews\"><strong>Dani Mart\u00edn <\/strong>es uno de los art\u00edfices del exitoso curso del<strong> Club Deportivo Tenerife <\/strong>y en esta entrevista decide hablar m\u00e1s claro que nunca. El arquero ha querido visibilizar <strong>la importancia de la salud mental<\/strong> tanto en el deporte como en la vida y revela el paso dif\u00edcil que dejo atr\u00e1s para volver a ser feliz y para alcanzar su mejor nivel como futbolista.<\/p>\n<p>En el \u00faltimo partido fue el mejor de su equipo y adem\u00e1s hizo una parada decisiva para dejar los puntos en casa. \u00bfEst\u00e1 siendo el a\u00f1o m\u00e1s feliz de la carrera de Dani Mart\u00edn?<\/p>\n<p class=\"ft-text\">Ya no es solo por la parada del otro d\u00eda, sino por c\u00f3mo se est\u00e1 dando el a\u00f1o y por la suerte que tengo por compartir vestuario con los compa\u00f1eros que tengo. Todo suma, est\u00e1 claro, y la Isla me ha recibido y me est\u00e1 dando un trato incre\u00edble, me he adaptado muy bien y eso influye para que mi rendimiento sea bueno. De alg\u00fan modo, te dir\u00eda que todo encaja para que est\u00e9 siendo feliz. Es un conjunto de cosas. Todas las temporadas son diferentes unas a otras, y este a\u00f1o sin duda me est\u00e1 tocando disfrutar.<\/p>\n<p>\u00bfDesde cu\u00e1ndo no ten\u00eda estas sensaciones?<\/p>\n<p class=\"ft-text\">Hay mil situaciones que conforman cada temporada. Pero s\u00ed es cierto que no me encontraba as\u00ed desde que era juvenil, o el a\u00f1o que estuvimos en Segunda B, nada m\u00e1s aterrizar desde Tercera. Ah\u00ed tambi\u00e9n ten\u00edamos un grupo incre\u00edble y te dir\u00eda que pr\u00e1cticamente son las mismas sensaciones que estoy encontrando ahora. Lo que pasa es que este a\u00f1o acabo de llegar y quiz\u00e1s por eso este estado de confianza, de seguridad y de felicidad me sorprende incluso a m\u00ed mismo. Estoy muy contento, esa es la verdad.<\/p>\n<blockquote class=\"ft-mol-quote\" data-aida-quote=\"\"><p>\u00abEl a\u00f1o pasado falleci\u00f3 nuestra hija en el parto y no estaba para jugar, sino para tomarme una baja\u00bb<\/p><\/blockquote>\n<p><img decoding=\"async\" src=\"https:\/\/www.europesays.com\/es\/wp-content\/uploads\/2026\/03\/bc1565a3-5eaa-4589-aa27-8c32d6583681_alta-libre-aspect-ratio_default_0_x1013y1684.jpg\" width=\"1200\" height=\"1500\" alt=\"Dani Mart\u00edn en el momento de parar la pena m\u00e1xima ante el Castilla\" class=\"ft-helper-img-rd\" loading=\"lazy\" fetchpriority=\"auto\"\/><\/p>\n<p class=\"ft-helper-fontColor-quaternary ft-helper-fontSize-body-S ft-helper-spacer-t-xxs\">Dani Mart\u00edn en el momento de parar la pena m\u00e1xima ante el Castilla  \/ CD Tenerife<\/p>\n<p>Y a la hora de afrontar un penalti, \u00bfsigue gui\u00e1ndose por la intuici\u00f3n m\u00e1s que por los datos?<\/p>\n<p class=\"ft-text\">S\u00ed, s\u00ed, totalmente. El domingo, nada m\u00e1s que el \u00e1rbitro confirm\u00f3 el penalti ten\u00eda claro en mi cabeza tirarme a mi izquierda. Pero seg\u00fan empez\u00f3 a correr el delantero (Ander Yoldi), me dije a m\u00ed mismo: \u00aba la izquierda no, a la derecha\u00bb. Este a\u00f1o estoy confiando mucho en m\u00ed, en mi intuici\u00f3n, y por supuesto ayuda mucho tener confianza y fe en uno mismo. Nosotros estudiamos mucho los penaltis, pero creo que los delanteros eso lo saben; y al final, es una cuesti\u00f3n de instinto. Porque igual que el portero piensa que el delantero va a tirarlo a la izquierda porque lo ha hecho diez veces al mismo lado, a lo mejor el delantero piensa en cambiar porque sabe que le han estudiado.<\/p>\n<p>\u00bfY qu\u00e9 se siente cuando entra en contacto el guante con la pelota y ya el portero sabe que ha parado el penalti? <\/p>\n<p class=\"ft-text\">Es muy complicado definirlo. Supongo que ser\u00e1 muy parecido a meter un gol, pero la diferencia es que cuando metes, la acci\u00f3n finaliza. En nuestro caso no, porque el bal\u00f3n sigue rodando. En los dos que he parado [el anterior fue ante el Real Madrid Castilla] he desviado bien el rechace a un lateral, pero luego ha seguido el juego y no he podido pararme a celebrar con los compa\u00f1eros. S\u00ed te puedo asegurar que la adrenalina se va por las nubes, supongo que lo mismo que le ocurre al delantero cuando logra marcar.<\/p>\n<p>Van ya dos penaltis neutralizados y los dos con la banda sonora del Heliodoro, que rugi\u00f3 en ambas ocasiones. \u00bfSe par\u00f3 a escuchar la reacci\u00f3n de la grada?<\/p>\n<p class=\"ft-text\">Fue incre\u00edble. Tenemos la suerte de contar con una afici\u00f3n impresionante, que adem\u00e1s en mi caso me ha acogido y apoyado desde el primer momento de manera absoluta. Si a eso le sumas que las cosas a nivel colectivo est\u00e1n saliendo muy bien, el v\u00ednculo afici\u00f3n-equipo se est\u00e1 reforzando cada vez m\u00e1s. Y eso, a d\u00eda de hoy, eso es imparable. De hecho, el otro d\u00eda fue el Heliodoro el que nos llev\u00f3 a los tres puntos porque nos dio su aliento en los momentos dif\u00edciles. Ese respaldo tan grande es un plus, nos da mucho.<\/p>\n<p>\u00bfLleva la cuenta de las porter\u00edas a cero?<\/p>\n<p class=\"ft-text\">Si te digo la verdad, la he perdido hace cinco o seis partidos. S\u00ed s\u00e9 que ser\u00e1n unas 15 o as\u00ed, sumando por supuesto la de Gabri [fue titular en Lezama]. Eso confirma que el equipo es muy s\u00f3lido y que est\u00e1 haciendo las cosas bien. Al final, es m\u00e9rito de todos.<\/p>\n<blockquote class=\"ft-mol-quote\" data-aida-quote=\"\"><p>\u00abGabri de Vuyst es un diez en todo; siempre tiene una sonrisa y como profesional es inmejorable\u00bb<\/p><\/blockquote>\n<p>Entiendo que un portero se va plenamente feliz a casa cuando, aparte de la victoria, ha hecho bien su trabajo y no ha encajado ning\u00fan gol. En su caso particular, \u00bfsu felicidad es plena solo si queda la porter\u00eda imbatida?<\/p>\n<p class=\"ft-text\">Totalmente. Cuando dejas la porter\u00eda a cero puedes decir que ha salido todo bien. En ese sentido soy perfeccionista, me gusta no tener fallos en ninguna faceta: en el juego de pies, en los balones a\u00e9reos&#8230; No s\u00e9, me gusta cumplir con mi trabajo en todos los lances y acciones del juego. Si no es as\u00ed, s\u00ed que a veces te vas un poco fastidiado o con una sensaci\u00f3n rara. Pero al final somos un equipo: si alguien o algo falla, siempre est\u00e1n los compa\u00f1eros de otra demarcaci\u00f3n para ayudar a que el resultado colectivo sea el \u00f3ptimo. Y eso ha ocurrido muchas veces esta temporada.<\/p>\n<p>\u00bfEn qu\u00e9 faceta dir\u00eda que ha mejorado m\u00e1s desde su estreno en categor\u00eda profesional?<\/p>\n<p class=\"ft-text\">Son muchos elementos los que hacen al buen portero. Es complicada destacarte una, pero pienso que he mejorado en el mando del partido, en la comunicaci\u00f3n con los compa\u00f1eros y en saber dirigir a los dem\u00e1s desde atr\u00e1s. Desde principios de temporada me sent\u00eda muy a gusto en esa faceta y es algo que el resto de jugadores del equipo siempre me agradec\u00edan, as\u00ed que he ido sinti\u00e9ndome muy c\u00f3modo en ese sentido. Luego, tambi\u00e9n es verdad que el paso de los a\u00f1os te va ense\u00f1ando d\u00f3nde y cu\u00e1ndo puedes arriesgar, y cu\u00e1ndo no. Soy de los que piensa que los porteros mejoran con el paso de las temporadas y son m\u00e1s solventes al final que al principio. Eso es por la madurez. Entonces, a cada partido que pasas, m\u00e1s c\u00f3modo y con m\u00e1s confianza te sientes. Al menos, es lo que estoy percibiendo. Personalmente, creo que he mejorado mucho.<\/p>\n<p>En alguna ocasi\u00f3n nos habl\u00f3 en una entrevista de sus problemas de salud mental y de los golpes que le ha dado la vida. Tambi\u00e9n dijo que en alg\u00fan momento le gustar\u00eda visibilizarlo. No s\u00e9 si querr\u00e1 hacerlo ahora.<\/p>\n<p class=\"ft-text\">No te lo coment\u00e9 porque quer\u00eda hablarlo antes con mi mujer. Es un tema muy complicado, pero te lo voy a contar. Yo acabo de ser padre hace un mes y medio, pero es que antes ven\u00eda junto a mi mujer de un embarazo que sali\u00f3 muy mal, y donde falleci\u00f3 nuestra hija en el parto. Es algo que no he contado en ning\u00fan lado, que no hab\u00eda querido comentar p\u00fablicamente en ninguna parte, pero ahora s\u00ed. Es m\u00e1s, cuando yo jugu\u00e9 contra el Tenerife [era futbolista del CD Eldense], hac\u00eda solo un mes que me hab\u00eda pasado eso. Ese d\u00eda yo no estaba para jugar, sino para tomarme la baja indefinida. Sinceramente, no estaba bien. Ni yo, ni mi mujer. Obviamente, nos afect\u00f3 mucho a los dos. En el parto sali\u00f3 todo mal. Luego s\u00ed, te recuperas del golpe. Con el tiempo te vas dando cuenta de que no es un caso aislado, que hay m\u00e1s gente a la que le pasa; pero s\u00ed es cierto es que todo lo rodea a la persona afecta al futbolista. Te dir\u00e9 m\u00e1s. El a\u00f1o pasado, mi relaci\u00f3n con los compa\u00f1eros del club anterior&#8230; es que no ten\u00eda ni ganas de quedar con ellos. No voy a hablar de depresi\u00f3n, pero s\u00ed que acababa el entreno y me entraban ganas de meterme en la cama. Era complicado llegar a casa y&#8230; bueno, fue dif\u00edcil.<\/p>\n<p>Tuvo que ser dur\u00edsimo.<\/p>\n<p class=\"ft-text\">Llegaba a casa y no paraba de llorar. Lo \u00fanico que quer\u00eda era llegar y meterme en la cama. Por supuesto, tambi\u00e9n tuve mis apoyos. Me ayudaron mucho. L\u00f3gicamente, la salud mental s\u00ed tuve que tratarla con un especialista. Notaba que hab\u00eda perdido las ganas de jugar al f\u00fatbol.<\/p>\n<p><img decoding=\"async\" src=\"https:\/\/www.europesays.com\/es\/wp-content\/uploads\/2026\/03\/c275c548-be0b-4f6d-82eb-efa9019ca9f4_alta-libre-aspect-ratio_default_0_x711y1183.jpg\" width=\"1200\" height=\"1800\" alt=\"Dani Mart\u00edn, en Pontevedra.\" class=\"ft-helper-img-rd\" loading=\"lazy\" fetchpriority=\"auto\"\/><\/p>\n<p class=\"ft-helper-fontColor-quaternary ft-helper-fontSize-body-S ft-helper-spacer-t-xxs\">Dani Mart\u00edn, en Pontevedra.  \/ CD Tenerife<\/p>\n<p>Entonces, y vuelvo al inicio, ahora la paternidad y el CD Tenerife le han vuelto a hacer feliz.<\/p>\n<p class=\"ft-text\">S\u00ed (r\u00ede). Ahora soy muy feliz. Por lo bien que me siento en el equipo, lo bien que me tratan los compa\u00f1eros y la magn\u00edfica noticia de la paternidad, ahora va todo de maravilla. Es el a\u00f1o m\u00e1s feliz de mi vida en lo que rodea al f\u00fatbol, y en lo que no, tambi\u00e9n.<\/p>\n<p>\u00bfC\u00f3mo se llama su ni\u00f1a?<\/p>\n<p class=\"ft-text\">Emilia.<\/p>\n<p>\u00bfY es dif\u00edcil compaginar y conciliar los entrenamientos con los cuidados y el tiempo que necesita Emilia?<\/p>\n<p class=\"ft-text\">La vedad es que tengo much\u00edsima suerte. Emilia duerme incre\u00edble por las noches y tiene una madre que est\u00e1 a todo, sobre todo en los d\u00edas previos a partido, que a lo mejor tengo yo que descansar un poco m\u00e1s. Estoy teniendo una fortuna incre\u00edble y hay que darle, y mucho, las gracias a mi mujer. Se est\u00e1 portando mucho.<\/p>\n<blockquote class=\"ft-mol-quote\" data-aida-quote=\"\"><p>\u00abHe mejorado en la comunicaci\u00f3n con los compa\u00f1eros y en saber c\u00f3mo dirigir al equipo desde atr\u00e1s\u00bb<\/p><\/blockquote>\n<p>Vuelvo al f\u00fatbol. Cont\u00e1bamos ayer que la defensa de cuatro del Tenerife (David-Land\u00e1zuri-Le\u00f3n-C\u00e9sar) cumple 20 titularidades consecutivas. Ni una lesi\u00f3n, ni una sanci\u00f3n&#8230; Es un dato ins\u00f3lito.<\/p>\n<p class=\"ft-text\">Lo vi. Y s\u00ed, es una barbaridad que una defensa no tenga lesiones, ni una sola expulsi\u00f3n, ni siquiera que falte nadie por ciclo de amarillas&#8230; Es un dato ins\u00f3lito, s\u00ed, pero tambi\u00e9n ah\u00ed se ve la regularidad y la calidad de este equipo y lo implicado que est\u00e1. Al final, si los de arriba tambi\u00e9n defienden, menos se cargan de tarjetas los de atr\u00e1s.<\/p>\n<p>Querr\u00eda que nos hablase tambi\u00e9n de Gabri. Justamente cuando usted tuvo esa baja puntual por su paternidad inminente, su competidor por el puesto le cubri\u00f3 bien en Lezama. \u00bfQu\u00e9 opina de su compa\u00f1ero?<\/p>\n<p class=\"ft-text\">Que es un diez en todo. Como compa\u00f1eros, pocos, muy pocos he tenido como \u00e9l. Te apoya en todo, no pone una mala cara nunca, est\u00e1 siempre dispuesto a cualquier cosa&#8230; y eso se nota en el ambiente que crea dentro del vestuario Siempre tiene una sonrisa para todos y como profesional, es inmejorable. Tambi\u00e9n creo mucho, y lo s\u00e9 porque he vivido su misma situaci\u00f3n muchos a\u00f1os seguidos, que su rendimiento me hace mejorar a m\u00ed y me obliga a tener que entrenarme al 100%. Si no, me sentir\u00eda mal conmigo mismo y con Gabri tambi\u00e9n. Por eso esta temporada todo est\u00e1 fluyendo todo tan bien. El empuje que tiene hacia m\u00ed y hacia los dem\u00e1s compa\u00f1eros es impresionante. De alg\u00fan modo, unos nos empujan a los otros para que demos lo mejor de cada uno.<\/p>\n<p>\u00bfLe ha sorprendido o llamado la atenci\u00f3n el rendimiento de alguno de sus compa\u00f1eros en particular?<\/p>\n<p class=\"ft-text\">Pues, podr\u00eda decirte varios. O todos. Es que me han sorprendido todos. A la mayor\u00eda no les conoc\u00eda en el d\u00eda a d\u00eda, ni compitiendo, y es una pasada verlos trabajar por un bien colectivo. Ojal\u00e1 la temporada acabemos como todos queremos. Este grupo se lo merece.<\/p>\n<p data-close=\"closedContent\" class=\"subscribeHideForDisplay\">Suscr\u00edbete para seguir leyendo<\/p>\n","protected":false},"excerpt":{"rendered":"Dani Mart\u00edn es uno de los art\u00edfices del exitoso curso del Club Deportivo Tenerife y en esta entrevista&hellip;\n","protected":false},"author":2,"featured_media":467364,"comment_status":"","ping_status":"","sticky":false,"template":"","format":"standard","meta":{"footnotes":""},"categories":[268],"tags":[8902,1996,47099,168,25,24,280,282,1730,6726,11781,1789,166,4474,281,23,167,1370],"class_list":["post-467363","post","type-post","status-publish","format-standard","has-post-thumbnail","category-futbol","tag-cd-tenerife","tag-dani","tag-dani-martin","tag-deportes","tag-es","tag-espana","tag-football","tag-futbol","tag-martin","tag-paternidad","tag-problemas","tag-revela","tag-salud","tag-salud-mental","tag-soccer","tag-spain","tag-sports","tag-tenerife"],"share_on_mastodon":{"url":"https:\/\/pubeurope.com\/@es\/116296491351647721","error":""},"_links":{"self":[{"href":"https:\/\/www.europesays.com\/es\/wp-json\/wp\/v2\/posts\/467363","targetHints":{"allow":["GET"]}}],"collection":[{"href":"https:\/\/www.europesays.com\/es\/wp-json\/wp\/v2\/posts"}],"about":[{"href":"https:\/\/www.europesays.com\/es\/wp-json\/wp\/v2\/types\/post"}],"author":[{"embeddable":true,"href":"https:\/\/www.europesays.com\/es\/wp-json\/wp\/v2\/users\/2"}],"replies":[{"embeddable":true,"href":"https:\/\/www.europesays.com\/es\/wp-json\/wp\/v2\/comments?post=467363"}],"version-history":[{"count":0,"href":"https:\/\/www.europesays.com\/es\/wp-json\/wp\/v2\/posts\/467363\/revisions"}],"wp:featuredmedia":[{"embeddable":true,"href":"https:\/\/www.europesays.com\/es\/wp-json\/wp\/v2\/media\/467364"}],"wp:attachment":[{"href":"https:\/\/www.europesays.com\/es\/wp-json\/wp\/v2\/media?parent=467363"}],"wp:term":[{"taxonomy":"category","embeddable":true,"href":"https:\/\/www.europesays.com\/es\/wp-json\/wp\/v2\/categories?post=467363"},{"taxonomy":"post_tag","embeddable":true,"href":"https:\/\/www.europesays.com\/es\/wp-json\/wp\/v2\/tags?post=467363"}],"curies":[{"name":"wp","href":"https:\/\/api.w.org\/{rel}","templated":true}]}}