{"id":46743,"date":"2025-08-14T11:12:14","date_gmt":"2025-08-14T11:12:14","guid":{"rendered":"https:\/\/www.europesays.com\/es\/46743\/"},"modified":"2025-08-14T11:12:14","modified_gmt":"2025-08-14T11:12:14","slug":"seriedad-en-la-novillada-de-conde-de-mayalde-para-villaseca-de-la-sagra","status":"publish","type":"post","link":"https:\/\/www.europesays.com\/es\/46743\/","title":{"rendered":"Seriedad en la novillada de Conde de Mayalde para Villaseca de la Sagra"},"content":{"rendered":"<p>El viernes 5 de septiembre, a partir de las 18:30 horas, una novillada de\u00a0<strong>Conde de Mayalde<\/strong>\u00a0ser\u00e1 la protagonista en el XXV certamen\u00a0<strong>Alfarero de Oro<\/strong>\u00a0de\u00a0<strong>Villaseca de la Sagra<\/strong>. Para la ocasi\u00f3n se han rese\u00f1ado cuatro utreros casta\u00f1os y dos negros de muy serias hechuras dentro de su armon\u00eda. En el cartel est\u00e1n anunciados\u00a0<strong>Javier<\/strong> <strong>Zulueta<\/strong>, <strong>Tom\u00e1s<\/strong> <strong>Bastos<\/strong> y <strong>Mart\u00edn<\/strong> <strong>Morilla<\/strong> en una de las novilladas m\u00e1s rematadas del certamen. En la galer\u00eda adjunta a estas l\u00edneas pueden ver las fotos de los novillos.<\/p>\n","protected":false},"excerpt":{"rendered":"El viernes 5 de septiembre, a partir de las 18:30 horas, una novillada de\u00a0Conde de Mayalde\u00a0ser\u00e1 la protagonista&hellip;\n","protected":false},"author":2,"featured_media":46744,"comment_status":"","ping_status":"","sticky":false,"template":"","format":"standard","meta":{"footnotes":""},"categories":[277],"tags":[45,21501,373,21502,168,25,24,1226,1227,23,167,625,374,444,9519],"class_list":{"0":"post-46743","1":"post","2":"type-post","3":"status-publish","4":"format-standard","5":"has-post-thumbnail","7":"category-toreo","8":"tag-45","9":"tag-alfarero-de-oro","10":"tag-bullfighting","11":"tag-conde-de-mayalde","12":"tag-deportes","13":"tag-es","14":"tag-espana","15":"tag-noticias-de-toros","16":"tag-noticias-taurinas","17":"tag-spain","18":"tag-sports","19":"tag-tauromaquia","20":"tag-toreo","21":"tag-toros","22":"tag-villaseca-de-la-sagra"},"share_on_mastodon":{"url":"","error":""},"_links":{"self":[{"href":"https:\/\/www.europesays.com\/es\/wp-json\/wp\/v2\/posts\/46743","targetHints":{"allow":["GET"]}}],"collection":[{"href":"https:\/\/www.europesays.com\/es\/wp-json\/wp\/v2\/posts"}],"about":[{"href":"https:\/\/www.europesays.com\/es\/wp-json\/wp\/v2\/types\/post"}],"author":[{"embeddable":true,"href":"https:\/\/www.europesays.com\/es\/wp-json\/wp\/v2\/users\/2"}],"replies":[{"embeddable":true,"href":"https:\/\/www.europesays.com\/es\/wp-json\/wp\/v2\/comments?post=46743"}],"version-history":[{"count":0,"href":"https:\/\/www.europesays.com\/es\/wp-json\/wp\/v2\/posts\/46743\/revisions"}],"wp:featuredmedia":[{"embeddable":true,"href":"https:\/\/www.europesays.com\/es\/wp-json\/wp\/v2\/media\/46744"}],"wp:attachment":[{"href":"https:\/\/www.europesays.com\/es\/wp-json\/wp\/v2\/media?parent=46743"}],"wp:term":[{"taxonomy":"category","embeddable":true,"href":"https:\/\/www.europesays.com\/es\/wp-json\/wp\/v2\/categories?post=46743"},{"taxonomy":"post_tag","embeddable":true,"href":"https:\/\/www.europesays.com\/es\/wp-json\/wp\/v2\/tags?post=46743"}],"curies":[{"name":"wp","href":"https:\/\/api.w.org\/{rel}","templated":true}]}}