{"id":467565,"date":"2026-03-26T19:16:09","date_gmt":"2026-03-26T19:16:09","guid":{"rendered":"https:\/\/www.europesays.com\/es\/467565\/"},"modified":"2026-03-26T19:16:09","modified_gmt":"2026-03-26T19:16:09","slug":"los-eurodiputados-apoyan-el-acuerdo-comercial-ue-ee-uu-con-condiciones","status":"publish","type":"post","link":"https:\/\/www.europesays.com\/es\/467565\/","title":{"rendered":"Los eurodiputados apoyan el acuerdo comercial UE-EE.UU. con condiciones"},"content":{"rendered":"<p><a href=\"https:\/\/es.euronews.com\/2025\/07\/27\/von-der-leyen-y-trump-alcanzan-un-acuerdo-comercial-ue-eeuu-aranceles-del-15\" rel=\"nofollow noopener\" target=\"_blank\">Los legisladores de la UE han aprobado este jueves el acuerdo comercial entre la UE y EE.UU.<\/a> alcanzado en 2025, aunque con una serie de condiciones. Una amplia mayor\u00eda de grupos pol\u00edticos ha respaldado el acuerdo, que reduce a cero los aranceles de la UE sobre la mayor\u00eda de los productos industriales estadounidenses, <strong>con 417 votos a favor<\/strong>, 154 en contra y 71 abstenciones.<\/p>\n<p>          <img decoding=\"async\" class=\"c-ad__placeholder__logo\" src=\"https:\/\/static.euronews.com\/website\/images\/logos\/logo-euronews-stacked-outlined-72x72-grey-9.svg\" width=\"72\" height=\"72\" alt=\"\" loading=\"lazy\"\/><br \/>\n          PUBLICIDAD<\/p>\n<p>          <img decoding=\"async\" class=\"c-ad__placeholder__logo\" src=\"https:\/\/static.euronews.com\/website\/images\/logos\/logo-euronews-stacked-outlined-72x72-grey-9.svg\" width=\"72\" height=\"72\" alt=\"\" loading=\"lazy\"\/><br \/>\n          PUBLICIDAD<\/p>\n<p>La Comisi\u00f3n Europea y Washington hab\u00edan presionado para que se aplicara el acuerdo, pero los eurodiputados retrasaron su respaldo hasta la semana pasada <a href=\"https:\/\/es.euronews.com\/2026\/01\/23\/bruselas-exige-respeto-a-trump-tras-la-crisis-groenlandesa\" rel=\"nofollow noopener\" target=\"_blank\">ante la posible invasi\u00f3n estadounidense de Groenlandia <\/a>y las nuevas investigaciones comerciales estadounidenses, que hicieron temer que Washington pudiera socavar el acuerdo con nuevos aranceles.<\/p>\n<p>Criticado inicialmente por los eurodiputados como desequilibrado y defendido por la Comisi\u00f3n como el mejor resultado posible, el acuerdo fija los aranceles estadounidenses sobre los productos de la UE en un 15%, mientras que <strong>la UE elimina los derechos sobre la mayor\u00eda de los productos industriales estadounidenses<\/strong>.<\/p>\n<p>Los eurodiputados <strong>han introducido salvaguardas<\/strong> para reequilibrar el pacto en caso de futuras amenazas del presidente estadounidense, Donald Trump, o violaciones por parte de Estados Unidos. \u00abPor supuesto, es desequilibrado, pero si pudi\u00e9ramos mejorarlo, tal vez podr\u00edamos vivir con ello\u00bb, ha declarado el eurodiputado socialista alem\u00e1n Bernd Lange antes de la votaci\u00f3n.<\/p>\n<p>El Parlamento Europeo trabajar\u00e1 ahora con los Estados miembros de la UE para encontrar una posici\u00f3n com\u00fan y permitir los recortes arancelarios, y se espera que las salvaguardias adjuntas sean el principal punto de discordia. La primera reuni\u00f3n del di\u00e1logo a tres bandas, los conocidos como tr\u00edlogos, <strong>est\u00e1 prevista para el 13 de abril<\/strong>.<\/p>\n<p>Entre ellas figura una cl\u00e1usula de suspensi\u00f3n por la que el acuerdo expira en marzo de 2028, <strong>a menos que ambas partes acuerden prorrogarlo<\/strong>. Tambi\u00e9n incluye otra que condicionar\u00eda las preferencias arancelarias a que EE.UU. respete sus compromisos de Turnberry.<\/p>\n<p>\u00abLa posici\u00f3n del Parlamento en el pleno sobre el acuerdo recibi\u00f3 un apoyo muy amplio para la adici\u00f3n de fuertes salvaguardas\u00bb, ha expresado la presidenta de la Euroc\u00e1mara, <strong>Roberta Metsola<\/strong>, tras la votaci\u00f3n: \u00abActuamos en el entendimiento de que los aranceles del 15% sobre la mayor\u00eda de los bienes industriales es el techo y no se aplicar\u00e1n aranceles adicionales por encima de este nivel\u00bb.<\/p>\n<p>Los legisladores trataron de proteger el acuerdo de nuevos aranceles de EE.UU. <a href=\"https:\/\/es.euronews.com\/business\/2026\/03\/03\/ee-uu-devolver-110000-millones-aranceles-tras-fallo-trump\" rel=\"nofollow noopener\" target=\"_blank\">despu\u00e9s de que el Tribunal Supremo estadounidense anulara en febrero los aranceles <\/a>de su Ejecutivo republicano, lo que llev\u00f3 a la Casa Blanca a imponer nuevos derechos sobre productos de la UE y a iniciar una investigaci\u00f3n sobre supuestas pr\u00e1cticas comerciales desleales que podr\u00eda dar lugar a nuevos aranceles. Los eurodiputados tambi\u00e9n vincularon los recortes arancelarios sobre el acero y el aluminio a acciones equivalentes por parte de Estados Unidos.<\/p>\n","protected":false},"excerpt":{"rendered":"Los legisladores de la UE han aprobado este jueves el acuerdo comercial entre la UE y EE.UU. alcanzado&hellip;\n","protected":false},"author":2,"featured_media":467566,"comment_status":"","ping_status":"","sticky":false,"template":"","format":"standard","meta":{"footnotes":""},"categories":[42],"tags":[17,18,5853,13,14,11,61,62,63,64,19,20,11464,9,10,15,16,6939,11703,12,21,22,65,66,67],"class_list":["post-467565","post","type-post","status-publish","format-standard","has-post-thumbnail","category-internacional","tag-breaking-news","tag-breakingnews","tag-comercio-internacional","tag-featured-news","tag-featurednews","tag-headlines","tag-internacional","tag-international","tag-international-news","tag-internationalnews","tag-latest-news","tag-latestnews","tag-los-aranceles-de-trump","tag-news","tag-noticias","tag-noticias-destacadas","tag-noticiasdestacadas","tag-parlamento-europeo","tag-politica-de-la-ue","tag-titulares","tag-ultimas-noticias","tag-ultimasnoticias","tag-world","tag-world-news","tag-worldnews"],"share_on_mastodon":{"url":"https:\/\/pubeurope.com\/@es\/116297085103917578","error":""},"_links":{"self":[{"href":"https:\/\/www.europesays.com\/es\/wp-json\/wp\/v2\/posts\/467565","targetHints":{"allow":["GET"]}}],"collection":[{"href":"https:\/\/www.europesays.com\/es\/wp-json\/wp\/v2\/posts"}],"about":[{"href":"https:\/\/www.europesays.com\/es\/wp-json\/wp\/v2\/types\/post"}],"author":[{"embeddable":true,"href":"https:\/\/www.europesays.com\/es\/wp-json\/wp\/v2\/users\/2"}],"replies":[{"embeddable":true,"href":"https:\/\/www.europesays.com\/es\/wp-json\/wp\/v2\/comments?post=467565"}],"version-history":[{"count":0,"href":"https:\/\/www.europesays.com\/es\/wp-json\/wp\/v2\/posts\/467565\/revisions"}],"wp:featuredmedia":[{"embeddable":true,"href":"https:\/\/www.europesays.com\/es\/wp-json\/wp\/v2\/media\/467566"}],"wp:attachment":[{"href":"https:\/\/www.europesays.com\/es\/wp-json\/wp\/v2\/media?parent=467565"}],"wp:term":[{"taxonomy":"category","embeddable":true,"href":"https:\/\/www.europesays.com\/es\/wp-json\/wp\/v2\/categories?post=467565"},{"taxonomy":"post_tag","embeddable":true,"href":"https:\/\/www.europesays.com\/es\/wp-json\/wp\/v2\/tags?post=467565"}],"curies":[{"name":"wp","href":"https:\/\/api.w.org\/{rel}","templated":true}]}}