{"id":468023,"date":"2026-03-27T01:22:10","date_gmt":"2026-03-27T01:22:10","guid":{"rendered":"https:\/\/www.europesays.com\/es\/468023\/"},"modified":"2026-03-27T01:22:10","modified_gmt":"2026-03-27T01:22:10","slug":"letra-y-significado-de-younger-you-la-cancion-de-miley-cyrus-por-el-20-aniversario-de-hannah-montana-mis-fans-me-dieron-esta-vida-musica","status":"publish","type":"post","link":"https:\/\/www.europesays.com\/es\/468023\/","title":{"rendered":"Letra y significado de &#8216;Younger You&#8217;, la canci\u00f3n de Miley Cyrus por el 20 aniversario de Hannah Montana: \u00abMis fans me dieron esta vida\u00bb | M\u00fasica"},"content":{"rendered":"<p>El <a href=\"https:\/\/los40.com\/2026\/03\/25\/35-pensamientos-que-he-tenido-viendo-el-regreso-de-hannah-montana-siendo-de-la-generacion-z\/\" target=\"_blank\" rel=\"noreferrer nofollow noopener\" title=\"https:\/\/los40.com\/2026\/03\/25\/35-pensamientos-que-he-tenido-viendo-el-regreso-de-hannah-montana-siendo-de-la-generacion-z\/\"><b>20 aniversario de Hannah Montana<\/b><\/a> est\u00e1 dando para mucho: desde conocer los <a href=\"https:\/\/los40.com\/2026\/03\/24\/lleva-miley-cyrus-una-peluca-en-el-especial-de-hannah-montana-la-artista-lo-explica\/\" target=\"_blank\" rel=\"noreferrer nofollow noopener\" title=\"https:\/\/los40.com\/2026\/03\/24\/lleva-miley-cyrus-una-peluca-en-el-especial-de-hannah-montana-la-artista-lo-explica\/\">secretos<\/a> mejor guardados de<b> <\/b><a href=\"https:\/\/los40.com\/2026\/03\/24\/miley-cyrus-en-el-estreno-de-el-especial-de-hannah-montana-especial-20-aniversario-no-fue-un-error-ni-magia-de-disney\/\" target=\"_blank\" rel=\"noreferrer nofollow noopener\" title=\"https:\/\/los40.com\/2026\/03\/24\/miley-cyrus-en-el-estreno-de-el-especial-de-hannah-montana-especial-20-aniversario-no-fue-un-error-ni-magia-de-disney\/\"><b>Miley Cyrus<\/b><\/a> hasta <a href=\"https:\/\/los40.com\/2026\/03\/24\/emily-osment-aclara-su-ausencia-en-la-premiere-del-especial-por-el-20-aniversario-de-hannah-montana\/\" target=\"_blank\" rel=\"noreferrer nofollow noopener\" title=\"https:\/\/los40.com\/2026\/03\/24\/emily-osment-aclara-su-ausencia-en-la-premiere-del-especial-por-el-20-aniversario-de-hannah-montana\/\">la sonada ausencia de dos importantes personajes<\/a> del reparto, pasando por muchos reencuentros o la &#8216;mentirijilla&#8217; que <a href=\"https:\/\/los40.com\/2026\/03\/18\/jason-earles-revela-como-oculto-en-hannah-montana-que-no-era-un-adolescente-ya-estaba-hasta-casado\/\" target=\"_blank\" rel=\"noreferrer nofollow noopener\" title=\"https:\/\/los40.com\/2026\/03\/18\/jason-earles-revela-como-oculto-en-hannah-montana-que-no-era-un-adolescente-ya-estaba-hasta-casado\/\"><b>Jason Earles<\/b><\/a>, el actor que hac\u00eda de su hermano, col\u00f3 para que le dieran el papel.<\/p>\n<p>Sin embargo, algo que no pod\u00eda faltar era una nueva canci\u00f3n que condensara toda esta nostalgia que hemos estado viviendo durante la \u00faltima semana. Y es por ello que la estrella estadounidense nos ha regalado Younger Your, un tema que rinde homenaje a la serie de <a href=\"https:\/\/los40.com\/2026\/03\/24\/miley-cyrus-en-el-estreno-de-el-especial-de-hannah-montana-especial-20-aniversario-no-fue-un-error-ni-magia-de-disney\/\" target=\"_blank\" rel=\"noreferrer nofollow noopener\" title=\"https:\/\/los40.com\/2026\/03\/24\/miley-cyrus-en-el-estreno-de-el-especial-de-hannah-montana-especial-20-aniversario-no-fue-un-error-ni-magia-de-disney\/\">Disney Channel<\/a> que le dio el primer empujoncito, pero tambi\u00e9n a los fans que le han acompa\u00f1ado en el camino hasta el d\u00eda de hoy. <\/p>\n<p>\u00abCelebrar a Hannah Montana no es solo rendir homenaje a una serie, es un momento muy especial para m\u00ed. Hannah Montana fue el comienzo de la vida que tengo ahora. El v\u00ednculo que comparto con mis fans es tan \u00fanico y hermoso como todo este camino. Os adoro a todos y os quiero much\u00edsimo. Este especial de aniversario es un regalo para mi yo m\u00e1s joven, mi forma de agradecer vuestra lealtad y por crecer conmigo en cada paso del camino. Esta canci\u00f3n lo dice todo\u2026 Younger You (del especial del 20.\u00ba aniversario de Hannah Montana), este viernes\u00bb, ha expresado al artista en redes sociales.<\/p>\n<p><img decoding=\"async\" src=\"https:\/\/los40.com\/pf\/resources\/img\/logo-40-v-c.svg?d=964\" alt=\"LOS40\" class=\"i-pro\" width=\"68\" height=\"68\" loading=\"lazy\"\/><\/p>\n<p>\u00abHa sido un honor celebrar 20 a\u00f1os de Hannah Montana. He mirado atr\u00e1s a cada recuerdo con el coraz\u00f3n lleno de amor. Hannah me dio mi principio, pero mis fans me dieron esta vida\u00bb, se puede escuchar durante el puente del tema.<\/p>\n<p>Letra (traducida) de Younger You, de Miley Cyrus <\/p>\n<p>Hey, you, it&#8217;s younger you<\/p>\n<p>(Ey, t\u00fa. Es tu versi\u00f3n m\u00e1s joven)<\/p>\n<p>I&#8217;m just checking in to see if you still remember me<\/p>\n<p>(Solo quer\u00eda saber si a\u00fan te acuerdas de m\u00ed)<\/p>\n<p>Hey, you, it&#8217;s younger you<\/p>\n<p>(Oye, t\u00fa, eres t\u00fa de joven)<\/p>\n<p>Do you still pray before bed, or are you worrying instead?<\/p>\n<p>(\u00bfSigues rezando antes de dormir o te preocupas?)<\/p>\n<p>&#8216;Cause somewhere along the way, we lost touch<\/p>\n<p>(Porque en alg\u00fan momento perdimos el contacto)<\/p>\n<p>We used to be so happy just because<\/p>\n<p>(\u00c9ramos muy felices sin motivo)<\/p>\n<p>I know you had to go eventually<\/p>\n<p>(S\u00e9 que ten\u00edas que irte tarde o temprano)<\/p>\n<p>But don&#8217;t forget about me<\/p>\n<p>(Pero no te olvides de m\u00ed)<\/p>\n<p>Yeah, don&#8217;t forget about me<\/p>\n<p>(S\u00ed, no te olvides de m\u00ed)<\/p>\n<p>Hey, you, it&#8217;s younger you<\/p>\n<p>(Ey, t\u00fa. Es tu versi\u00f3n m\u00e1s joven)<\/p>\n<p>I know you&#8217;re busy with your job, but don&#8217;t forget to call your mom<\/p>\n<p>(S\u00e9 que est\u00e1s ocupada con tu trabajo, pero no olvides llamar a tu madre)<\/p>\n<p>And dad too, he misses you<\/p>\n<p>(ni a tu padre, te echa de menos)<\/p>\n<p>He may tell you that he&#8217;s fine, but you&#8217;re always on his mind<\/p>\n<p>(Puede que te diga que est\u00e1 bien, pero siempre est\u00e1s en su mente)<\/p>\n<p>&#8216;Cause somewhere along the way, we lost touch<\/p>\n<p>(Porque en alg\u00fan momento perdimos el contacto)<\/p>\n<p>We used to be so happy just because<\/p>\n<p>(\u00c9ramos muy felices sin motivo)<\/p>\n<p>I know you had to go eventually<\/p>\n<p>(S\u00e9 que ten\u00edas que irte tarde o temprano)<\/p>\n<p>But don&#8217;t forget about me<\/p>\n<p>(Pero no te olvides de m\u00ed)<\/p>\n<p>Yeah, don&#8217;t forget about me, no<\/p>\n<p>(S\u00ed, no te olvides de m\u00ed)<\/p>\n<p>Hey, you, it&#8217;s younger you<\/p>\n<p>I know your story isn&#8217;t done, but do you love who you&#8217;ve become?<\/p>\n<p>(S\u00e9 que tu historia no ha acabado, \u00bfpero te gusta en quien te has convertido?<\/p>\n<p>Hey, you, it&#8217;s younger you<\/p>\n<p>(Ey, t\u00fa. Es tu versi\u00f3n m\u00e1s joven)<\/p>\n<p>When you&#8217;re standing on the stars, just don&#8217;t forget who you are<\/p>\n<p>(Cuando est\u00e9s entre las estrellas, no te olvides de qui\u00e9n eres)<\/p>\n","protected":false},"excerpt":{"rendered":"El 20 aniversario de Hannah Montana est\u00e1 dando para mucho: desde conocer los secretos mejor guardados de Miley&hellip;\n","protected":false},"author":2,"featured_media":468024,"comment_status":"","ping_status":"","sticky":false,"template":"","format":"standard","meta":{"footnotes":""},"categories":[170],"tags":[1765,146,147,25,24,184,185,96386,23,1766],"class_list":["post-468023","post","type-post","status-publish","format-standard","has-post-thumbnail","category-musica","tag-bestof","tag-entertainment","tag-entretenimiento","tag-es","tag-espana","tag-music","tag-musica","tag-pmarc","tag-spain","tag-topix"],"share_on_mastodon":{"url":"https:\/\/pubeurope.com\/@es\/116298523868965932","error":""},"_links":{"self":[{"href":"https:\/\/www.europesays.com\/es\/wp-json\/wp\/v2\/posts\/468023","targetHints":{"allow":["GET"]}}],"collection":[{"href":"https:\/\/www.europesays.com\/es\/wp-json\/wp\/v2\/posts"}],"about":[{"href":"https:\/\/www.europesays.com\/es\/wp-json\/wp\/v2\/types\/post"}],"author":[{"embeddable":true,"href":"https:\/\/www.europesays.com\/es\/wp-json\/wp\/v2\/users\/2"}],"replies":[{"embeddable":true,"href":"https:\/\/www.europesays.com\/es\/wp-json\/wp\/v2\/comments?post=468023"}],"version-history":[{"count":0,"href":"https:\/\/www.europesays.com\/es\/wp-json\/wp\/v2\/posts\/468023\/revisions"}],"wp:featuredmedia":[{"embeddable":true,"href":"https:\/\/www.europesays.com\/es\/wp-json\/wp\/v2\/media\/468024"}],"wp:attachment":[{"href":"https:\/\/www.europesays.com\/es\/wp-json\/wp\/v2\/media?parent=468023"}],"wp:term":[{"taxonomy":"category","embeddable":true,"href":"https:\/\/www.europesays.com\/es\/wp-json\/wp\/v2\/categories?post=468023"},{"taxonomy":"post_tag","embeddable":true,"href":"https:\/\/www.europesays.com\/es\/wp-json\/wp\/v2\/tags?post=468023"}],"curies":[{"name":"wp","href":"https:\/\/api.w.org\/{rel}","templated":true}]}}