{"id":468172,"date":"2026-03-27T03:21:08","date_gmt":"2026-03-27T03:21:08","guid":{"rendered":"https:\/\/www.europesays.com\/es\/468172\/"},"modified":"2026-03-27T03:21:08","modified_gmt":"2026-03-27T03:21:08","slug":"subastan-en-paris-por-254-000-euros-un-decorado-escenico-de-salvador-dali","status":"publish","type":"post","link":"https:\/\/www.europesays.com\/es\/468172\/","title":{"rendered":"Subastan en Par\u00eds por 254.000 euros un decorado esc\u00e9nico de Salvador Dal\u00ed"},"content":{"rendered":"<p class=\"c-paragraph\">Un decorado esc\u00e9nico compuesto por trece paneles y concebido por el pintor espa\u00f1ol <a href=\"https:\/\/www.20minutos.es\/tags\/personas\/dali.html\" title=\"Dal\u00ed\" rel=\"nofollow noopener\" target=\"_blank\">Salvador Dal\u00ed<\/a> ha sido subastado este jueves por <b>254.000 euros<\/b>, inform\u00f3 la casa parisina Bonhams.<\/p>\n<p class=\"c-paragraph\">La venta no ha superado las expectativas, pues Bonhams hab\u00eda tasado la obra entre 200.000 y 300.000 euros, recoge EFE. El decorado, hecho en <b>pa\u00f1os de lino y que mide 10 metros de altura y 18 metros de largo<\/b>, fue concebido en 1939 para Bacchanale, un ballet presentado en el Metropolitan Opera de Nueva York.<\/p>\n<p class=\"c-paragraph\">El propio Dal\u00ed (1904-1989) defini\u00f3 la obra como su <b>primer \u00abballet paranoico-cr\u00edtico\u00bb,<\/b> para el que escribi\u00f3 el libreto y dise\u00f1\u00f3 escenograf\u00eda y vestuario. Adem\u00e1s de en Nueva York, donde se estren\u00f3 el decorado el 9 de noviembre de 1939, se utiliz\u00f3 en el ballet ruso de Montecarlo en 1968.<\/p>\n<p class=\"c-paragraph\">La obra pas\u00f3 varios a\u00f1os guardada hasta que la compr\u00f3 en una subasta en Estados Unidos<b> un inversor residente en Madrid,<\/b> que la puso a la venta a trav\u00e9s de Bonhams. El decorado cuenta con motivos que el mismo Dal\u00ed pint\u00f3, entre los que destacan unas calaveras que est\u00e1n sobre los cajones que forman parte del decorado.<\/p>\n<p class=\"c-paragraph\">Las partes de la obra de trazo m\u00e1s grueso fueron ejecutadas por un equipo de entre dos y tres personas, pero siempre bajo la supervisi\u00f3n del genio catal\u00e1n. Los trabajos duraron desde mayo hasta <b>finales de agosto de 1939.<\/b><\/p>\n","protected":false},"excerpt":{"rendered":"Un decorado esc\u00e9nico compuesto por trece paneles y concebido por el pintor espa\u00f1ol Salvador Dal\u00ed ha sido subastado&hellip;\n","protected":false},"author":2,"featured_media":468173,"comment_status":"","ping_status":"","sticky":false,"template":"","format":"standard","meta":{"footnotes":""},"categories":[91],"tags":[209,9680,146,147,25,24,3873,23,21362],"class_list":["post-468172","post","type-post","status-publish","format-standard","has-post-thumbnail","category-entretenimiento","tag-cultura","tag-dali","tag-entertainment","tag-entretenimiento","tag-es","tag-espana","tag-museos","tag-spain","tag-subastas"],"share_on_mastodon":{"url":"https:\/\/pubeurope.com\/@es\/116298991772717792","error":""},"_links":{"self":[{"href":"https:\/\/www.europesays.com\/es\/wp-json\/wp\/v2\/posts\/468172","targetHints":{"allow":["GET"]}}],"collection":[{"href":"https:\/\/www.europesays.com\/es\/wp-json\/wp\/v2\/posts"}],"about":[{"href":"https:\/\/www.europesays.com\/es\/wp-json\/wp\/v2\/types\/post"}],"author":[{"embeddable":true,"href":"https:\/\/www.europesays.com\/es\/wp-json\/wp\/v2\/users\/2"}],"replies":[{"embeddable":true,"href":"https:\/\/www.europesays.com\/es\/wp-json\/wp\/v2\/comments?post=468172"}],"version-history":[{"count":0,"href":"https:\/\/www.europesays.com\/es\/wp-json\/wp\/v2\/posts\/468172\/revisions"}],"wp:featuredmedia":[{"embeddable":true,"href":"https:\/\/www.europesays.com\/es\/wp-json\/wp\/v2\/media\/468173"}],"wp:attachment":[{"href":"https:\/\/www.europesays.com\/es\/wp-json\/wp\/v2\/media?parent=468172"}],"wp:term":[{"taxonomy":"category","embeddable":true,"href":"https:\/\/www.europesays.com\/es\/wp-json\/wp\/v2\/categories?post=468172"},{"taxonomy":"post_tag","embeddable":true,"href":"https:\/\/www.europesays.com\/es\/wp-json\/wp\/v2\/tags?post=468172"}],"curies":[{"name":"wp","href":"https:\/\/api.w.org\/{rel}","templated":true}]}}