{"id":46827,"date":"2025-08-14T12:06:09","date_gmt":"2025-08-14T12:06:09","guid":{"rendered":"https:\/\/www.europesays.com\/es\/46827\/"},"modified":"2025-08-14T12:06:09","modified_gmt":"2025-08-14T12:06:09","slug":"anillo-compromiso-bilbaino-cristiano-ronaldo-georgina-rodriguez","status":"publish","type":"post","link":"https:\/\/www.europesays.com\/es\/46827\/","title":{"rendered":"Anillo compromiso bilbaino Cristiano Ronaldo Georgina Rodr\u00edguez"},"content":{"rendered":"<p>  El anillo<\/p>\n<p class=\"article-body__text \">\n        La joya que luce Georgina destaca por un <strong>diamante ovalado central<\/strong>, flanqueado por peque\u00f1os diamantes triangulares a cada lado. Se estima que la piedra central tiene entre <strong>40 y 45 quilates<\/strong>, lo que sugiere un precio que podr\u00eda ir desde los <strong>6 hasta los 12 millones de euros<\/strong>, aunque algunas valoraciones elevan su coste hasta <strong>20 o incluso 25 millones, <\/strong>todo dependiendo de la <strong>pureza <\/strong>del <a href=\"https:\/\/www.deia.eus\/tags\/diamante\/\" title=\"diamante\" target=\"_blank\" class=\"link copy\" rel=\"nofollow noopener\">diamante <\/a>y de su tasaci\u00f3n. Se trata de una creaci\u00f3n de alt\u00edsima gama, pensada para ser \u00fanica y perdurar como s\u00edmbolo de un momento irrepetible.\n<\/p>\n<p class=\"article-body__text \">\n        El anillo ha sido dise\u00f1ado por M\u00f3nica Mart\u00ednez, que como recita la web de la firma<strong> \u00abasume la gerencia y la direcci\u00f3n creativa de la firma, y que junto al resto de la familia ha continuado el legado de sus padres heredando esta gran pasi\u00f3n por el mundo de la joyer\u00eda\u00bb.<\/strong> Adem\u00e1s, la actual dise\u00f1adora de la firma bilbaina mantiene una estrecha relaci\u00f3n con la pareja y as\u00ed lo han dejado saber mediante sus posts juntos en <strong>Instagram<\/strong>.\n<\/p>\n<p>  La firma bilba\u00edna detr\u00e1s de la pieza<\/p>\n<p class=\"article-body__text \">\n        D\u00e1maso Mart\u00ednez es un referente de la alta joyer\u00eda en Bilbao desde su fundaci\u00f3n en 1970. La firma fue creada por<strong> D\u00e1maso Mart\u00ednez y su esposa Consuelo Gonz\u00e1lez<\/strong>. \u00c9l era <strong>representante <\/strong>de joyer\u00eda y un <strong>apasionado <\/strong>del sector. Tras unos a\u00f1os de duro trabajo y formaci\u00f3n decidi\u00f3 apostar por crear su propia firma en el <a href=\"https:\/\/www.deia.eus\/bilbao\/casco-viejo\/\" title=\"Casco Viejo de Bilbao\" target=\"_blank\" class=\"link copy\" rel=\"nofollow noopener\">Casco Viejo de Bilbao<\/a>. Desde entonces, la marca D\u00e1maso creci\u00f3 exponencialmente hasta que en el a\u00f1o <strong>1999 <\/strong>abri\u00f3 su tienda actual en la c\u00e9ntrica calle<strong> Mar\u00eda D\u00edaz de Haro.<\/strong>\n<\/p>\n<p class=\"article-body__text \">\n        La empresa ha mantenido siempre un enfoque artesanal, combinando tradici\u00f3n y dise\u00f1o contempor\u00e1neo para ofrecer creaciones exclusivas a una clientela exigente y pudiente. Sus piezas, tal y como dice su web, est\u00e1n<strong> \u00abconcebidas para destacar tanto en el d\u00eda a d\u00eda como en las grandes ocasiones, y cada una de ellas refleja el cuidado por el detalle, la selecci\u00f3n de materiales de la m\u00e1xima calidad y el talento de un equipo que vive con pasi\u00f3n su oficio\u00bb<\/strong>. La elecci\u00f3n de Cristiano y <a href=\"https:\/\/www.deia.eus\/gente\/2024\/11\/15\/asador-vasco-cristiano-ronaldo-georgina-8935868.html\" title=\"Georgina\" target=\"_blank\" class=\"link copy\" rel=\"nofollow noopener\">Georgina <\/a>por este taller bilbaino no solo aporta un valor simb\u00f3lico y cultural, sino que sit\u00faa a la joyer\u00eda vasca en el escaparate internacional.\n<\/p>\n<p class=\"article-body__text \">\n        Los clientes de la firma incluyen desde <strong>miembros de casas reales hasta figuras del cine internacional y del deporte<\/strong>, como en este caso.\n<\/p>\n<p>  Una historia de amor consolidada<\/p>\n<p class=\"article-body__text \">\n        <strong>Cristiano Ronaldo y Georgina Rodr\u00edguez<\/strong> iniciaron su relaci\u00f3n en <strong>2016 <\/strong>y desde entonces han construido una familia que incluye a<strong> cinco hijos y a un sexto<\/strong> que falleci\u00f3 en el parto. A lo largo de los a\u00f1os han mostrado una complicidad que combina su vida familiar con una presencia constante en la<strong> escena medi\u00e1tica y eventos p\u00fablicos<\/strong>. El compromiso formaliza una relaci\u00f3n que ambos han descrito en m\u00faltiples ocasiones como<strong> \u00abs\u00f3lida y basada en un profundo respeto mutuo\u00bb<\/strong>. Este paso confirma que, m\u00e1s all\u00e1 de la imagen p\u00fablica y de su relevancia como figuras internacionales, <strong>su uni\u00f3n sigue creciendo con el tiempo.<\/strong>\n<\/p>\n<p class=\"article-photo__footer\">\n            Georgina Rodr\u00edguez y Cristiano Ronaldo posan en una gala de los MTV Awards            Europa Press        <\/p>\n<p class=\"article-body__text \">\n        La <strong>pieza <\/strong>concentra en su <strong>dise\u00f1o<\/strong> la fuerza de un <strong>v\u00ednculo personal y la maestr\u00eda<\/strong> de una firma que ha sabido mantener su esencia a lo largo de las d\u00e9cadas. El resultado es un <strong>s\u00edmbolo <\/strong>que no solo sella el <strong>compromiso de Cristiano y Georgina<\/strong>, sino que tambi\u00e9n lleva el <strong>nombre <\/strong>de <strong>Bilbao <\/strong>todo el mundo.<\/p>\n","protected":false},"excerpt":{"rendered":"El anillo La joya que luce Georgina destaca por un diamante ovalado central, flanqueado por peque\u00f1os diamantes triangulares&hellip;\n","protected":false},"author":2,"featured_media":46828,"comment_status":"","ping_status":"","sticky":false,"template":"","format":"standard","meta":{"footnotes":""},"categories":[174],"tags":[20973,11974,255,1625,14386,146,147,25,24,256,5194,7382,19712,23],"class_list":{"0":"post-46827","1":"post","2":"type-post","3":"status-publish","4":"format-standard","5":"has-post-thumbnail","7":"category-famosos","8":"tag-anillo","9":"tag-bilbaino","10":"tag-celebrities","11":"tag-compromiso","12":"tag-cristiano","13":"tag-entertainment","14":"tag-entretenimiento","15":"tag-es","16":"tag-espana","17":"tag-famosos","18":"tag-georgina-rodriguez","19":"tag-regalo","20":"tag-ronaldo","21":"tag-spain"},"share_on_mastodon":{"url":"","error":""},"_links":{"self":[{"href":"https:\/\/www.europesays.com\/es\/wp-json\/wp\/v2\/posts\/46827","targetHints":{"allow":["GET"]}}],"collection":[{"href":"https:\/\/www.europesays.com\/es\/wp-json\/wp\/v2\/posts"}],"about":[{"href":"https:\/\/www.europesays.com\/es\/wp-json\/wp\/v2\/types\/post"}],"author":[{"embeddable":true,"href":"https:\/\/www.europesays.com\/es\/wp-json\/wp\/v2\/users\/2"}],"replies":[{"embeddable":true,"href":"https:\/\/www.europesays.com\/es\/wp-json\/wp\/v2\/comments?post=46827"}],"version-history":[{"count":0,"href":"https:\/\/www.europesays.com\/es\/wp-json\/wp\/v2\/posts\/46827\/revisions"}],"wp:featuredmedia":[{"embeddable":true,"href":"https:\/\/www.europesays.com\/es\/wp-json\/wp\/v2\/media\/46828"}],"wp:attachment":[{"href":"https:\/\/www.europesays.com\/es\/wp-json\/wp\/v2\/media?parent=46827"}],"wp:term":[{"taxonomy":"category","embeddable":true,"href":"https:\/\/www.europesays.com\/es\/wp-json\/wp\/v2\/categories?post=46827"},{"taxonomy":"post_tag","embeddable":true,"href":"https:\/\/www.europesays.com\/es\/wp-json\/wp\/v2\/tags?post=46827"}],"curies":[{"name":"wp","href":"https:\/\/api.w.org\/{rel}","templated":true}]}}