{"id":468918,"date":"2026-03-27T13:49:35","date_gmt":"2026-03-27T13:49:35","guid":{"rendered":"https:\/\/www.europesays.com\/es\/468918\/"},"modified":"2026-03-27T13:49:35","modified_gmt":"2026-03-27T13:49:35","slug":"la-fundacion-municipal-de-deportes-lanza-la-campana-tiempo-de-verano-2026-con-mas-de-4-100-plazas-y-nuevas-actividades-inclusivas","status":"publish","type":"post","link":"https:\/\/www.europesays.com\/es\/468918\/","title":{"rendered":"La Fundaci\u00f3n Municipal de Deportes lanza la campa\u00f1a \u2018Tiempo de Verano 2026\u2019 con m\u00e1s de 4.100 plazas y nuevas actividades inclusivas"},"content":{"rendered":"<p>Descripci\u00f3n<\/p>\n<p class=\"cmParagraph cmAlignjustify\">La Fundaci\u00f3n Municipal de Deportes del Ayuntamiento de Valladolid ha presentado la campa\u00f1a \u2018Tiempo de Verano 2026\u2019, una amplia programaci\u00f3n deportivo\u2011recreativa dirigida a escolares y j\u00f3venes nacidos entre 2020 y 2008, con ampliaci\u00f3n hasta 2006 para participantes con discapacidad intelectual y\/o del desarrollo. La oferta se desarrollar\u00e1 del 29 de junio al 28 de agosto, abarcando pr\u00e1cticamente todas las vacaciones escolares.<\/p>\n<p class=\"cmParagraph cmAlignjustify\">La edici\u00f3n de este a\u00f1o incorpora 4.127 plazas, distribuidas en 37 actividades y 107 turnos, lo que supone 164 plazas m\u00e1s que en 2025. La campa\u00f1a se articula en cuatro programas: Campus Deportivos, Campamentos Urbanos, Campamentos de Verano y Cursos Deportivos, organizados en colaboraci\u00f3n con entidades y empresas especializadas.<\/p>\n<p class=\"cmParagraph cmAlignjustify\">Entre los datos m\u00e1s destacados, el programa de Campus Deportivos, con once modalidades deportivas, recupera el Campus de Atletismo y ampl\u00eda turnos en Patinaje de Velocidad y V\u00f3ley Playa, alcanzando de nuevo las 1.504 plazas, el bloque con mayor demanda en ediciones anteriores. Con cuatro actividades distintas, los Campamentos Urbanos incorporan como novedad un campamento en el Albergue Juvenil del Pinar de Antequera, con servicio de comida y un turno de inclusi\u00f3n.<\/p>\n<p class=\"cmParagraph cmAlignjustify\">Los Campamentos de Verano mantienen 33 turnos y 1.528 plazas, con destinos en Castilla y Le\u00f3n y otras comunidades, y contin\u00faan la progresividad en la duraci\u00f3n de las estancias (5, 6, 7, 8 y 10 d\u00edas). Adem\u00e1s, se refuerza el modelo de campamentos inclusivos, con entre 2 y 6 plazas reservadas por turno, alcanzando entre 24 y 72 plazas espec\u00edficas, un 9,10% m\u00e1s que en 2025.<\/p>\n<p class=\"cmParagraph cmAlignjustify\">El programa de Cursos Deportivos incorpora dos nuevas modalidades \u2014Gimnasia Art\u00edstica y Kendo\u2014 y suma 365 plazas en 23 turnos de los siguientes deportes: ajedrez, B\u00e1dminton, B\u00e9isbol, Freestyle, Gimnasia Art\u00edstica, Kendo, Patinaje Art\u00edstico, Salvamento y Socorrismo, Taekwondo y Tiro con Arco.<\/p>\n<p class=\"cmParagraph cmAlignjustify\"><strong>Procedimiento de inscripci\u00f3n<\/strong><\/p>\n<p class=\"cmParagraph cmAlignjustify\">Las solicitudes telem\u00e1ticas podr\u00e1n presentarse del 6 al 16 de abril en la web oficial. En caso de superar la demanda a la oferta, las plazas se adjudicar\u00e1n mediante sorteo p\u00fablico el 21 de abril. Las inscripciones de seleccionados se realizar\u00e1n del 27 de abril al 7 de mayo, seguidas de los plazos para suplentes (14 y 15 de mayo) y la inscripci\u00f3n libre desde el 20 de mayo.<\/p>\n<p class=\"cmParagraph cmAlignjustify\">La atenci\u00f3n presencial se ofrecer\u00e1 en el Complejo Deportivo Huerta del Rey, con horarios ampliados durante el periodo de inscripci\u00f3n.<\/p>\n<p class=\"cmParagraph cmAlignjustify\"><strong>Novedades 2026<\/strong><\/p>\n<ul class=\" cmAlignjustify\">\n<li>Incremento del 4,14% en plazas respecto a 2025.<\/li>\n<li>Recuperaci\u00f3n del Campus de Atletismo y ampliaci\u00f3n de turnos en deportes de alta demanda.<\/li>\n<li>Nuevo Campamento Urbano en el Pinar de Antequera, con servicios ampliados.<\/li>\n<li>Refuerzo del modelo de inclusi\u00f3n en campamentos urbanos y de verano.<\/li>\n<li>Nuevas modalidades deportivas en los cursos: Gimnasia Art\u00edstica y Kendo.<\/li>\n<li>Mantenimiento del horario ininterrumpido de atenci\u00f3n al p\u00fablico durante los periodos clave.<\/li>\n<\/ul>\n<p class=\"cmParagraph cmAlignjustify\">M\u00e1s informaci\u00f3n sobre las actividades programadas, procedimientos de solicitud e inscripci\u00f3n y dem\u00e1s plazos en: <a href=\"https:\/\/campamentos.fmdva.org\/\" title=\"Este enlace se abrir\u00e1 en una ventana nueva.\" target=\"_blank\" rel=\"noopener noreferrer nofollow\">https:\/\/campamentos.fmdva.org <\/a><\/p>\n<p><\/p>\n","protected":false},"excerpt":{"rendered":"Descripci\u00f3n La Fundaci\u00f3n Municipal de Deportes del Ayuntamiento de Valladolid ha presentado la campa\u00f1a \u2018Tiempo de Verano 2026\u2019,&hellip;\n","protected":false},"author":2,"featured_media":468919,"comment_status":"","ping_status":"","sticky":false,"template":"","format":"standard","meta":{"footnotes":""},"categories":[5],"tags":[4115,4109,249,1250,17,18,4107,4114,777,4110,25,24,13,14,260,11,19,20,4108,9,4112,10,15,16,4111,4116,4113,23,12,21,22,1607],"class_list":["post-468918","post","type-post","status-publish","format-standard","has-post-thumbnail","category-titulares","tag-agendas","tag-alcaldia","tag-ayudas","tag-ayuntamiento","tag-breaking-news","tag-breakingnews","tag-castilla","tag-centros","tag-ciudad","tag-corporacion","tag-es","tag-espana","tag-featured-news","tag-featurednews","tag-gente","tag-headlines","tag-latest-news","tag-latestnews","tag-leon","tag-news","tag-normativas","tag-noticias","tag-noticias-destacadas","tag-noticiasdestacadas","tag-presupuestos","tag-publicaciones","tag-servicios","tag-spain","tag-titulares","tag-ultimas-noticias","tag-ultimasnoticias","tag-valladolid"],"share_on_mastodon":{"url":"","error":"Validation failed: Text character limit of 500 exceeded"},"_links":{"self":[{"href":"https:\/\/www.europesays.com\/es\/wp-json\/wp\/v2\/posts\/468918","targetHints":{"allow":["GET"]}}],"collection":[{"href":"https:\/\/www.europesays.com\/es\/wp-json\/wp\/v2\/posts"}],"about":[{"href":"https:\/\/www.europesays.com\/es\/wp-json\/wp\/v2\/types\/post"}],"author":[{"embeddable":true,"href":"https:\/\/www.europesays.com\/es\/wp-json\/wp\/v2\/users\/2"}],"replies":[{"embeddable":true,"href":"https:\/\/www.europesays.com\/es\/wp-json\/wp\/v2\/comments?post=468918"}],"version-history":[{"count":0,"href":"https:\/\/www.europesays.com\/es\/wp-json\/wp\/v2\/posts\/468918\/revisions"}],"wp:featuredmedia":[{"embeddable":true,"href":"https:\/\/www.europesays.com\/es\/wp-json\/wp\/v2\/media\/468919"}],"wp:attachment":[{"href":"https:\/\/www.europesays.com\/es\/wp-json\/wp\/v2\/media?parent=468918"}],"wp:term":[{"taxonomy":"category","embeddable":true,"href":"https:\/\/www.europesays.com\/es\/wp-json\/wp\/v2\/categories?post=468918"},{"taxonomy":"post_tag","embeddable":true,"href":"https:\/\/www.europesays.com\/es\/wp-json\/wp\/v2\/tags?post=468918"}],"curies":[{"name":"wp","href":"https:\/\/api.w.org\/{rel}","templated":true}]}}