{"id":469038,"date":"2026-03-27T15:16:14","date_gmt":"2026-03-27T15:16:14","guid":{"rendered":"https:\/\/www.europesays.com\/es\/469038\/"},"modified":"2026-03-27T15:16:14","modified_gmt":"2026-03-27T15:16:14","slug":"rosalia-sondada-y-en-la-ambulancia-comparte-su-primera-foto-tras-cancelar-el-concierto-en-milan-me-siento-mejor","status":"publish","type":"post","link":"https:\/\/www.europesays.com\/es\/469038\/","title":{"rendered":"Rosal\u00eda, sondada y en la ambulancia, comparte su primera foto tras cancelar el concierto en Mil\u00e1n: \u00abMe siento mejor\u00bb"},"content":{"rendered":"<p>Este mi\u00e9rcoles 25 de marzo,<a href=\"https:\/\/los40.com\/2026\/03\/23\/las-palabras-de-rosalia-sobre-su-estado-antes-de-su-concierto-de-zurich-me-sentia-un-poco-ansiosa-porque-me-importa-mucho-esto\/\" target=\"_blank\" rel=\"noreferrer nofollow noopener\" title=\"https:\/\/los40.com\/2026\/03\/23\/las-palabras-de-rosalia-sobre-su-estado-antes-de-su-concierto-de-zurich-me-sentia-un-poco-ansiosa-porque-me-importa-mucho-esto\/\"> Rosal\u00eda gener\u00f3 gran inquietud entre sus seguidores durante su concierto<\/a>. Mientras actuaba en el Unipol Forum, la artista catalana se vio obligada a detener la actuaci\u00f3n en plena interpretaci\u00f3n de <a href=\"https:\/\/los40.com\/2026\/03\/26\/eric-vetro-vocal-coach-de-rosalia-habla-sobre-la-cancelacion-del-concierto-en-milan-estaba-aterrorizado\/\" target=\"_blank\" rel=\"nofollow noopener\" title=\"https:\/\/los40.com\/2026\/03\/26\/eric-vetro-vocal-coach-de-rosalia-habla-sobre-la-cancelacion-del-concierto-en-milan-estaba-aterrorizado\/\">De Madrug\u00e1<\/a> debido a un fuerte malestar, posiblemente causado por una intoxicaci\u00f3n alimentaria, que la dej\u00f3 <b>\u00abb\u00e1sicamente en el suelo\u00bb<\/b>, seg\u00fan explic\u00f3 ella misma.<\/p>\n<p>\u00abIntent\u00e9 hacer este espect\u00e1culo desde el principio a pesar de estar enferma. Tuve una intoxicaci\u00f3n alimentaria muy grave e intent\u00e9 aguantar hasta el final, pero me siento fatal\u00bb, empez\u00f3 diciendo la cantante. <b>\u00abHe estado vomitando entre bastidores y de verdad quiero dar el mejor espect\u00e1culo posible,<\/b> y b\u00e1sicamente estoy aqu\u00ed, en el suelo, esforz\u00e1ndome al m\u00e1ximo\u00bb, termin\u00f3 diciendo antes de abandonar el escenario.<\/p>\n<p><img decoding=\"async\" src=\"https:\/\/www.europesays.com\/es\/wp-content\/uploads\/2026\/03\/BRUWAHSJV5F2DMSFX7IFYLHRYU.jpg\" alt=\"iHeartRadio Music Awards 2026: lista completa de los ganadores\" width=\"165\" height=\"138\"  loading=\"lazy\"\/><\/p>\n<p>Ahora, Rosal\u00eda ha compartido en sus historias de Instagram c\u00f3mo ha salido del recinto italiano: en la ambulancia, tumbada en una camilla y sondada. <\/p>\n<p><img decoding=\"async\" src=\"https:\/\/los40.com\/pf\/resources\/img\/logo-40-v-c.svg?d=964\" alt=\"LOS40\" class=\"i-pro\" width=\"68\" height=\"68\" loading=\"lazy\"\/><\/p>\n<p>La artista, que tiene mucho sentido del humor, aparece en la imagen con el pulgar hacia arriba y una sonrisa. <b>\u00abMe siento mejor. Gracias por todo el amor y el entendimiento<\/b> de todos los que han estado aqu\u00ed\u00bb, ha escrito Rosal\u00eda junto a la imagen. <\/p>\n<p><img decoding=\"async\" src=\"https:\/\/www.europesays.com\/es\/wp-content\/uploads\/2026\/03\/VSDQ7WJYPFBQ7DDYCWMBGBAGM4.jpeg\" alt=\"Rosal\u00eda en una foto de Instagram tras el concierto de Mil\u00e1n\" width=\"650\" height=\"1093\"  loading=\"lazy\"\/><\/p>\n<p>Rosal\u00eda en una foto de Instagram tras el concierto de Mil\u00e1n<\/p>\n<p>Ampliar<img decoding=\"async\" src=\"https:\/\/www.europesays.com\/es\/wp-content\/uploads\/2026\/03\/1774624574_342_VSDQ7WJYPFBQ7DDYCWMBGBAGM4.jpeg\" alt=\"Rosal\u00eda en una foto de Instagram tras el concierto de Mil\u00e1n\" width=\"650\" height=\"1093\" loading=\"lazy\"\/><\/p>\n<p>Rosal\u00eda en una foto de Instagram tras el concierto de Mil\u00e1n<\/p>\n<p>CerrarPr\u00f3xima parada: Madrid<\/p>\n<p>Tras su concierto en Mil\u00e1n, Rosal\u00eda tiene programada la primera fecha de LUX Tour en Espa\u00f1a para el pr\u00f3ximo lunes 30 de marzo en Madrid. De este modo, las palabras de la catalana un d\u00eda despu\u00e9s de cancelar su cita en Mil\u00e1n es una manera de tranquilizar a su p\u00fablico. Y es que la Rosal\u00eda es una aut\u00e9ntica todoterreno en el escenario. <\/p>\n<p>Pero habr\u00e1 que esperar para ver c\u00f3mo se encuentra la estrella y es que la intoxicaci\u00f3n alimentaria es conocida por implicar deshidrataci\u00f3n y debilidad durante varios d\u00edas, algo especialmente delicado en un tour que exige resistencia f\u00edsica constante. Mientras no haya confirmaci\u00f3n oficial, la continuidad del tour se mantiene sin cambios.<\/p>\n","protected":false},"excerpt":{"rendered":"Este mi\u00e9rcoles 25 de marzo, Rosal\u00eda gener\u00f3 gran inquietud entre sus seguidores durante su concierto. Mientras actuaba en&hellip;\n","protected":false},"author":2,"featured_media":469039,"comment_status":"","ping_status":"","sticky":false,"template":"","format":"standard","meta":{"footnotes":""},"categories":[91],"tags":[1765,146,147,25,24,96386,23,1766],"class_list":["post-469038","post","type-post","status-publish","format-standard","has-post-thumbnail","category-entretenimiento","tag-bestof","tag-entertainment","tag-entretenimiento","tag-es","tag-espana","tag-pmarc","tag-spain","tag-topix"],"share_on_mastodon":{"url":"https:\/\/pubeurope.com\/@es\/116301804009732169","error":""},"_links":{"self":[{"href":"https:\/\/www.europesays.com\/es\/wp-json\/wp\/v2\/posts\/469038","targetHints":{"allow":["GET"]}}],"collection":[{"href":"https:\/\/www.europesays.com\/es\/wp-json\/wp\/v2\/posts"}],"about":[{"href":"https:\/\/www.europesays.com\/es\/wp-json\/wp\/v2\/types\/post"}],"author":[{"embeddable":true,"href":"https:\/\/www.europesays.com\/es\/wp-json\/wp\/v2\/users\/2"}],"replies":[{"embeddable":true,"href":"https:\/\/www.europesays.com\/es\/wp-json\/wp\/v2\/comments?post=469038"}],"version-history":[{"count":0,"href":"https:\/\/www.europesays.com\/es\/wp-json\/wp\/v2\/posts\/469038\/revisions"}],"wp:featuredmedia":[{"embeddable":true,"href":"https:\/\/www.europesays.com\/es\/wp-json\/wp\/v2\/media\/469039"}],"wp:attachment":[{"href":"https:\/\/www.europesays.com\/es\/wp-json\/wp\/v2\/media?parent=469038"}],"wp:term":[{"taxonomy":"category","embeddable":true,"href":"https:\/\/www.europesays.com\/es\/wp-json\/wp\/v2\/categories?post=469038"},{"taxonomy":"post_tag","embeddable":true,"href":"https:\/\/www.europesays.com\/es\/wp-json\/wp\/v2\/tags?post=469038"}],"curies":[{"name":"wp","href":"https:\/\/api.w.org\/{rel}","templated":true}]}}