{"id":469516,"date":"2026-03-27T21:47:11","date_gmt":"2026-03-27T21:47:11","guid":{"rendered":"https:\/\/www.europesays.com\/es\/469516\/"},"modified":"2026-03-27T21:47:11","modified_gmt":"2026-03-27T21:47:11","slug":"soen-cierra-el-cartel-de-sun-and-thunder-el-festival-de-heavy-metal-de-fuengirola","status":"publish","type":"post","link":"https:\/\/www.europesays.com\/es\/469516\/","title":{"rendered":"SOEN cierra el cartel de Sun And Thunder, el festival de Heavy Metal de Fuengirola"},"content":{"rendered":"<p data-start=\"0\" data-end=\"465\" data-is-last-node=\"\" data-is-only-node=\"\">El festival <strong data-start=\"0\" data-end=\"19\" data-is-only-node=\"\">Sun And Thunder<\/strong>, que se llevar\u00e1 a cabo\u00a0del <strong>27 al 29 de agosto<\/strong> en <strong data-start=\"343\" data-end=\"369\">Marenostrum Fuengirola<\/strong>, M\u00e1laga, ha cerrado su cartel, con <strong>SOEN<\/strong> del ex OPETH Martin Lopez como principal banda en este \u00faltimo anuncio.<\/p>\n<p data-start=\"0\" data-end=\"465\" data-is-last-node=\"\" data-is-only-node=\"\">La organizaci\u00f3n comunica:<\/p>\n<p style=\"text-align: center;\">\u00abEl \u00faltimo nombre que termina de dar forma a Sun And Thunder 2026 no es otro que SOEN, los maestros suecos del metal progresivo. Liderados por Martin Lopez (ex-Opeth), SOEN aterriza en un escenario \u00fanico tras haber demostrado su enorme categor\u00eda como cabezas de cartel en festivales de culto como el Be Prog! My Friend. Su directo, cargado de una intensidad emocional y una calidad t\u00e9cnica fuera de serie, es el broche de oro perfecto para una edici\u00f3n que apuesta por la excelencia.<\/p>\n<p style=\"text-align: center;\">Con esta incorporaci\u00f3n, se consolida una segunda l\u00ednea de aut\u00e9ntico lujo internacional junto a la espectacularidad de\u00a0Lordi\u00a0y la magia hipn\u00f3tica de\u00a0Eiv\u00f8r. Todos ellos escoltando al gran coloso de esta edici\u00f3n:\u00a0AVANTASIA, en su\u00a0\u00fanico show en Espa\u00f1a para 2026. Un espect\u00e1culo exclusivo de gran formato que ha recorrido los principales escenarios del mundo y que presenta una oportunidad irrepetible de ver la mayor producci\u00f3n de Tobias Sammet frente al mar.<\/p>\n<p style=\"text-align: center;\">Pero hay mucho m\u00e1s. El cartel re\u00fane la trayectoria de leyendas del g\u00e9nero como Primal Fear y Destruction, y se abre a sonidos m\u00e1s oscuros y de vanguardia con Harakiri For The Sky y Gaerea. La energ\u00eda m\u00e1s festiva llega con All For Metal, mientras que la frescura internacional de\u00a0Calva Louise, la arrolladora energ\u00eda viral de Adam and the Metal Hawks\u00a0y la contundencia de\u00a0Nefarious\u00a0completan un viaje musical sin fisuras.<\/p>\n<p style=\"text-align: center;\">Un viaje que no estar\u00eda completo sin la autenticidad de bandas que son puro motor de la escena nacional: la \u00e9pica de Debler, la veteran\u00eda de Siddharta, la crudeza de Vendetta FM y la fuerza de Aivor. A ellos se suma, desde Londres, Tempest Saint, en colaboraci\u00f3n con la London Metal Coalition, tendiendo un puente directo con la cuna del g\u00e9nero.<\/p>\n<p style=\"text-align: center;\">Un lineup construido para funcionar como conjunto, donde cada banda suma y cada concierto tiene su espacio\u00bb.<\/p>\n<p style=\"text-align: center;\">\n","protected":false},"excerpt":{"rendered":"El festival Sun And Thunder, que se llevar\u00e1 a cabo\u00a0del 27 al 29 de agosto en Marenostrum Fuengirola,&hellip;\n","protected":false},"author":2,"featured_media":469517,"comment_status":"","ping_status":"","sticky":false,"template":"","format":"standard","meta":{"footnotes":""},"categories":[170],"tags":[58766,3559,69596,146,147,25,24,69598,5982,188,70242,184,185,1502,58661,23,571,36786],"class_list":["post-469516","post","type-post","status-publish","format-standard","has-post-thumbnail","category-musica","tag-avantasia","tag-black-metal","tag-death-metal","tag-entertainment","tag-entretenimiento","tag-es","tag-espana","tag-folk-metal","tag-hard-rock","tag-heavy-metal","tag-metal-progresivo","tag-music","tag-musica","tag-power-metal","tag-soen","tag-spain","tag-thrash-metal","tag-twisted-sister"],"share_on_mastodon":{"url":"https:\/\/pubeurope.com\/@es\/116303341461984390","error":""},"_links":{"self":[{"href":"https:\/\/www.europesays.com\/es\/wp-json\/wp\/v2\/posts\/469516","targetHints":{"allow":["GET"]}}],"collection":[{"href":"https:\/\/www.europesays.com\/es\/wp-json\/wp\/v2\/posts"}],"about":[{"href":"https:\/\/www.europesays.com\/es\/wp-json\/wp\/v2\/types\/post"}],"author":[{"embeddable":true,"href":"https:\/\/www.europesays.com\/es\/wp-json\/wp\/v2\/users\/2"}],"replies":[{"embeddable":true,"href":"https:\/\/www.europesays.com\/es\/wp-json\/wp\/v2\/comments?post=469516"}],"version-history":[{"count":0,"href":"https:\/\/www.europesays.com\/es\/wp-json\/wp\/v2\/posts\/469516\/revisions"}],"wp:featuredmedia":[{"embeddable":true,"href":"https:\/\/www.europesays.com\/es\/wp-json\/wp\/v2\/media\/469517"}],"wp:attachment":[{"href":"https:\/\/www.europesays.com\/es\/wp-json\/wp\/v2\/media?parent=469516"}],"wp:term":[{"taxonomy":"category","embeddable":true,"href":"https:\/\/www.europesays.com\/es\/wp-json\/wp\/v2\/categories?post=469516"},{"taxonomy":"post_tag","embeddable":true,"href":"https:\/\/www.europesays.com\/es\/wp-json\/wp\/v2\/tags?post=469516"}],"curies":[{"name":"wp","href":"https:\/\/api.w.org\/{rel}","templated":true}]}}