{"id":46999,"date":"2025-08-14T13:49:09","date_gmt":"2025-08-14T13:49:09","guid":{"rendered":"https:\/\/www.europesays.com\/es\/46999\/"},"modified":"2025-08-14T13:49:09","modified_gmt":"2025-08-14T13:49:09","slug":"un-muerto-y-cinco-heridos-graves-tras-estrellarse-un-globo-aerostatico-con-34-ocupantes-por-un-cambio-brusco-de-viento","status":"publish","type":"post","link":"https:\/\/www.europesays.com\/es\/46999\/","title":{"rendered":"Un muerto y cinco heridos graves tras estrellarse un globo aerost\u00e1tico con 34 ocupantes por un cambio brusco de viento"},"content":{"rendered":"<p class=\"c-paragraph\">Una persona ha muerto y cinco han resultado heridas de gravedad en un accidente de globo aerost\u00e1tico en la regi\u00f3n de Frisia, en Pa\u00edses Bajos, uno de los m\u00e1s graves registrados en el pa\u00eds con este medio de transporte, seg\u00fan informan este jueves los medios neerlandeses.\u00a0<\/p>\n<p class=\"c-paragraph\">El aparato, en el que viajaban <b>34 adultos<\/b> incluidos el piloto y el copiloto, hab\u00eda comenzado a descender para aterrizar en un \u00e1rea despejada y ya casi estaba en el suelo cuando una repentina r\u00e1faga de viento hizo que ganase velocidad y volcase. Esto hizo que <b>rebotase varias veces contra el suelo <\/b>y que los pasajeros saliesen despedidos, seg\u00fan explic\u00f3 la Real Asociaci\u00f3n Aeron\u00e1utica de Pa\u00edses Bajos.<\/p>\n<p class=\"c-paragraph\">Pese a que los servicios de emergencia intervinieron r\u00e1pidamente, <b>no lograron reanimar a una de las personas heridas<\/b>, que acab\u00f3 falleciendo, y cinco pasajeros m\u00e1s tuvieron que ser trasladados al hospital, tres de ellos heridos de gravedad, seg\u00fan informa la cadena p\u00fablica NOS.\u00a0<\/p>\n<p class=\"c-paragraph\">Las autoridades siguen investigando las causas concretas del accidente tras hablar con la tripulaci\u00f3n y los pasajeros, indic\u00f3 un portavoz de la regi\u00f3n de Frisia a este medio, precisando que a\u00fan hay<b> \u00abespeculaciones\u00bb sobre si se debi\u00f3 a la meteorolog\u00eda<\/b>, diferencias de presi\u00f3n o a la temperatura. Un portavoz de la Real Asociaci\u00f3n Aeron\u00e1utica de Pa\u00edses Bajos explic\u00f3 ayer que el globo habr\u00eda sido golpeado por una r\u00e1faga de viento, ya que el mi\u00e9rcoles se registraron en la regi\u00f3n vientos de entre 18 y 26 kil\u00f3metros por hora, aunque esto no deber\u00eda suponer en principio un problema para un globo aerost\u00e1tico.<\/p>\n<p class=\"c-paragraph\">Sin embargo, en el momento del accidente la velocidad de las r\u00e1fagas habr\u00eda alcanzado hasta unos 31 kil\u00f3metros por hora, lo que ser\u00eda demasiado para un aparato de esas caracter\u00edsticas, seg\u00fan los medios locales.<\/p>\n","protected":false},"excerpt":{"rendered":"Una persona ha muerto y cinco han resultado heridas de gravedad en un accidente de globo aerost\u00e1tico en&hellip;\n","protected":false},"author":2,"featured_media":47000,"comment_status":"","ping_status":"","sticky":false,"template":"","format":"standard","meta":{"footnotes":""},"categories":[42],"tags":[17,18,19274,13,14,14001,11,11225,61,62,63,64,19,20,5555,9,10,15,16,12,603,21,22,65,66,67],"class_list":{"0":"post-46999","1":"post","2":"type-post","3":"status-publish","4":"format-standard","5":"has-post-thumbnail","7":"category-internacional","8":"tag-breaking-news","9":"tag-breakingnews","10":"tag-estrellarse","11":"tag-featured-news","12":"tag-featurednews","13":"tag-graves","14":"tag-headlines","15":"tag-heridos","16":"tag-internacional","17":"tag-international","18":"tag-international-news","19":"tag-internationalnews","20":"tag-latest-news","21":"tag-latestnews","22":"tag-muerto","23":"tag-news","24":"tag-noticias","25":"tag-noticias-destacadas","26":"tag-noticiasdestacadas","27":"tag-titulares","28":"tag-tres","29":"tag-ultimas-noticias","30":"tag-ultimasnoticias","31":"tag-world","32":"tag-world-news","33":"tag-worldnews"},"share_on_mastodon":{"url":"","error":""},"_links":{"self":[{"href":"https:\/\/www.europesays.com\/es\/wp-json\/wp\/v2\/posts\/46999","targetHints":{"allow":["GET"]}}],"collection":[{"href":"https:\/\/www.europesays.com\/es\/wp-json\/wp\/v2\/posts"}],"about":[{"href":"https:\/\/www.europesays.com\/es\/wp-json\/wp\/v2\/types\/post"}],"author":[{"embeddable":true,"href":"https:\/\/www.europesays.com\/es\/wp-json\/wp\/v2\/users\/2"}],"replies":[{"embeddable":true,"href":"https:\/\/www.europesays.com\/es\/wp-json\/wp\/v2\/comments?post=46999"}],"version-history":[{"count":0,"href":"https:\/\/www.europesays.com\/es\/wp-json\/wp\/v2\/posts\/46999\/revisions"}],"wp:featuredmedia":[{"embeddable":true,"href":"https:\/\/www.europesays.com\/es\/wp-json\/wp\/v2\/media\/47000"}],"wp:attachment":[{"href":"https:\/\/www.europesays.com\/es\/wp-json\/wp\/v2\/media?parent=46999"}],"wp:term":[{"taxonomy":"category","embeddable":true,"href":"https:\/\/www.europesays.com\/es\/wp-json\/wp\/v2\/categories?post=46999"},{"taxonomy":"post_tag","embeddable":true,"href":"https:\/\/www.europesays.com\/es\/wp-json\/wp\/v2\/tags?post=46999"}],"curies":[{"name":"wp","href":"https:\/\/api.w.org\/{rel}","templated":true}]}}