{"id":469994,"date":"2026-03-28T04:42:14","date_gmt":"2026-03-28T04:42:14","guid":{"rendered":"https:\/\/www.europesays.com\/es\/469994\/"},"modified":"2026-03-28T04:42:14","modified_gmt":"2026-03-28T04:42:14","slug":"critica-de-proyecto-salvacion-con-ryan-gosling-una-de-las-peliculas-del-ano-libertad-digital","status":"publish","type":"post","link":"https:\/\/www.europesays.com\/es\/469994\/","title":{"rendered":"Cr\u00edtica de &#8216;Proyecto Salvaci\u00f3n&#8217; con Ryan Gosling: una de las pel\u00edculas del a\u00f1o &#8211; Libertad Digital"},"content":{"rendered":"<p>La pel\u00edcula <strong>Proyecto Salvaci\u00f3n<\/strong>, que se estrena el viernes 27 de marzo en cines, es una adaptaci\u00f3n de ciencia ficci\u00f3n protagonizada por Ryan Gosling y basada en la novela de Andy Weir, el mismo autor en el que se bas\u00f3 la pel\u00edcula Marte (The Martian) de Ridley Scott.<\/p>\n<p>La historia sigue a Ryland Grace, un profesor que despierta solo en una nave espacial sin recordar qui\u00e9n es ni cu\u00e1l es su misi\u00f3n y poco a poco descubre que es la \u00faltima esperanza de la humanidad para salvar la Tierra de una amenaza relacionada con el Sol.<\/p>\n<p>La pel\u00edcula est\u00e1 dirigida por Phil Lord y Christopher Miller y destaca por combinar ciencia realista con emoci\u00f3n, humor y una historia de supervivencia similar&#8230; con la aparici\u00f3n sorpresa de un personaje que cambia el destino de la historia.<\/p>\n<p>En el v\u00eddeo para <a href=\"https:\/\/www.youtube.com\/@LDcultura\" rel=\"nofollow noreferrer noopener\" target=\"_blank\">@LDCultura<\/a>, Juanma Gonz\u00e1lez (<a href=\"https:\/\/x.com\/confecinepata\" rel=\"nofollow noreferrer noopener\" target=\"_blank\">@confecinepata<\/a>) comenta para <strong>Libertad Digital<\/strong> y <strong>esRadio<\/strong> las muchas virtudes de la pel\u00edcula, con un tono muy alejado de 2001: Una Odisea en el Espacio, Interstellar u otras f\u00e1bulas similares.<\/p>\n<p>    Relacionado<\/p>\n<p>A ritmo de, en ocasiones, comedia de enredo, esta pel\u00edcula de ciencia ficci\u00f3n se beneficia del cambio de formato y estar rodada para IMAX, y sin duda aporta una nueva perspectiva a las cl\u00e1sicas pel\u00edculas apocal\u00edpticas de Hollywood. Es, a la vez, la pel\u00edcula con un planteamiento m\u00e1s adulto del d\u00fao Lord\/Miller, capaces de respetar la aproximaci\u00f3n cient\u00edfica e intelectual de la novela de Weir para basarse en la curiosidad, no las escenas de destrucci\u00f3n masiva.<\/p>\n<p>Pero, sobre todo, la pel\u00edcula triunfa contando la historia de una amistad y una interpretaci\u00f3n heroica pero carente de magnificencia de Ryan Gosling, que junto a Rocky -nos ahorramos spoilers- conforma una buddy movie para el recuerdo.<\/p>\n<p>A medio camino entre E.T. y Encuentros en la Tercera Fase, el film puede presumir de una estupenda banda sonora (obra de Daniel Pemberton, Enola Holmes) y una escena de karaoke para el recuerdo: la servida por la alemana Sandra H\u00fcller, que sin duda recordar\u00e1 y mucho -y con raz\u00f3n- a cierto momento trascendental de La La Land, tambi\u00e9n protagonizada por Gosling.<\/p>\n<p>Sinopsis oficial: el profesor de ciencias Ryland Grace (Ryan Gosling) se despierta en una nave espacial a a\u00f1os luz de casa sin recordar qui\u00e9n es ni c\u00f3mo ha llegado hasta all\u00ed. A medida que recupera la memoria, empieza a descubrir su misi\u00f3n: resolver el enigma de la misteriosa sustancia que provoca la extinci\u00f3n del Sol. Deber\u00e1 recurrir a sus conocimientos cient\u00edficos y a sus ideas poco ortodoxas para salvar todo lo que hay en la Tierra de la extinci\u00f3n&#8230; pero una amistad inesperada significa que quiz\u00e1 no tenga que hacerlo solo.<\/p>\n","protected":false},"excerpt":{"rendered":"La pel\u00edcula Proyecto Salvaci\u00f3n, que se estrena el viernes 27 de marzo en cines, es una adaptaci\u00f3n de&hellip;\n","protected":false},"author":2,"featured_media":469995,"comment_status":"","ping_status":"","sticky":false,"template":"","format":"standard","meta":{"footnotes":""},"categories":[169],"tags":[94281,94282,177,146,147,25,24,176,175,85687,94280,62387,95800,36278,3889,23],"class_list":["post-469994","post","type-post","status-publish","format-standard","has-post-thumbnail","category-cine","tag-andy-weir","tag-christopher-miller","tag-cine","tag-entertainment","tag-entretenimiento","tag-es","tag-espana","tag-film","tag-movies","tag-phil-lord","tag-project-hail-mary","tag-proyecto-fin-del-mundo","tag-proyecto-salvacion","tag-ryan-gosling","tag-sector-del-cine","tag-spain"],"share_on_mastodon":{"url":"https:\/\/pubeurope.com\/@es\/116304972664107490","error":""},"_links":{"self":[{"href":"https:\/\/www.europesays.com\/es\/wp-json\/wp\/v2\/posts\/469994","targetHints":{"allow":["GET"]}}],"collection":[{"href":"https:\/\/www.europesays.com\/es\/wp-json\/wp\/v2\/posts"}],"about":[{"href":"https:\/\/www.europesays.com\/es\/wp-json\/wp\/v2\/types\/post"}],"author":[{"embeddable":true,"href":"https:\/\/www.europesays.com\/es\/wp-json\/wp\/v2\/users\/2"}],"replies":[{"embeddable":true,"href":"https:\/\/www.europesays.com\/es\/wp-json\/wp\/v2\/comments?post=469994"}],"version-history":[{"count":0,"href":"https:\/\/www.europesays.com\/es\/wp-json\/wp\/v2\/posts\/469994\/revisions"}],"wp:featuredmedia":[{"embeddable":true,"href":"https:\/\/www.europesays.com\/es\/wp-json\/wp\/v2\/media\/469995"}],"wp:attachment":[{"href":"https:\/\/www.europesays.com\/es\/wp-json\/wp\/v2\/media?parent=469994"}],"wp:term":[{"taxonomy":"category","embeddable":true,"href":"https:\/\/www.europesays.com\/es\/wp-json\/wp\/v2\/categories?post=469994"},{"taxonomy":"post_tag","embeddable":true,"href":"https:\/\/www.europesays.com\/es\/wp-json\/wp\/v2\/tags?post=469994"}],"curies":[{"name":"wp","href":"https:\/\/api.w.org\/{rel}","templated":true}]}}