{"id":470470,"date":"2026-03-28T11:31:13","date_gmt":"2026-03-28T11:31:13","guid":{"rendered":"https:\/\/www.europesays.com\/es\/470470\/"},"modified":"2026-03-28T11:31:13","modified_gmt":"2026-03-28T11:31:13","slug":"asi-es-a-sus-33-anos-malcolm-d-kelley-el-pequeno-walt-en-perdidos","status":"publish","type":"post","link":"https:\/\/www.europesays.com\/es\/470470\/","title":{"rendered":"As\u00ed es a sus 33 a\u00f1os Malcolm D. Kelley, el peque\u00f1o Walt en &#8216;Perdidos&#8217;"},"content":{"rendered":"<p class=\"c-paragraph\">Durante los a\u00f1os en que <b>Perdidos\u00a0dominaba la conversaci\u00f3n<\/b> de seri\u00e9filos de todo el planeta, uno de los rostros m\u00e1s reconocibles (y enigm\u00e1ticos) era el del joven <b>Walt Lloyd, interpretado por Malcolm David Kelley<\/b>. Su historia, marcada por fen\u00f3menos inexplicables y una repentina desaparici\u00f3n de la trama, dej\u00f3 huella entre los seguidores de la serie. Pero \u00bfqu\u00e9 fue del actor tras abandonar la isla?<\/p>\n<p class=\"c-paragraph\">Aunque ya hab\u00eda trabajado en televisi\u00f3n antes, en series como Juez Amy o CSI, su gran oportunidad llegar\u00eda en 2004 con Perdidos, la ficci\u00f3n de <b>J.J. Abrams y Damon Lindelof<\/b>, donde interpretaba al hijo de Michael, uno de los supervivientes del vuelo 815.<\/p>\n<p class=\"c-paragraph\">Su personaje pronto se convirti\u00f3 en clave dentro del misterio de la serie: Walt parec\u00eda <b>poseer habilidades ps\u00edquicas<\/b>, una l\u00ednea narrativa que intrig\u00f3 a los fans y que, como tantas otras, gener\u00f3 frustraci\u00f3n cuando qued\u00f3 inconclusa, precipitada adem\u00e1s por la imposibilidad de seguir camuflando su crecimiento y adecuarlo al tiempo narrativo de la historia. En resumidas cuentas: <b>Walt no pod\u00eda crecer<\/b>, y su personaje sali\u00f3 de la serie.<\/p>\n<p class=\"c-paragraph\">Aunque continu\u00f3 despu\u00e9s trabajando como actor, no lleg\u00f3 a alcanzar el mismo nivel de exposici\u00f3n. Particip\u00f3 con un papel principal en Detroit, donde interpret\u00f3 a uno de los j\u00f3venes implicados en los disturbios raciales de 1967, y apareci\u00f3 en otras series del momento, pero su cambio m\u00e1s significativo lleg\u00f3 fuera de la interpretaci\u00f3n: Kelley decidi\u00f3 <b>volcarse en la m\u00fasica<\/b>\u00a0y form\u00f3, junto a Tony Oller, el <b>d\u00fao MKTO<\/b>.\u00a0<\/p>\n<p class=\"c-paragraph\">El grupo alcanz\u00f3 mucha popularidad a mediados de la d\u00e9cada de 2010 con temas como <b>Classic, que acumul\u00f3 millones de reproducciones<\/b> y se convirti\u00f3 en un \u00e9xito internacional.<\/p>\n<p class=\"c-paragraph\">Su carrera en la industria de la m\u00fasica no fue, como sucede con otras estrellas de la pantalla, algo anecd\u00f3tico ni mucho menos: MKTO ocup\u00f3 la vida profesional de Kelley casi al completo y la formaci\u00f3n <b>disfrut\u00f3 de un \u00e9xito considerable, hasta su separaci\u00f3n en 2017<\/b>.<\/p>\n<p class=\"c-paragraph\">Con su carrera interpretativa muy mermada tras su dedicaci\u00f3n a su faceta musical, Kelley y Oller <b>decidieron reagruparse<\/b> y, aunque de manera no del todo regular, mantienen de nuevo actividad juntos: MKTO sigue dando conciertos y, reci\u00e9n terminada su <b>gira australiana de 2025<\/b>, han prometido a sus fans \u00absorpresas para este 2026\u00bb.<\/p>\n","protected":false},"excerpt":{"rendered":"Durante los a\u00f1os en que Perdidos\u00a0dominaba la conversaci\u00f3n de seri\u00e9filos de todo el planeta, uno de los rostros&hellip;\n","protected":false},"author":2,"featured_media":470471,"comment_status":"","ping_status":"","sticky":false,"template":"","format":"standard","meta":{"footnotes":""},"categories":[174],"tags":[6416,988,8722,255,146,147,25,24,256,23,20899],"class_list":["post-470470","post","type-post","status-publish","format-standard","has-post-thumbnail","category-famosos","tag-6416","tag-anos","tag-asi","tag-celebrities","tag-entertainment","tag-entretenimiento","tag-es","tag-espana","tag-famosos","tag-spain","tag-sus"],"share_on_mastodon":{"url":"https:\/\/pubeurope.com\/@es\/116306580856180645","error":""},"_links":{"self":[{"href":"https:\/\/www.europesays.com\/es\/wp-json\/wp\/v2\/posts\/470470","targetHints":{"allow":["GET"]}}],"collection":[{"href":"https:\/\/www.europesays.com\/es\/wp-json\/wp\/v2\/posts"}],"about":[{"href":"https:\/\/www.europesays.com\/es\/wp-json\/wp\/v2\/types\/post"}],"author":[{"embeddable":true,"href":"https:\/\/www.europesays.com\/es\/wp-json\/wp\/v2\/users\/2"}],"replies":[{"embeddable":true,"href":"https:\/\/www.europesays.com\/es\/wp-json\/wp\/v2\/comments?post=470470"}],"version-history":[{"count":0,"href":"https:\/\/www.europesays.com\/es\/wp-json\/wp\/v2\/posts\/470470\/revisions"}],"wp:featuredmedia":[{"embeddable":true,"href":"https:\/\/www.europesays.com\/es\/wp-json\/wp\/v2\/media\/470471"}],"wp:attachment":[{"href":"https:\/\/www.europesays.com\/es\/wp-json\/wp\/v2\/media?parent=470470"}],"wp:term":[{"taxonomy":"category","embeddable":true,"href":"https:\/\/www.europesays.com\/es\/wp-json\/wp\/v2\/categories?post=470470"},{"taxonomy":"post_tag","embeddable":true,"href":"https:\/\/www.europesays.com\/es\/wp-json\/wp\/v2\/tags?post=470470"}],"curies":[{"name":"wp","href":"https:\/\/api.w.org\/{rel}","templated":true}]}}