{"id":470802,"date":"2026-03-28T16:09:13","date_gmt":"2026-03-28T16:09:13","guid":{"rendered":"https:\/\/www.europesays.com\/es\/470802\/"},"modified":"2026-03-28T16:09:13","modified_gmt":"2026-03-28T16:09:13","slug":"berlin-redescubre-los-colores-perdidos-de-carpaccio","status":"publish","type":"post","link":"https:\/\/www.europesays.com\/es\/470802\/","title":{"rendered":"Berl\u00edn redescubre los colores perdidos de Carpaccio"},"content":{"rendered":"<p style=\"\">Hacia 1505, en los muelles de Venecia se cargaban y descargaban mercanc\u00edas ex\u00f3ticas y los viajeros iban y ven\u00edan. Los barcos navegaban hacia Oriente Pr\u00f3ximo, el mar Negro y, a trav\u00e9s del Estrecho de Gibraltar, hacia Francia, Inglaterra o los Pa\u00edses Bajos, volviendo llenos de  &#8230; noticias de tierras lejanas, de Alejandr\u00eda y Constantinopla hasta Alepo, que convert\u00edan a Venecia en un caleidoscopio de mapas, im\u00e1genes y sue\u00f1os. Todo aquello alimentaba la imaginaci\u00f3n de uno de los artistas de aquellos a\u00f1os deslumbrantes: Vittore Carpaccio (hacia 1465 &#8211; 1525\/26) quien, por aquel entonces, pintaba en casi dos metros de lienzo, una escena inquietante y sobrenatural: el cuerpo de Cristo muerto con el G\u00f3lgota al fondo. El cuadro empieza por la esquina superior derecha donde, a lo lejos, se distinguen tres cruces. La de Cristo est\u00e1 vac\u00eda y destaca en el centro por su altura. Las otras dos est\u00e1n enfrentadas, en la cruz de Dimas se distinguen sus brazos finos como alambres. En el prado cercano, un pastor toca una trompa ante su reba\u00f1o de ovejas en una imagen evocadora de la Eucarist\u00eda. El cielo amenazante muestra una combinaci\u00f3n de azul brillante en la parte inferior con nubes grises persistentes en la parte superior. <\/p>\n<p class=\"v-d-p\" style=\"\">En primer plano y en medio del campo, el cuerpo de Cristo aparece tendido sobre un altar de piedra con cinco patas que representan sus cinco llagas. El soporte central es de m\u00e1rmol rojo como la columna de la flagelaci\u00f3n te\u00f1ida de sangre. En las monta\u00f1as del fondo, cercanas a Jerusal\u00e9n, dos hombres con turbante mueven la l\u00e1pida de un sepulcro horadado bajo el valle del Calvario. Carpaccio se preocupaba por sugerir los trajes de los pueblos isl\u00e1micos, ya fueran unos mamelucos velados o una dama con el tocado de una esclava circasiana. Delante de ellos, un tercer personaje levanta un balde con agua. Es Nicodemo, figura central en la representaci\u00f3n por su conversi\u00f3n al cristianismo y quien, siguiendo la costumbre jud\u00eda, lav\u00f3 y prepar\u00f3 el cuerpo de Jes\u00fas con una mezcla de mirra y aloe. A su alrededor, el campo suave y arbolado con un lago y caminos transitados, est\u00e1 cubierto por calaveras, esqueletos, quijadas, cabezas de p\u00e1jaro muerto y alg\u00fan cad\u00e1ver que sale del suelo y queda esparcido de forma espantosa.<\/p>\n<p class=\"v-d-p\" style=\"\">Las principales obras de Carpaccio a\u00fan se encuentran en Venecia, pero la <strong>Gem\u00e4ldegalerie de Berl\u00edn<\/strong> posee dos de ellas. Tras cuatro a\u00f1os de restauraci\u00f3n, &#8216;La preparaci\u00f3n de la tumba de Cristo&#8217; (hacia 1505-20) renace llena de matices y el gris p\u00e9treo del cuerpo de Cristo destaca ahora del blanco de su pa\u00f1o de pureza. El lienzo limpio se muestra por primera vez al p\u00fablico ocupando el lugar central de la peque\u00f1a exposici\u00f3n: &#8216;Homenaje a Vittore Carpaccio&#8217;, donde le acompa\u00f1an cuadros de Giovanni Bellini y otros venecianos de la colecci\u00f3n, un dibujo de Cristo tambi\u00e9n atribuido a Carpaccio, un grabado de Mantegna que caus\u00f3 gran impresi\u00f3n en el pintor, otros dibujos del Kupferstichkabinett y una r\u00e9plica de un panel del &#8216;Bilderatlas Mnemosyne&#8217; de Aby Warburg.<\/p>\n<ul class=\"v-cmp-rld__u\">\n<li class=\"v-cmp-rld__l\">\n<p><a class=\"v-a-lnk\" href=\"http:\/\/www.abc.es\/cultura\/arte\/ruth-asawa-tejedora-alambre-brilla-titanio-guggenheim-20260318134542-nt.html#vtm_modulosEngag=noticiasrelacionadas-cmp-uno:cultura:noticia:1\" title=\"Ruth Asawa, la tejedora de alambre que brilla en Guggenheim Bilbao\" data-voc-vtm-id=\"in-text-traffic\" rel=\"nofollow noopener\" target=\"_blank\"><br \/>\n<img decoding=\"async\" loading=\"lazy\" src=\"https:\/\/www.europesays.com\/es\/wp-content\/uploads\/2026\/03\/asawa11111-U20802857674NrB-U04440604068lSN-366x256@diario_abc.png\" class=\"v-a-img\" width=\"258\" height=\"180\" alt=\"Ruth Asawa, la tejedora de alambre que brilla en Guggenheim Bilbao\"\/><br \/>\n<\/a><\/p>\n<\/li>\n<\/ul>\n<p class=\"v-d-p\" style=\"\">No se han publicado cifras del precio de la restauraci\u00f3n pero <strong>Neville Rowley<\/strong>, comisario de la muestra, explica que el tama\u00f1o reducido de \u00e9sta \u2013tan s\u00f3lo una docena de obras\u2013, responde a un criterio de reducci\u00f3n de costes. Una exposici\u00f3n ideal habr\u00eda incluido &#8216;La meditaci\u00f3n de la Pasi\u00f3n&#8217; (hacia 1490), el Carpaccio del Metropolitan de Nueva York con un Job muy similar y que, en su d\u00eda, tuvo tambi\u00e9n una firma falsa de Mantegna.<\/p>\n<p class=\"v-d-p\" style=\"\">Como es habitual en los artistas italianos activos antes de la segunda d\u00e9cada del siglo XVI, la informaci\u00f3n sobre la vida de Carpaccio es escasa. Se sabe que, a diferencia de la mayor\u00eda, que vivieron y trabajaron en la Venecia renacentista, era natural de la ciudad. Su padre, Pietro Scarpaza, era comerciante de pieles y cueros y viv\u00eda en la Iglesia de San Raffaelle Arcangelo.<\/p>\n<p>\nPintor de narrativas\n<\/p>\n<p class=\"v-d-p\" style=\"\">Vittore utiliz\u00f3 la forma veneciana de su apellido para firmar tres obras tempranas pero en 1490, con &#8216;La llegada a Colonia&#8217; del ciclo de Santa \u00darsula, lo latiniz\u00f3 a Carpatius (m\u00e1s tarde Carpathius). Y, aunque Vasari segu\u00eda llam\u00e1ndole &#8216;Scarpaccia&#8217;, fue Carlo Ridolfi quien lo italianiz\u00f3 a Carpaccio. La dataci\u00f3n de sus primeras obras est\u00e1 relacionada con la identificaci\u00f3n del taller en el que se form\u00f3. Dado que a lo largo de su carrera fue elogiado como pintor de narrativas a gran escala, se dedujo que su maestro pudo ser el especialista local en el g\u00e9nero: Gentile Bellini. Sin embargo, los estudiosos del siglo XX se mostraron reacios porque el sentido de la luz, el espacio y la expresi\u00f3n humana de Carpaccio parec\u00edan tener poco que ver con \u00e9l. Se apunt\u00f3 entonces a su hermano, el gran Giovanni Bellini, por el descubrimiento de la firma de Carpaccio \u2013en su forma veneciana\u2013 en una Virgen temprana y muy bellinesca.<\/p>\n<p class=\"v-d-p\" style=\"\">No sabemos d\u00f3nde vivi\u00f3 o trabaj\u00f3 en la primera parte de su carrera, pero documentos muestran que, desde aproximadamente 1513 hasta su muerte, alquil\u00f3 una casa grande de dos plantas cerca de la desembocadura del Gran Canal y de la Iglesia de San Maurizio, junto al Palazzo Corner. Deb\u00eda de vivir en la planta superior con su mujer Laura y sus dos hijos pintores, Pietro y Benedetto, adem\u00e1s de otros alumnos y ayudantes mientras, en la planta baja y con entrada al canal, estaba su taller desde donde las tablas y lienzos terminados sal\u00edan por el agua hasta sus destinos.<\/p>\n<p class=\"v-a-t\">\nDurante los 40 a\u00f1os de su carrera, Carpaccio apenas sali\u00f3 de Venecia\n<\/p>\n<p class=\"v-d-p\" style=\"\">Durante los 40 a\u00f1os de su carrera, Carpaccio apenas sali\u00f3 de Venecia, pero la rica cultura visual de la ciudad a finales del siglo XV le habr\u00eda proporcionado innumerables fuentes de inspiraci\u00f3n. No todas ellas eran necesariamente venecianas ya que forj\u00f3 su estilo en una ciudad que entonces era un importante centro de publicaci\u00f3n y distribuci\u00f3n de libros impresos de cuyas ilustraciones imaginaba edificios, tocados o trajes ex\u00f3ticos. Adem\u00e1s, las pinturas flamencas importadas a la ciudad debieron de contribuir en la representaci\u00f3n de interiores dom\u00e9sticos llenos de luz y paisajes cuajados de pormenores naturales. Carpaccio tambi\u00e9n debi\u00f3 de tener acceso a la obra de otros artistas que visitaron la ciudad: el siciliano Antonello da Messina y, m\u00e1s tarde, Pietro Perugino y Alberto Durero. <\/p>\n<p class=\"v-d-p\" style=\"\">Desde el comienzo de su carrera, adem\u00e1s de grandes encargos p\u00fablicos, hizo cuadros de menor tama\u00f1o para las casas de sus clientes. Peter Humfrey, especialista en el pintor se\u00f1ala que, aunque no se sabe con certeza en qu\u00e9 cuartos se exhib\u00edan o de qu\u00e9 manera las ver\u00edan sus propietarios, el propio Carpaccio ofrece claves en algunos de sus interiores dom\u00e9sticos: en el cuarto de \u00darsula a la derecha de &#8216;La recepci\u00f3n de los embajadores&#8217; puede verse una Virgen colgada sobre la cama o, en &#8216;El sue\u00f1o de Santa \u00darsula&#8217; se muestra un cuadro en la pared del dormitorio. En ambos casos, la ubicaci\u00f3n elevada sugiere que su funci\u00f3n era proporcionar la sensaci\u00f3n de que Cristo, la Virgen y los santos vigilaban y proteg\u00edan la casa. O bien, cuando se colocaban m\u00e1s abajo, la imagen podr\u00eda tener una funci\u00f3n did\u00e1ctica para ayudar a instruir a los hijos en valores cristianos.<\/p>\n<p class=\"v-d-p\" style=\"\">A lo largo de los siglos, Carpaccio se ha convertido en el cronista de la Venecia de la \u00e9poca y en uno de los testigos m\u00e1s fiables de su vida y costumbres. Era t\u00edpico del pintor-narrador el enriquecimiento de la escena con infinidad de detalles secundarios. En &#8216;La preparaci\u00f3n de la tumba de Cristo&#8217; es f\u00e1cil ir saltando por el bermell\u00f3n de la t\u00fanica de Jos\u00e9 de Arimatea al plomo rojo de la tela que cubre a Job y de ah\u00ed a las mangas de Mar\u00eda Magdalena en laca roja. Esta mezcla llamativa dio nombre al plato de l\u00e1minas de ternera cruda que a su inventor, Giuseppe Cipriani, \u2013m\u00edtico due\u00f1o del Harry&#8217;s Bar\u2013, le recordaba los rojos del pintor. La creaci\u00f3n culinaria data de 1963, el a\u00f1o de la primera gran exposici\u00f3n del artista celebrada en el Palacio Ducal, cuando Venecia estaba sumida en la &#8216;Carpaccioman\u00eda&#8217;.<\/p>\n<p class=\"v-a-t\">\nLas pinturas del veneciano son hoy la sombra de lo que fueron al ser creadas y sus pigmentos no han resistido el paso del tiempo\n<\/p>\n<p class=\"v-d-p\" style=\"\">Sin embargo, las pinturas del veneciano son hoy la sombra de lo que fueron al ser creadas y sus pigmentos no han resistido el paso del tiempo. Como otros artistas de la \u00e9poca, Carpaccio utiliz\u00f3 un esmalte de resina de cobre en sus verdes tendente a degradarse y volverse marr\u00f3n. En su d\u00eda los \u00e1rboles y el paisaje de &#8216;La preparaci\u00f3n de la tumba de Cristo&#8217; debieron de multiplicar su luminosidad provocando brillos de vibrante dramatismo. <\/p>\n<p class=\"v-d-p\" style=\"\">Al contrario de los escultores, casi todos los inmigrantes llegados desde Toscana, Roma o de la Venecia de tierra firme, los pintores m\u00e1s ilustres del Renacimiento veneciano eran venecianos de nacimiento \u2013algunas veces de adopci\u00f3n\u2013 y, como escribe Marcel Brion, parec\u00edan penetrados por ese &#8216;genio del lugar&#8217; que hab\u00eda comenzado a dar s\u00edntomas en la escuela de Murano, donde empez\u00f3 a florecer una pintura b\u00e1sicamente &#8216;veneciana&#8217; que ya no depend\u00eda de Bizancio y era integrante esencial de esa atm\u00f3sfera sonora de Venecia, del resonar de sus campanas desde las torres m\u00e1s altas junto a las gaviotas.<\/p>\n","protected":false},"excerpt":{"rendered":"Hacia 1505, en los muelles de Venecia se cargaban y descargaban mercanc\u00edas ex\u00f3ticas y los viajeros iban y&hellip;\n","protected":false},"author":2,"featured_media":470803,"comment_status":"","ping_status":"","sticky":false,"template":"","format":"standard","meta":{"footnotes":""},"categories":[173],"tags":[229,233,231,230,9495,96814,8045,232,234,146,147,25,24,6457,50995,23],"class_list":["post-470802","post","type-post","status-publish","format-standard","has-post-thumbnail","category-arte-y-diseno","tag-arte","tag-arte-y-diseno","tag-arts","tag-arts-and-design","tag-berlin","tag-carpaccio","tag-colores","tag-design","tag-diseno","tag-entertainment","tag-entretenimiento","tag-es","tag-espana","tag-perdidos","tag-redescubre","tag-spain"],"share_on_mastodon":{"url":"https:\/\/pubeurope.com\/@es\/116307674103645234","error":""},"_links":{"self":[{"href":"https:\/\/www.europesays.com\/es\/wp-json\/wp\/v2\/posts\/470802","targetHints":{"allow":["GET"]}}],"collection":[{"href":"https:\/\/www.europesays.com\/es\/wp-json\/wp\/v2\/posts"}],"about":[{"href":"https:\/\/www.europesays.com\/es\/wp-json\/wp\/v2\/types\/post"}],"author":[{"embeddable":true,"href":"https:\/\/www.europesays.com\/es\/wp-json\/wp\/v2\/users\/2"}],"replies":[{"embeddable":true,"href":"https:\/\/www.europesays.com\/es\/wp-json\/wp\/v2\/comments?post=470802"}],"version-history":[{"count":0,"href":"https:\/\/www.europesays.com\/es\/wp-json\/wp\/v2\/posts\/470802\/revisions"}],"wp:featuredmedia":[{"embeddable":true,"href":"https:\/\/www.europesays.com\/es\/wp-json\/wp\/v2\/media\/470803"}],"wp:attachment":[{"href":"https:\/\/www.europesays.com\/es\/wp-json\/wp\/v2\/media?parent=470802"}],"wp:term":[{"taxonomy":"category","embeddable":true,"href":"https:\/\/www.europesays.com\/es\/wp-json\/wp\/v2\/categories?post=470802"},{"taxonomy":"post_tag","embeddable":true,"href":"https:\/\/www.europesays.com\/es\/wp-json\/wp\/v2\/tags?post=470802"}],"curies":[{"name":"wp","href":"https:\/\/api.w.org\/{rel}","templated":true}]}}