{"id":470868,"date":"2026-03-28T16:55:13","date_gmt":"2026-03-28T16:55:13","guid":{"rendered":"https:\/\/www.europesays.com\/es\/470868\/"},"modified":"2026-03-28T16:55:13","modified_gmt":"2026-03-28T16:55:13","slug":"las-mejores-imagenes-del-concurso-wildlife-photographer-of-the-year-2026","status":"publish","type":"post","link":"https:\/\/www.europesays.com\/es\/470868\/","title":{"rendered":"Las mejores im\u00e1genes del concurso Wildlife Photographer of the Year 2026"},"content":{"rendered":"<p class=\"font--secondary\">Esta semana se conoci\u00f3 el ganador del concurso Fot\u00f3grafo de Vida Silvestre del A\u00f1o, uno de los cert\u00e1menes m\u00e1s prestigiosos de su tipo. El premio fue otorgado al austr\u00edaco <b>Josef Stefan<\/b>, quien captur\u00f3 el momento en que un lince ib\u00e9rico juega con un rat\u00f3n antes de com\u00e9rselo.<\/p>\n<p class=\"font--secondary\">\u201cRoedor volador\u201d se alz\u00f3 con el primer puesto frente a otras veintitr\u00e9s fotograf\u00edas finalistas, todas ellas seleccionadas de entre 60.636 candidaturas procedentes de 113 pa\u00edses y territorios, adem\u00e1s de las 100 im\u00e1genes ganadoras anunciadas en octubre de 2025. Las im\u00e1genes fueron seleccionadas por un jurado internacional compuesto por expertos en fotograf\u00eda, fauna silvestre, conservaci\u00f3n y ciencia, as\u00ed como por el <b>Museo de Historia Natural<\/b>\u201d, indicaron los autores del estudio a trav\u00e9s de un comunicado.<\/p>\n<p class=\"font--secondary\"><b>Lo invitamos a leer: <\/b><a href=\"https:\/\/www.elespectador.com\/ambiente\/blog-el-rio\/huir-de-las-orcas-podria-estar-llevando-a-los-delfines-a-vararse-en-la-patagonia-argentina\/\" target=\"_self\" rel=\"noopener  nofollow\"><b>Huir de las orcas podr\u00eda estar llevando a los delfines a vararse en la Patagonia argentina<\/b><\/a><b>.<\/b><\/p>\n<p class=\"font--secondary\">Entre las menciones de honor se incluyeron fotograf\u00edas de una osa polar durmiendo con sus cr\u00edas, un grupo de flamencos volando sobre una serie de l\u00edneas el\u00e9ctricas y, entre otras, una pareja de osos peleando en la mitad de una carretera.<\/p>\n<p class=\"box--float-left grid__col--lg-6 font--secondary\">Puede obtener m\u00e1s detalles sobre este concurso a trav\u00e9s de <a href=\"https:\/\/bit.ly\/NuveenPeoplesChoice2026\" target=\"_self\" rel=\"nofollow noopener\" title=\"https:\/\/bit.ly\/NuveenPeoplesChoice2026\">este enlace.<\/a><\/p>\n<p class=\"box--float-left grid__col--lg-6 font--secondary\"><b>\ud83c\udf33 \ud83d\udcc4 \u00bfQuieres conocer las \u00faltimas noticias sobre el ambiente? Te invitamos a verlas en <\/b><a href=\"https:\/\/www.elespectador.com\/ambiente\/\" title=\"\" rel=\"nofollow noopener\" target=\"_blank\"><b>El Espectador<\/b><\/a><b>. \ud83d\udc1d\ud83e\udd9c<\/b><\/p>\n<p><a class=\"CertificateComponent CertificateComponent_article CertificateComponent_onDark\" href=\"https:\/\/www.elespectador.com\/entretenimiento\/cine-y-tv\/el-espectador-recibe-certificacion-jti-al-periodismo-de-confianza\/\" rel=\"nofollow noopener\" target=\"_blank\"><img loading=\"lazy\" decoding=\"async\" class=\"CertificateComponent-Logo\" src=\"https:\/\/www.europesays.com\/es\/wp-content\/uploads\/2026\/03\/jti-oscuro.png\" width=\"170\" height=\"34\" alt=\"Logo JTI\"\/><\/a><\/p>\n","protected":false},"excerpt":{"rendered":"Esta semana se conoci\u00f3 el ganador del concurso Fot\u00f3grafo de Vida Silvestre del A\u00f1o, uno de los cert\u00e1menes&hellip;\n","protected":false},"author":2,"featured_media":470869,"comment_status":"","ping_status":"","sticky":false,"template":"","format":"standard","meta":{"footnotes":""},"categories":[173],"tags":[229,233,231,230,37697,232,234,146,147,25,24,244,57469,1409,4687,22951,19330,23],"class_list":["post-470868","post","type-post","status-publish","format-standard","has-post-thumbnail","category-arte-y-diseno","tag-arte","tag-arte-y-diseno","tag-arts","tag-arts-and-design","tag-concurso-de-fotografia","tag-design","tag-diseno","tag-entertainment","tag-entretenimiento","tag-es","tag-espana","tag-fotografia","tag-lince-iberico","tag-naturaleza","tag-noticias-hoy","tag-noticias-hoy-colombia","tag-osos","tag-spain"],"share_on_mastodon":{"url":"https:\/\/pubeurope.com\/@es\/116307854972325553","error":""},"_links":{"self":[{"href":"https:\/\/www.europesays.com\/es\/wp-json\/wp\/v2\/posts\/470868","targetHints":{"allow":["GET"]}}],"collection":[{"href":"https:\/\/www.europesays.com\/es\/wp-json\/wp\/v2\/posts"}],"about":[{"href":"https:\/\/www.europesays.com\/es\/wp-json\/wp\/v2\/types\/post"}],"author":[{"embeddable":true,"href":"https:\/\/www.europesays.com\/es\/wp-json\/wp\/v2\/users\/2"}],"replies":[{"embeddable":true,"href":"https:\/\/www.europesays.com\/es\/wp-json\/wp\/v2\/comments?post=470868"}],"version-history":[{"count":0,"href":"https:\/\/www.europesays.com\/es\/wp-json\/wp\/v2\/posts\/470868\/revisions"}],"wp:featuredmedia":[{"embeddable":true,"href":"https:\/\/www.europesays.com\/es\/wp-json\/wp\/v2\/media\/470869"}],"wp:attachment":[{"href":"https:\/\/www.europesays.com\/es\/wp-json\/wp\/v2\/media?parent=470868"}],"wp:term":[{"taxonomy":"category","embeddable":true,"href":"https:\/\/www.europesays.com\/es\/wp-json\/wp\/v2\/categories?post=470868"},{"taxonomy":"post_tag","embeddable":true,"href":"https:\/\/www.europesays.com\/es\/wp-json\/wp\/v2\/tags?post=470868"}],"curies":[{"name":"wp","href":"https:\/\/api.w.org\/{rel}","templated":true}]}}