{"id":470943,"date":"2026-03-28T17:58:12","date_gmt":"2026-03-28T17:58:12","guid":{"rendered":"https:\/\/www.europesays.com\/es\/470943\/"},"modified":"2026-03-28T17:58:12","modified_gmt":"2026-03-28T17:58:12","slug":"dos-detenidos-y-22-incautaciones-en-la-carpa-universitaria-de-primavera-en-pamplona-que-cierra-con-baja-incidencia-policial","status":"publish","type":"post","link":"https:\/\/www.europesays.com\/es\/470943\/","title":{"rendered":"Dos detenidos y 22 incautaciones en la Carpa Universitaria de Primavera en Pamplona, que cierra con baja incidencia policial"},"content":{"rendered":"<p>\n        La edici\u00f3n 2026 de la <a href=\"https:\/\/www.noticiasdenavarra.com\/tags\/carpa-universitaria\/\" title=\"Carpa de Primavera\" class=\"link copy\" rel=\"nofollow noopener\" target=\"_blank\">Carpa de Primavera<\/a> celebrada este pasado viernes en Pamplona se ha saldado con un balance de seguridad <strong>marcado por la baja incidencia y por el reducido n\u00famero de intervenciones policiales<\/strong>, seg\u00fan han comunicado de forma conjunta <a href=\"https:\/\/www.noticiasdenavarra.com\/tags\/policia-foral\/\" title=\"Polic\u00eda Foral\" class=\"link copy\" rel=\"nofollow noopener\" target=\"_blank\">Polic\u00eda Foral<\/a> de Navarra, <a href=\"https:\/\/www.noticiasdenavarra.com\/tags\/policia-nacional\/\" title=\"Polic\u00eda Nacional\" class=\"link copy\" rel=\"nofollow noopener\" target=\"_blank\">Polic\u00eda Nacional<\/a> y <a href=\"https:\/\/www.noticiasdenavarra.com\/tags\/policia-municipal-de-pamplona\/\" title=\"Polic\u00eda Municipal de Pamplona\" class=\"link copy\" rel=\"nofollow noopener\" target=\"_blank\">Polic\u00eda Municipal de Pamplona<\/a> tras el cierre del operativo especial desplegado durante el evento.\n<\/p>\n<p class=\"article-body__text \">\n        El dato m\u00e1s relevante del dispositivo es que<strong> \u00fanicamente se practicaron dos detenciones<\/strong>: una por el <strong>hurto de un tel\u00e9fono m\u00f3vil<\/strong>, que pudo ser recuperado y entregado a su propietario, y otra por <strong>una pelea<\/strong> registrada en el entorno de la carpa.\n<\/p>\n<p class=\"article-body__text \">\n        Junto a estas actuaciones, el operativo permiti\u00f3 <strong>recuperar tres bicicletas en las inmediaciones del recinto<\/strong> y localizar<strong> tres tel\u00e9fonos m\u00f3viles de alta gama extraviados<\/strong>, que tambi\u00e9n fueron devueltos a sus due\u00f1os.\n<\/p>\n<p>  Prevenci\u00f3n de riesgos<\/p>\n<p class=\"article-body__text \">\n        En materia de prevenci\u00f3n y control, los agentes realizaron adem\u00e1s <strong>22 incautaciones y retiraron un c\u00fater<\/strong>, dentro de las labores habituales de vigilancia orientadas a evitar riesgos en un evento con gran afluencia juvenil y nocturna.\n<\/p>\n<p class=\"article-body__text \">\n        Desde los tres cuerpos policiales se subraya especialmente la coordinaci\u00f3n mantenida durante todo el dispositivo, no solo entre las distintas fuerzas de seguridad, <strong>sino tambi\u00e9n con Cruz Roja y con la organizaci\u00f3n del evento.<\/strong>\n<\/p>\n<p class=\"article-body__text \">\n        Esa colaboraci\u00f3n operativa, remarcan, ha resultado determinante para que el desarrollo de la cita se haya producido con normalidad y <strong>con un nivel de incidencias reducido respecto al volumen de asistentes. <\/strong>La <a href=\"https:\/\/www.noticiasdenavarra.com\/tags\/carpa-universitaria\/\" title=\"Carpa de Primavera\" class=\"link copy\" rel=\"nofollow noopener\" target=\"_blank\">Carpa de Primavera<\/a> se ha consolidado como una de las grandes citas festivas previas al calendario estacional en la capital navarra.<\/p>\n","protected":false},"excerpt":{"rendered":"La edici\u00f3n 2026 de la Carpa de Primavera celebrada este pasado viernes en Pamplona se ha saldado con&hellip;\n","protected":false},"author":2,"featured_media":470944,"comment_status":"","ping_status":"","sticky":false,"template":"","format":"standard","meta":{"footnotes":""},"categories":[8],"tags":[18891,17,18,56555,1562,25,24,13,14,11,96840,19,20,9,10,15,16,23,12,21,22,12883],"class_list":["post-470943","post","type-post","status-publish","format-standard","has-post-thumbnail","category-espana","tag-18891","tag-breaking-news","tag-breakingnews","tag-carpa","tag-detenidos","tag-es","tag-espana","tag-featured-news","tag-featurednews","tag-headlines","tag-incautaciones","tag-latest-news","tag-latestnews","tag-news","tag-noticias","tag-noticias-destacadas","tag-noticiasdestacadas","tag-spain","tag-titulares","tag-ultimas-noticias","tag-ultimasnoticias","tag-universitaria"],"share_on_mastodon":{"url":"https:\/\/pubeurope.com\/@es\/116308102641783981","error":""},"_links":{"self":[{"href":"https:\/\/www.europesays.com\/es\/wp-json\/wp\/v2\/posts\/470943","targetHints":{"allow":["GET"]}}],"collection":[{"href":"https:\/\/www.europesays.com\/es\/wp-json\/wp\/v2\/posts"}],"about":[{"href":"https:\/\/www.europesays.com\/es\/wp-json\/wp\/v2\/types\/post"}],"author":[{"embeddable":true,"href":"https:\/\/www.europesays.com\/es\/wp-json\/wp\/v2\/users\/2"}],"replies":[{"embeddable":true,"href":"https:\/\/www.europesays.com\/es\/wp-json\/wp\/v2\/comments?post=470943"}],"version-history":[{"count":0,"href":"https:\/\/www.europesays.com\/es\/wp-json\/wp\/v2\/posts\/470943\/revisions"}],"wp:featuredmedia":[{"embeddable":true,"href":"https:\/\/www.europesays.com\/es\/wp-json\/wp\/v2\/media\/470944"}],"wp:attachment":[{"href":"https:\/\/www.europesays.com\/es\/wp-json\/wp\/v2\/media?parent=470943"}],"wp:term":[{"taxonomy":"category","embeddable":true,"href":"https:\/\/www.europesays.com\/es\/wp-json\/wp\/v2\/categories?post=470943"},{"taxonomy":"post_tag","embeddable":true,"href":"https:\/\/www.europesays.com\/es\/wp-json\/wp\/v2\/tags?post=470943"}],"curies":[{"name":"wp","href":"https:\/\/api.w.org\/{rel}","templated":true}]}}