{"id":471360,"date":"2026-03-29T00:01:05","date_gmt":"2026-03-29T00:01:05","guid":{"rendered":"https:\/\/www.europesays.com\/es\/471360\/"},"modified":"2026-03-29T00:01:05","modified_gmt":"2026-03-29T00:01:05","slug":"donde-ver-el-documental-que-esta-arrasando-en-espana","status":"publish","type":"post","link":"https:\/\/www.europesays.com\/es\/471360\/","title":{"rendered":"d\u00f3nde ver el documental que est\u00e1 arrasando en Espa\u00f1a"},"content":{"rendered":"<p id=\"e8Zw3mySjE\" data-wc=\"73\">Aunque la pel\u00edcula <strong>documental &#8216;Flores para Antonio&#8217;\u00a0<\/strong>se estren\u00f3 en cines el pasado 28 de noviembre de 2025, estoy segura de que, durante la \u00faltima semana, has o\u00eddo hablar mucho de ella. \u00bfEl motivo? Que <strong>y<\/strong><strong>a est\u00e1 disponible en\u00a0<\/strong><a class=\"monetise hm-link ho-link\" href=\"https:\/\/redirect.prd.themonetise.es\/convert?url=https%3A%2F%2Fwww.movistarplus.es%2F&amp;apiKey=9c86ae2c0f11d3411b66ca0a2cf402f4&amp;campaign=https%3A%2F%2Fwww.hola.com%2Fseleccion%2F20260328892283%2Fflores-para-antonio-donde-documental%2F&amp;sourceUrl=https%3A%2F%2Fwww.hola.com%2Fseleccion%2F20260328892283%2Fflores-para-antonio-donde-documental%2F&amp;authorName=Laura+Alesanco&amp;amazonTrackingId=hola892283-21&amp;dim1=%27Flores+para+Antonio%27%3A+d%C3%B3nde+ver+el+documental+que+est%C3%A1+arrasando+en+Espa%C3%B1a&amp;dim2=tenancy&amp;dim3=Shopping+Ocio&amp;dim4=__NOT_APPLICABLE__&amp;dim5=Product+review&amp;dim6=Compras+Primavera+Verano&amp;dim7=__NOT_APPLICABLE__&amp;isTesting=0\" rel=\"noopener nofollow sponsored\" target=\"_blank\" data-mrf-recirculation=\"article-body-link\">Movistar Plus+<\/a>. Pero adem\u00e1s, tambi\u00e9n se convirti\u00f3 en ganadora de un <strong>Goya a la Mejor Canci\u00f3n Original\u00a0<\/strong>el pasado febrero en la 40\u00aa edici\u00f3n de los Premios, lo que aument\u00f3 el inter\u00e9s del p\u00fablico.\u00a0<\/p>\n<p id=\"eJF6cvNqDOO\" data-wc=\"62\">Pero el secreto de su \u00e9xito est\u00e1 en que, lejos de tratarse de un documental al uso, <strong>toma la figura de Alba Flores como hilo conductor de la historia de su padre<\/strong>. Y si a esto sumamos que se trata de <strong>una de las figuras m\u00e1s importantes de la historia cultural de nuestro pa\u00eds<\/strong>, es f\u00e1cil entender por qu\u00e9 ha gustado tanto.\u00a0<\/p>\n<p id=\"e6Q0PBvXRbU\" data-wc=\"16\">As\u00ed que, si todav\u00eda no lo has visto, ya tienes plan para este fin de semana.\u00a0<\/p>\n<p>Por qu\u00e9 tienes que ver &#8216;Flores para Antonio&#8217;, el documental que arras\u00f3 en taquilla<br \/>\n <a data-mrf-recirculation=\"affiliation\" class=\"monetise ho-link\" href=\"https:\/\/redirect.prd.themonetise.es\/convert?url=https%3A%2F%2Fwww.movistarplus.es%2Fdocumentales%2Fflores-para-antonio%2Fficha%3Ftipo%3DE%26id%3D3944257&amp;apiKey=9c86ae2c0f11d3411b66ca0a2cf402f4&amp;campaign=https%3A%2F%2Fwww.hola.com%2Fseleccion%2F20260328892283%2Fflores-para-antonio-donde-documental%2F&amp;sourceUrl=https%3A%2F%2Fwww.hola.com%2Fseleccion%2F20260328892283%2Fflores-para-antonio-donde-documental%2F&amp;authorName=Laura+Alesanco&amp;amazonTrackingId=hola892283-21&amp;dim1=%27Flores+para+Antonio%27%3A+d%C3%B3nde+ver+el+documental+que+est%C3%A1+arrasando+en+Espa%C3%B1a&amp;dim2=tenancy&amp;dim3=Shopping+Ocio&amp;dim4=__NOT_APPLICABLE__&amp;dim5=Product+review&amp;dim6=Compras+Primavera+Verano&amp;dim7=__NOT_APPLICABLE__&amp;isTesting=0\" rel=\"sponsored nofollow noopener\" target=\"_blank\"><img src=\"https:\/\/www.europesays.com\/es\/wp-content\/uploads\/2026\/03\/c1ec2b2740cb-480613870184781644210654766139514556892638552n.jpg\"   width=\"1024\" height=\"682\" loading=\"lazy\" decoding=\"async\" alt=\"Alba Flores en el rodaje del documental 'Flores para Antonio'\" fetchpriority=\"auto\" class=\"image ho-image\"\/>\u00a9 @albafloresoficial<\/a><\/p>\n<p>Todos conocemos la historia de Antonio Flores, as\u00ed como su obra y el enorme impacto que ha tenido en la m\u00fasica de nuestro pa\u00eds. Pero<strong>\u00a0este documental va un paso m\u00e1s all\u00e1 y muestra la visi\u00f3n m\u00e1s \u00edntima del cantante<\/strong>, actor y compositor.\u00a0<\/p>\n<p>Y es que, m\u00e1s que un documental, esta obra ha sido el m\u00e9todo escogido por<strong>\u00a0<\/strong><strong>Alba Flores para tratar de conocer de verdad a su padre<\/strong>: su historia, su visi\u00f3n de la vida y su muerte. Una forma de<strong>\u00a0buscar el perd\u00f3n<\/strong> (la actriz reconoce que se enfad\u00f3 con su padre cuando muri\u00f3) <strong>y reencontrarse con sus ra\u00edces<\/strong>.\u00a0<\/p>\n<p>Todo ello acompa\u00f1ado de su familia y amigos del cantante, que muestran la visi\u00f3n m\u00e1s humana y real de Antonio. Dirigido por <strong>Elena Molina e Isaki Lacuesta<\/strong>, cuenta con la colaboraci\u00f3n de Lolita y Rosario Flores, Ana Villa (madre de Alba) y artistas como Antonio Carmona, Joaqu\u00edn Sabina o Silvia P\u00e9rez Cruz, entre otros.\u00a0<\/p>\n<p>Y, por supuesto, con una banda sonora que pone <strong>las emociones a flor de piel<\/strong>.<strong>\u00a0<\/strong><\/p>\n<p>\u00bfD\u00f3nde ver Flores para Antonio?<\/p>\n<p>Al tratarse de<strong>\u00a0una producci\u00f3n original de Movistar Plus+<\/strong>, \u00fanicamente est\u00e1 disponible en esta plataforma. La buena noticia es que puedes darte de alta por solo 9,99\u20ac al mes y disfrutar tambi\u00e9n de <a href=\"https:\/\/www.hola.com\/seleccion\/20260327892260\/valor-sentimental-pelicula-ganadora-oscar-movistar-plus\/\" rel=\"nofollow noopener\" target=\"_blank\"><strong>&#8216;Valor Sentimental&#8217;, la pel\u00edcula ganadora de un Oscar que acaba de llegar a Movistar Plus+<\/strong><\/a>, y otras pel\u00edculas premiadas.\u00a0<\/p>\n","protected":false},"excerpt":{"rendered":"Aunque la pel\u00edcula documental &#8216;Flores para Antonio&#8217;\u00a0se estren\u00f3 en cines el pasado 28 de noviembre de 2025, estoy&hellip;\n","protected":false},"author":2,"featured_media":471361,"comment_status":"","ping_status":"","sticky":false,"template":"","format":"standard","meta":{"footnotes":""},"categories":[169],"tags":[6050,177,146,147,25,24,176,175,55731,62613,23],"class_list":["post-471360","post","type-post","status-publish","format-standard","has-post-thumbnail","category-cine","tag-hola-shopping","tag-cine","tag-entertainment","tag-entretenimiento","tag-es","tag-espana","tag-film","tag-movies","tag-partnership","tag-shopping-ocio","tag-spain"],"share_on_mastodon":{"url":"https:\/\/pubeurope.com\/@es\/116309530189679631","error":""},"_links":{"self":[{"href":"https:\/\/www.europesays.com\/es\/wp-json\/wp\/v2\/posts\/471360","targetHints":{"allow":["GET"]}}],"collection":[{"href":"https:\/\/www.europesays.com\/es\/wp-json\/wp\/v2\/posts"}],"about":[{"href":"https:\/\/www.europesays.com\/es\/wp-json\/wp\/v2\/types\/post"}],"author":[{"embeddable":true,"href":"https:\/\/www.europesays.com\/es\/wp-json\/wp\/v2\/users\/2"}],"replies":[{"embeddable":true,"href":"https:\/\/www.europesays.com\/es\/wp-json\/wp\/v2\/comments?post=471360"}],"version-history":[{"count":0,"href":"https:\/\/www.europesays.com\/es\/wp-json\/wp\/v2\/posts\/471360\/revisions"}],"wp:featuredmedia":[{"embeddable":true,"href":"https:\/\/www.europesays.com\/es\/wp-json\/wp\/v2\/media\/471361"}],"wp:attachment":[{"href":"https:\/\/www.europesays.com\/es\/wp-json\/wp\/v2\/media?parent=471360"}],"wp:term":[{"taxonomy":"category","embeddable":true,"href":"https:\/\/www.europesays.com\/es\/wp-json\/wp\/v2\/categories?post=471360"},{"taxonomy":"post_tag","embeddable":true,"href":"https:\/\/www.europesays.com\/es\/wp-json\/wp\/v2\/tags?post=471360"}],"curies":[{"name":"wp","href":"https:\/\/api.w.org\/{rel}","templated":true}]}}