{"id":472051,"date":"2026-03-29T10:39:20","date_gmt":"2026-03-29T10:39:20","guid":{"rendered":"https:\/\/www.europesays.com\/es\/472051\/"},"modified":"2026-03-29T10:39:20","modified_gmt":"2026-03-29T10:39:20","slug":"la-emocion-de-iyana-martin-tras-la-eliminacion-de-perfumerias-avenida-de-la-copa-de-la-reina","status":"publish","type":"post","link":"https:\/\/www.europesays.com\/es\/472051\/","title":{"rendered":"La emoci\u00f3n de Iyana Mart\u00edn tras la eliminaci\u00f3n de Perfumer\u00edas Avenida de la Copa de la Reina"},"content":{"rendered":"<p>La base de Perfumer\u00edas Avenida deja un profundo mensaje a sus compa\u00f1eras, club y afici\u00f3n.<\/p>\n<p>Iyana Mart\u00edn compareci\u00f3 en rueda de prensa tras la derrota del Perfumer\u00edas Avenida en un ajustado partido de semifinales ante el Hozono Global Jairis por 76 a 73.<\/p>\n<p><strong>M\u00e1s: <a href=\"https:\/\/www.gigantes.com\/liga-femenina\/que-ha-pasado-semifinales-copa-reina-sabado\/\" rel=\"nofollow noopener\" target=\"_blank\">Qu\u00e9 ha pasado en la Copa de la Reina:\u00a0Hozono Global Jairis y Valencia Basket luchar\u00e1n por el t\u00edtulo<\/a><\/strong><\/p>\n<p>La rueda de prensa de Iyana Mart\u00edn<\/p>\n<p>\u00abEstoy muy orgullosa del equipo porque creo que hemos peleado hasta el final, no nos hemos dejado llevar en ning\u00fan momento. Ha sido un partido muy intenso, de muchos altibajos y el equipo ha estado duro desde el inicio y no ha bajado en ning\u00fan momento, pese a las lesiones que hemos tenido en el camino y dem\u00e1s. As\u00ed que estoy muy contenta, evidentemente me hubiese gustado, por supuesto, jugar la final porque creo que nos lo merecemos, pero estoy muy contenta\u00bb.<\/p>\n<p>\u00abEsto es partidos, sobre todo, de la Copa de la Reina, partidos tan de seguido en tan poco tiempo, que hay poco tiempo para recuperar, poco descanso, muchas emociones. Yo creo que lo que hace que est\u00e9s en pista es el coraz\u00f3n que le pones. Yo siento much\u00edsimo este club, siento much\u00edsimo los colores. Ha venido mucha gente y, bueno, eso es lo que yo creo que tanto a m\u00ed como al grupo nos ha hecho tirar para adelante y pese a lo que te digo, a las dificultades que hemos tenido, dejarnos la piel hasta el final\u00bb.<\/p>\n<p>\u00abEstoy muy contenta, pero estoy as\u00ed porque tengo muchas emociones. Este equipo ha luchado mucho y ha pasado muy malos momentos este a\u00f1o y es un equipo maravilloso de personas. El grupo humano es incre\u00edble y me emocionaba un poco porque -Anna lo dice mucho, que en el baloncesto no creemos que nadie se merezca nada porque todo el mundo trabaja, pero en esta ocasi\u00f3n, me voy a permitir decirlo-, de verdad, hemos pasado much\u00edsimos momentos muy complicados y el equipo ha seguido siempre. Ha venido cada d\u00eda a entrenar con la mejor sonrisa, con la mejor cara, apoy\u00e1ndonos mucho entre nosotras, tanto el staff como el equipo m\u00e9dico como el grupo. Los fans nos han seguido viniendo a animar cada d\u00eda, entonces me emociono porque me siento muy orgullosa de eso\u00bb.<\/p>\n<p>Foto: FEB<\/p>\n<p>\t\t\t\t\t\t<a href=\"https:\/\/www.gigantes.com\/tienda\/hemeroteca\/copa-del-rey-no-1-566-marzo-2026\/\" target=\"_blank\" rel=\"noopener nofollow\"><br \/>\n\t\t\t\t\t\t\t<img decoding=\"async\" src=\"https:\/\/www.europesays.com\/es\/wp-content\/uploads\/2026\/03\/1774660092_464_GIGANTES-COPA-BASKONIA-2.jpg\" alt=\"Revista Gigantes\"\/><br \/>\n\t\t\t\t\t\t<\/a><\/p>\n<p class=\"magazine-meta\">\n\t\t\t\t\t\t\t\t\t\t\t\t\t\t\t\t\t1.566<br \/>\n\t\t\t\t\t\t\t\t\t\t\t\t\t\t\t\t\t\t\t\t\t\t\t\t\t |<br \/>\n\t\t\t\t\t\t\t\t\t\t\t\t\t\t\t\t\t\t\t\t\t\t\t\t\tMarzo 2026\n\t\t\t\t\t\t\t\t\t\t\t\t\t\t\t<\/p>\n<p class=\"magazine-description\">El n\u00famero de la revista de este mes: la Copa del Rey\u2026 y mucho m\u00e1s<\/p>\n<p>\t\t\t\t\t<a href=\"https:\/\/www.gigantes.com\/tienda\/hemeroteca\/copa-del-rey-no-1-566-marzo-2026\/\" class=\"btn-primary\" target=\"_blank\" rel=\"noopener nofollow\">Comprar<\/a><\/p>\n<p><img decoding=\"async\" src=\"https:\/\/www.europesays.com\/es\/wp-content\/uploads\/2026\/03\/1774780760_400_mtracking.gif\" alt=\"Etiquetas de Mautic\" style=\"display:none;\"\/><\/p>\n","protected":false},"excerpt":{"rendered":"La base de Perfumer\u00edas Avenida deja un profundo mensaje a sus compa\u00f1eras, club y afici\u00f3n. Iyana Mart\u00edn compareci\u00f3&hellip;\n","protected":false},"author":2,"featured_media":472052,"comment_status":"","ping_status":"","sticky":false,"template":"","format":"standard","meta":{"footnotes":""},"categories":[269],"tags":[299,298,168,25,24,97038,22179,23,167],"class_list":["post-472051","post","type-post","status-publish","format-standard","has-post-thumbnail","category-baloncesto","tag-baloncesto","tag-basketball","tag-deportes","tag-es","tag-espana","tag-iyana-martin","tag-perfumerias-avenida","tag-spain","tag-sports"],"share_on_mastodon":{"url":"https:\/\/pubeurope.com\/@es\/116312039073326448","error":""},"_links":{"self":[{"href":"https:\/\/www.europesays.com\/es\/wp-json\/wp\/v2\/posts\/472051","targetHints":{"allow":["GET"]}}],"collection":[{"href":"https:\/\/www.europesays.com\/es\/wp-json\/wp\/v2\/posts"}],"about":[{"href":"https:\/\/www.europesays.com\/es\/wp-json\/wp\/v2\/types\/post"}],"author":[{"embeddable":true,"href":"https:\/\/www.europesays.com\/es\/wp-json\/wp\/v2\/users\/2"}],"replies":[{"embeddable":true,"href":"https:\/\/www.europesays.com\/es\/wp-json\/wp\/v2\/comments?post=472051"}],"version-history":[{"count":0,"href":"https:\/\/www.europesays.com\/es\/wp-json\/wp\/v2\/posts\/472051\/revisions"}],"wp:featuredmedia":[{"embeddable":true,"href":"https:\/\/www.europesays.com\/es\/wp-json\/wp\/v2\/media\/472052"}],"wp:attachment":[{"href":"https:\/\/www.europesays.com\/es\/wp-json\/wp\/v2\/media?parent=472051"}],"wp:term":[{"taxonomy":"category","embeddable":true,"href":"https:\/\/www.europesays.com\/es\/wp-json\/wp\/v2\/categories?post=472051"},{"taxonomy":"post_tag","embeddable":true,"href":"https:\/\/www.europesays.com\/es\/wp-json\/wp\/v2\/tags?post=472051"}],"curies":[{"name":"wp","href":"https:\/\/api.w.org\/{rel}","templated":true}]}}