{"id":472196,"date":"2026-03-29T12:26:18","date_gmt":"2026-03-29T12:26:18","guid":{"rendered":"https:\/\/www.europesays.com\/es\/472196\/"},"modified":"2026-03-29T12:26:18","modified_gmt":"2026-03-29T12:26:18","slug":"viajas-a-valencia-en-semana-santa-sitios-ideales-para-correr","status":"publish","type":"post","link":"https:\/\/www.europesays.com\/es\/472196\/","title":{"rendered":"\u00bfViajas a Valencia en Semana Santa? Sitios ideales para correr"},"content":{"rendered":"<p>Si est\u00e1s pensando en <strong>viajar a Valencia<\/strong> esta Semana Santa (aunque estos consejos te sirven parea cualquier otra \u00e9poca) y no quieres renunciar a tus kil\u00f3metros, est\u00e1s de suerte: <strong>pocas ciudades combinan tan bien running, clima, orograf\u00eda y amabilidad con los corredores<\/strong>. Aqu\u00ed tienes <strong>tres propuestas <\/strong>para calzarte las zapatillas y disfrutar de verdad.<\/p>\n<p><img fetchpriority=\"high\" decoding=\"async\" class=\"aligncenter wp-image-27693 size-full\" src=\"data:image\/svg+xml,%3Csvg%20xmlns=\" http:=\"\" alt=\"\" width=\"2000\" height=\"1335\" data-lazy- data-lazy- data-lazy-src=\"https:\/\/www.europesays.com\/es\/wp-content\/uploads\/2026\/03\/CIRCUITO-5K-072.jpg\"\/><\/p>\n<p><strong>Jard\u00edn del Turia \u2013 Circuito Valencia Ciudad del Running (imprescindible)<\/strong><\/p>\n<p>Hablar de correr en Valencia es hablar del <strong>Jard\u00edn del Turia<\/strong>. Este antiguo cauce reconvertido en jard\u00edn atraviesa la ciudad de punta a punta y es, literalmente, una <strong>autopista para corredores<\/strong>. Una enorme zona verde peatonal con diferentes ambientes (zonas m\u00e1s boscosas, m\u00e1s ajardinadas\u2026). Dentro de \u00e9l encontrar\u00e1s <strong>la joya de la corona: el Circuito Valencia Ciudad del Running<\/strong>, un circuito de 5K (aunque estamos ampli\u00e1ndolo) homologado que es territorio exclusivo para corredores. Est\u00e1 perfectamente se\u00f1alizado y te encontrar\u00e1s como en casa.<\/p>\n<p><img loading=\"lazy\" decoding=\"async\" class=\"aligncenter wp-image-220008 size-full\" src=\"data:image\/svg+xml,%3Csvg%20xmlns=\" http:=\"\" alt=\"\" width=\"1600\" height=\"900\" data-lazy- data-lazy- data-lazy-src=\"https:\/\/www.europesays.com\/es\/wp-content\/uploads\/2026\/03\/circuito-vcr_corredores.jpeg\"\/><\/p>\n<p><strong>\u00bfPor qu\u00e9 no falla?<\/strong><\/p>\n<p>Terreno c\u00f3modo, sin tr\u00e1fico, ambiente runner a cualquier hora y m\u00faltiples accesos. Ideal tanto para rodajes suaves como para entrenamientos m\u00e1s alegres.<\/p>\n<p><strong>Tip runner:<\/strong> madruga o sal al atardecer para evitar calor en meses c\u00e1lidos\u2026 y disfruta del paso por iconos como la Ciudad de las Artes y las Ciencias.<\/p>\n<p>\u00a0<\/p>\n<p><strong>Paseo Mar\u00edtimo y Marina de Valencia (evocador, nunca falla)<\/strong><\/p>\n<p>Si lo tuyo es correr con vistas al mar, el combo Paseo Mar\u00edtimo + Marina de Valencia es apuesta segura.<\/p>\n<p><img loading=\"lazy\" decoding=\"async\" class=\"aligncenter wp-image-204901 size-full\" src=\"data:image\/svg+xml,%3Csvg%20xmlns=\" http:=\"\" alt=\"Circuito C4 Paseo Mar\u00edtimo\" width=\"1800\" height=\"1198\" data-lazy- data-lazy- data-lazy-src=\"https:\/\/www.europesays.com\/es\/wp-content\/uploads\/2026\/03\/2507-circuitos-vcr-c4-paseo-maritimo-010.jpg\"\/><\/p>\n<p><strong>\u00bfQu\u00e9 lo hace especial?<\/strong><\/p>\n<p>La brisa, el sonido de las olas y ese horizonte infinito que convierte cualquier rodaje en una experiencia casi meditativa. Tienes grandes rectas totalmente llanas, la zona es amplia y con muchos servicios durante la ruta.<\/p>\n<p><strong>Tip runner:<\/strong> Si puedes, prueba correr por all\u00ed al amanecer: pocos planes mejores. Si vas en cualquier otro momento, tampoco defrauda, zona siempre animada y llena de gente paseando y haciendo deporte.<\/p>\n<p>\u00a0<\/p>\n<p><strong>Bonus track: adapta tu carrera a tu alojamiento<\/strong><\/p>\n<p>Aqu\u00ed va un comod\u00edn, porque Valencia tiene muchas caras. Est\u00e9s donde est\u00e9s, puedes salir a hacer un trote r\u00e1pido por tu zona.<\/p>\n<p><img loading=\"lazy\" decoding=\"async\" class=\"aligncenter wp-image-164190 size-full\" src=\"data:image\/svg+xml,%3Csvg%20xmlns=\" http:=\"\" alt=\"\" width=\"1920\" height=\"1280\" data-lazy- data-lazy- data-lazy-src=\"https:\/\/cdn1.valenciaciudaddelrunning.com\/wp-content\/uploads\/2024\/03\/c12-pinedo-el-saler_jp__2184.jpg\"\/><\/p>\n<p><strong>Zona oeste:<\/strong> el <strong>Parque de Cabecera<\/strong> es perfecto para rodajes tranquilos y algo m\u00e1s naturales. Es muy tranquilo, suele haber poca afluencia y ofrece una ruta circular.<br \/><strong>Zona sur:<\/strong> si te acercas a <strong>Parque Natural de la Albufera o El Saler<\/strong>, correr\u00e1s entre pinos y cerca del mar, con un aire mucho m\u00e1s salvaje. Sitios evocadores donde los haya, pero algo m\u00e1s apartados.<br \/><strong>Centro hist\u00f3rico:<\/strong> si te alojas en pleno centro, pasar por la <strong>Plaza de la Virgen o la Lonja de la Seda<\/strong> tiene su encanto. Ojo porque es una zona siempre concurrida y hay muchos sem\u00e1foros en algunos puntos que pueden interrumpir tu marcha. Si esta es tu elecci\u00f3n, te recomendamos combinar con alg\u00fan tramo del Jard\u00edn del Turia.<\/p>\n<p>Para hac\u00e9rtelo m\u00e1s f\u00e1cil, tenemos<strong> una web donde puedes encontrar muchas de estas rutas<\/strong>, que est\u00e1n se\u00f1alizadas y adaptadas. <a href=\"https:\/\/www.valenciaciudaddelrunning.com\/ciudad\/rutas\/\" rel=\"nofollow noopener\" target=\"_blank\">La puedes consultar aqu\u00ed.<\/a><\/p>\n<p><strong>El premio final (porque te lo has ganado)<\/strong><\/p>\n<p>Despu\u00e9s de correr, toca lo importante: <strong>recuperar<\/strong>. Valencia es <strong>territorio sagrado para el almuerzo y la paella.<\/strong><\/p>\n<p>Un buen <strong>\u2018esmorzaret\u2019<\/strong> con bocadillo, cacahuetes y bebida para reponer fuerzas.<br \/>O, si te vienes arriba, una <strong>aut\u00e9ntica paella valenciana<\/strong> en zona de playa o Albufera.<\/p>\n<p>Porque s\u00ed, <strong>correr en Valencia es una maravilla<\/strong>\u2026 pero comer despu\u00e9s lo convierte en <strong>el plan perfecto<\/strong>.<\/p>\n","protected":false},"excerpt":{"rendered":"Si est\u00e1s pensando en viajar a Valencia esta Semana Santa (aunque estos consejos te sirven parea cualquier otra&hellip;\n","protected":false},"author":2,"featured_media":472197,"comment_status":"","ping_status":"","sticky":false,"template":"","format":"standard","meta":{"footnotes":""},"categories":[5],"tags":[17,18,25,24,13,14,11,19,20,9,10,15,16,717,23,12,21,22,235],"class_list":["post-472196","post","type-post","status-publish","format-standard","has-post-thumbnail","category-titulares","tag-breaking-news","tag-breakingnews","tag-es","tag-espana","tag-featured-news","tag-featurednews","tag-headlines","tag-latest-news","tag-latestnews","tag-news","tag-noticias","tag-noticias-destacadas","tag-noticiasdestacadas","tag-running","tag-spain","tag-titulares","tag-ultimas-noticias","tag-ultimasnoticias","tag-valencia"],"share_on_mastodon":{"url":"https:\/\/pubeurope.com\/@es\/116312459566974773","error":""},"_links":{"self":[{"href":"https:\/\/www.europesays.com\/es\/wp-json\/wp\/v2\/posts\/472196","targetHints":{"allow":["GET"]}}],"collection":[{"href":"https:\/\/www.europesays.com\/es\/wp-json\/wp\/v2\/posts"}],"about":[{"href":"https:\/\/www.europesays.com\/es\/wp-json\/wp\/v2\/types\/post"}],"author":[{"embeddable":true,"href":"https:\/\/www.europesays.com\/es\/wp-json\/wp\/v2\/users\/2"}],"replies":[{"embeddable":true,"href":"https:\/\/www.europesays.com\/es\/wp-json\/wp\/v2\/comments?post=472196"}],"version-history":[{"count":0,"href":"https:\/\/www.europesays.com\/es\/wp-json\/wp\/v2\/posts\/472196\/revisions"}],"wp:featuredmedia":[{"embeddable":true,"href":"https:\/\/www.europesays.com\/es\/wp-json\/wp\/v2\/media\/472197"}],"wp:attachment":[{"href":"https:\/\/www.europesays.com\/es\/wp-json\/wp\/v2\/media?parent=472196"}],"wp:term":[{"taxonomy":"category","embeddable":true,"href":"https:\/\/www.europesays.com\/es\/wp-json\/wp\/v2\/categories?post=472196"},{"taxonomy":"post_tag","embeddable":true,"href":"https:\/\/www.europesays.com\/es\/wp-json\/wp\/v2\/tags?post=472196"}],"curies":[{"name":"wp","href":"https:\/\/api.w.org\/{rel}","templated":true}]}}