{"id":472314,"date":"2026-03-29T13:57:13","date_gmt":"2026-03-29T13:57:13","guid":{"rendered":"https:\/\/www.europesays.com\/es\/472314\/"},"modified":"2026-03-29T13:57:13","modified_gmt":"2026-03-29T13:57:13","slug":"pablo-iglesias-confiesa-que-aun-guarda-su-coleta-para-vendersela-a-un-millonario","status":"publish","type":"post","link":"https:\/\/www.europesays.com\/es\/472314\/","title":{"rendered":"Pablo Iglesias confiesa que a\u00fan guarda su coleta para \u00abvend\u00e9rsela a un millonario\u00bb"},"content":{"rendered":"<p style=\"\">Desde su intrusi\u00f3n en la pol\u00edtica, Pablo Iglesias cultiv\u00f3 adrede<strong> un aspecto insurgente y distendido<\/strong>. El lenguaje no verbal de la pol\u00edtica sugiere que se deber\u00eda vestir al menos con zapatos y americana. Una pr\u00e1ctica cada vez menos frecuentada. Sin embargo, el look  &#8230; de Iglesias encarnaba el esp\u00edritu callejero y de rebeld\u00eda asamblearia. Aunque desde que el partido de Podemos tom\u00f3 una mayor relevancia en la pol\u00edtica espa\u00f1ola, el que fuera su l\u00edder comenz\u00f3 a cambiar en sus apariciones p\u00fablicas y optaba por un look m\u00e1s tradicional, vistiendo por ejemplo camisa blanca y una corbata o americanas. <\/p>\n<p class=\"v-d-p\" style=\"\">Lo cierto es que el estilo de Pablo Iglesias ha sido bastante mudable con el paso del tiempo. El exl\u00edder de Podemos se adentr\u00f3 en el escenario pol\u00edtico con<a href=\"https:\/\/www.abc.es\/estilo\/gente\/abci-pablo-iglesias-irene-montero-revolucionarios-burgueses-padres-familia-numerosa-201903141339_noticia.html\" target=\"_self\" data-voc-vtm-id=\"in-text-traffic\" title=\" una imagen muy humilde\" data-mrf-link=\"www.abc.es\" rel=\"nofollow noopener\"> una imagen muy humilde<\/a> y decant\u00e1ndose por la moda &#8216;low cost&#8217;. Es m\u00e1s, antes de hacerse pol\u00edtico de \u00e9xito confes\u00f3 que compraba la mayor parte de su ropa en una conocida l\u00ednea de supermercados. \u00abHasta que me met\u00ed en este l\u00edo compraba en los supermercados normales, en el Alcampo. Y desde que empec\u00e9 a rodearme de gente con un m\u00ednimo sentido de la est\u00e9tica voy a sitios diferentes. Pero soy muy dejado para eso\u00bb, dijo entonces.<\/p>\n<p>\nDe la coleta al mo\u00f1o y del mo\u00f1o a la nada\n<\/p>\n<p class=\"v-d-p\" style=\"\">En el verano de 2020, el pol\u00edtico sorprendi\u00f3 con un radical cambio de look, dejando atr\u00e1s su s\u00edmbolo m\u00e1s representativo: la coleta. \u00abEntre la ola de calor y que mis hijos me tiran del pelo&#8230; tocaba nuevo look\u00bb, escribi\u00f3 en su perfil de Instagram junto a una imagen en la que aparec\u00eda peinando un mo\u00f1o alto. Una imagen que se viraliz\u00f3 r\u00e1pidamente en redes sociales suscitando todo tipo de comentarios.<\/p>\n<ul class=\"v-cmp-rld__u\">\n<li class=\"v-cmp-rld__l\">\n<p><a class=\"v-a-lnk\" href=\"http:\/\/www.abc.es\/gente\/mettemarit-recibe-certificado-discapacidad-despues-agravarse-enfermedad-20260328142125-nt.html#vtm_modulosEngag=noticiasrelacionadas-cmp-uno:gente:noticia:1\" title=\"Mette-Marit recibe el certificado de discapacidad despu\u00e9s de agravarse su enfermedad\" data-voc-vtm-id=\"in-text-traffic\" rel=\"nofollow noopener\" target=\"_blank\"><br \/>\n<img decoding=\"async\" loading=\"lazy\" src=\"https:\/\/www.europesays.com\/es\/wp-content\/uploads\/2026\/03\/mette-U25241001245yjl-366x256@diario_abc.jpg\" class=\"v-a-img\" width=\"258\" height=\"180\" alt=\"Mette-Marit recibe el certificado de discapacidad despu\u00e9s de agravarse su enfermedad\"\/><br \/>\n<\/a><\/p>\n<\/li>\n<\/ul>\n<p class=\"v-d-p\" style=\"\">Un a\u00f1o m\u00e1s tarde fue m\u00e1s all\u00e1 y prescindi\u00f3 tambi\u00e9n del mo\u00f1o. Tras retirarse de la pol\u00edtica a ra\u00edz de su fracaso en las elecciones auton\u00f3micas de Madrid, el exl\u00edder de la formaci\u00f3n morada opt\u00f3 por un corte de pelo m\u00e1s tradicional.<\/p>\n<p><img decoding=\"async\" loading=\"lazy\" src=\"https:\/\/www.europesays.com\/es\/wp-content\/uploads\/2026\/03\/p-m-U36488627236XAe-680x476@diario_abc.jpg\" class=\"v-a-img\" width=\"680\" height=\"478\" alt=\"Pablo Iglesias con mo\u00f1o.\" data-voc-vtm-id=\"in-text-traffic\"\/><\/p>\n<p>Pablo Iglesias con mo\u00f1o.<\/p>\n<p>(Gtres)<\/p>\n<p class=\"v-a-t\">\n\u00abDimit\u00ed de todos mis cargos y, al d\u00eda siguiente, fui al barbero y le dije: &#8216;C\u00f3rtame la coleta&#8217;\u00bb\n<\/p>\n<p class=\"v-d-p\" style=\"\">Esta semana, Pablo Iglesias acudi\u00f3 como invitado al podcast &#8216;Es la idea&#8217;, del periodista cubano Randy Alonso, en el que abord\u00f3 varios temas sobre su pasado en la pol\u00edtica espa\u00f1ola. Aunque una de las preguntas que m\u00e1s llam\u00f3 la atenci\u00f3n fue cuando el comunicador dijo: \u00abEl mo\u00f1ito, \u00bfQu\u00e9 le pas\u00f3? \u00bfTe mandaron a cortarlo o c\u00f3mo fue?\u00bb, a lo que Iglesias respondi\u00f3: \u00abAl contrario, no me dejaban cortarme la coleta o el mo\u00f1o, que para m\u00ed ya ten\u00eda como mucha carga negativa. Me ve\u00eda por la ma\u00f1ana en el espejo y hab\u00eda demasiada maldad acumulada en ese pelo\u00bb. Y record\u00f3 el momento exacto en el que tom\u00f3 la decisi\u00f3n: \u00abDimit\u00ed de todos mis cargos y, al d\u00eda siguiente, fui al barbero y le dije: &#8216;C\u00f3rtame la coleta&#8217;\u00bb. <\/p>\n<p class=\"v-d-p\" style=\"\">Aunque lo m\u00e1s sorprendente de todo es que a d\u00eda de hoy todav\u00eda conserva la coleta en su casa. \u00abMi sue\u00f1o es vend\u00e9rsela a un millonario de estos que tienen en su despacho cosas como una piedra del muro de Berl\u00edn. &#8216;P\u00e1game bien cara la coleta que yo te la vendo&#8217;, que con esa plata yo puedo hacer pol\u00edtica\u00bb, confes\u00f3 \u00abmedio en broma, medio en serio\u00bb. <\/p>\n","protected":false},"excerpt":{"rendered":"Desde su intrusi\u00f3n en la pol\u00edtica, Pablo Iglesias cultiv\u00f3 adrede un aspecto insurgente y distendido. El lenguaje no&hellip;\n","protected":false},"author":2,"featured_media":472315,"comment_status":"","ping_status":"","sticky":false,"template":"","format":"standard","meta":{"footnotes":""},"categories":[8],"tags":[17,18,19055,23359,25,24,13,14,17935,11,7534,19,20,5342,9,10,15,16,618,23,12,21,22,97063],"class_list":["post-472314","post","type-post","status-publish","format-standard","has-post-thumbnail","category-espana","tag-breaking-news","tag-breakingnews","tag-coleta","tag-confiesa","tag-es","tag-espana","tag-featured-news","tag-featurednews","tag-guarda","tag-headlines","tag-iglesias","tag-latest-news","tag-latestnews","tag-millonario","tag-news","tag-noticias","tag-noticias-destacadas","tag-noticiasdestacadas","tag-pablo","tag-spain","tag-titulares","tag-ultimas-noticias","tag-ultimasnoticias","tag-vendersela"],"share_on_mastodon":{"url":"https:\/\/pubeurope.com\/@es\/116312817474130708","error":""},"_links":{"self":[{"href":"https:\/\/www.europesays.com\/es\/wp-json\/wp\/v2\/posts\/472314","targetHints":{"allow":["GET"]}}],"collection":[{"href":"https:\/\/www.europesays.com\/es\/wp-json\/wp\/v2\/posts"}],"about":[{"href":"https:\/\/www.europesays.com\/es\/wp-json\/wp\/v2\/types\/post"}],"author":[{"embeddable":true,"href":"https:\/\/www.europesays.com\/es\/wp-json\/wp\/v2\/users\/2"}],"replies":[{"embeddable":true,"href":"https:\/\/www.europesays.com\/es\/wp-json\/wp\/v2\/comments?post=472314"}],"version-history":[{"count":0,"href":"https:\/\/www.europesays.com\/es\/wp-json\/wp\/v2\/posts\/472314\/revisions"}],"wp:featuredmedia":[{"embeddable":true,"href":"https:\/\/www.europesays.com\/es\/wp-json\/wp\/v2\/media\/472315"}],"wp:attachment":[{"href":"https:\/\/www.europesays.com\/es\/wp-json\/wp\/v2\/media?parent=472314"}],"wp:term":[{"taxonomy":"category","embeddable":true,"href":"https:\/\/www.europesays.com\/es\/wp-json\/wp\/v2\/categories?post=472314"},{"taxonomy":"post_tag","embeddable":true,"href":"https:\/\/www.europesays.com\/es\/wp-json\/wp\/v2\/tags?post=472314"}],"curies":[{"name":"wp","href":"https:\/\/api.w.org\/{rel}","templated":true}]}}