{"id":47270,"date":"2025-08-14T16:30:11","date_gmt":"2025-08-14T16:30:11","guid":{"rendered":"https:\/\/www.europesays.com\/es\/47270\/"},"modified":"2025-08-14T16:30:11","modified_gmt":"2025-08-14T16:30:11","slug":"al-menos-17-muertos-en-ataques-israelies-en-gaza","status":"publish","type":"post","link":"https:\/\/www.europesays.com\/es\/47270\/","title":{"rendered":"Al menos 17 muertos en ataques israel\u00edes en Gaza"},"content":{"rendered":"<p>    <img src=\"https:\/\/www.europesays.com\/es\/wp-content\/uploads\/2025\/08\/69k38kj-item01-ipad-89836686.jpg\" width=\"1024\" height=\"682\" alt=\"\" loading=\"eager\" decoding=\"sync\" fetchpriority=\"high\"\/><\/p>\n<p>            afp_tickers        <\/p>\n<p>        Este contenido fue publicado en    <\/p>\n<p>        14 agosto 2025 &#8211; 18:10\n<\/p>\n<p>Al menos 17 personas murieron el jueves por bombardeos y disparos israel\u00edes en la Franja de Gaza, indic\u00f3 la Defensa Civil del territorio palestino.<\/p>\n<p>Entre los fallecidos, hay seis personas que estaban esperando para recibir ayuda humanitaria, declar\u00f3 a AFP el portavoz de la agencia de emergencias, Mahmud Basal.<\/p>\n<p>\u00abLas fuerzas de ocupaci\u00f3n israel\u00edes est\u00e1n intensificando sus ataques en Zeitun\u00bb, un barrio del suroeste de Ciudad de Gaza, en el norte del territorio, asediado y devastado por m\u00e1s de 22 meses de guerra, indic\u00f3 Basal.<\/p>\n<p>\u00abPor cuarto d\u00eda consecutivo, la zona es objeto de una operaci\u00f3n militar que ha causado un gran n\u00famero de m\u00e1rtires y heridos. Desde el amanecer, hemos recibido 28 llamadas de familias del barrio, algunas cuyos hijos han muerto. Muchas personas no pueden salir debido a los disparos\u00bb, afirm\u00f3.<\/p>\n<p>Maram Kashko, un habitante de Zeitun, dijo que \u00ablos bombardeos se han intensificado desde hace cuatro d\u00edas, mi sobrino, su esposa y sus hijos murieron en un bombardeo\u00bb.<\/p>\n<p>El ej\u00e9rcito israel\u00ed anunci\u00f3 el mi\u00e9rcoles un nuevo plan militar en la Franja de Gaza, donde contin\u00faa su ofensiva, lanzada en respuesta al ataque en territorio israel\u00ed del movimiento islamista palestino Ham\u00e1s del 7 de octubre de 2023.<\/p>\n<p>Por orden del gabinete militar del primer ministro Benjamin Netanyahu, el ej\u00e9rcito se prepara para tomar el control de Ciudad de Gaza y de los campos de refugiados vecinos, con el objetivo de derrotar a Ham\u00e1s y liberar a los rehenes israel\u00edes.<\/p>\n<p>Israel controla actualmente tres cuartas partes del territorio palestino, donde los aproximadamente dos millones de habitantes necesitan alimentos urgentemente, seg\u00fan la ONU.<\/p>\n<p>Al desastre humanitario se suman desde hace algunos d\u00edas altas temperaturas.<\/p>\n<p>\u00abEl calor es insoportable. Vivimos en una tienda de nylon, es como un horno. No podemos quedarnos dentro durante el d\u00eda, no tenemos ventilaci\u00f3n\u00bb, dijo Um Khaled Abu Jazar, de 40 a\u00f1os, una desplazada del campamento de Al Mawasi, en el sur del territorio.<\/p>\n<p>El ataque de Ham\u00e1s que desencaden\u00f3 la guerra dej\u00f3 1.219 muertos del lado israel\u00ed, en su mayor\u00eda civiles, seg\u00fan un recuento \u00a0basado en datos oficiales.\u00a0<\/p>\n<p>De los 251 rehenes capturados el d\u00eda del ataque, 49 siguen detenidos en Gaza, de los cuales 27 han muerto, seg\u00fan el ej\u00e9rcito.<\/p>\n<p>Las represalias israel\u00edes han causado 61.776 muertos en Gaza, en su mayor\u00eda civiles, seg\u00fan los datos del Ministerio de Salud de Ham\u00e1s, considerados fiables por la ONU.<\/p>\n<p>str-hba\/tp\/pc\/mb<\/p>\n","protected":false},"excerpt":{"rendered":"afp_tickers Este contenido fue publicado en 14 agosto 2025 &#8211; 18:10 Al menos 17 personas murieron el jueves&hellip;\n","protected":false},"author":2,"featured_media":47271,"comment_status":"","ping_status":"","sticky":false,"template":"","format":"standard","meta":{"footnotes":""},"categories":[42],"tags":[635,17,18,636,13,14,11,61,62,63,64,19,20,9,10,15,16,90,12,21,22,65,66,67],"class_list":{"0":"post-47270","1":"post","2":"type-post","3":"status-publish","4":"format-standard","5":"has-post-thumbnail","7":"category-internacional","8":"tag-armed-conflict","9":"tag-breaking-news","10":"tag-breakingnews","11":"tag-conflict","12":"tag-featured-news","13":"tag-featurednews","14":"tag-headlines","15":"tag-internacional","16":"tag-international","17":"tag-international-news","18":"tag-internationalnews","19":"tag-latest-news","20":"tag-latestnews","21":"tag-news","22":"tag-noticias","23":"tag-noticias-destacadas","24":"tag-noticiasdestacadas","25":"tag-ticker","26":"tag-titulares","27":"tag-ultimas-noticias","28":"tag-ultimasnoticias","29":"tag-world","30":"tag-world-news","31":"tag-worldnews"},"share_on_mastodon":{"url":"","error":""},"_links":{"self":[{"href":"https:\/\/www.europesays.com\/es\/wp-json\/wp\/v2\/posts\/47270","targetHints":{"allow":["GET"]}}],"collection":[{"href":"https:\/\/www.europesays.com\/es\/wp-json\/wp\/v2\/posts"}],"about":[{"href":"https:\/\/www.europesays.com\/es\/wp-json\/wp\/v2\/types\/post"}],"author":[{"embeddable":true,"href":"https:\/\/www.europesays.com\/es\/wp-json\/wp\/v2\/users\/2"}],"replies":[{"embeddable":true,"href":"https:\/\/www.europesays.com\/es\/wp-json\/wp\/v2\/comments?post=47270"}],"version-history":[{"count":0,"href":"https:\/\/www.europesays.com\/es\/wp-json\/wp\/v2\/posts\/47270\/revisions"}],"wp:featuredmedia":[{"embeddable":true,"href":"https:\/\/www.europesays.com\/es\/wp-json\/wp\/v2\/media\/47271"}],"wp:attachment":[{"href":"https:\/\/www.europesays.com\/es\/wp-json\/wp\/v2\/media?parent=47270"}],"wp:term":[{"taxonomy":"category","embeddable":true,"href":"https:\/\/www.europesays.com\/es\/wp-json\/wp\/v2\/categories?post=47270"},{"taxonomy":"post_tag","embeddable":true,"href":"https:\/\/www.europesays.com\/es\/wp-json\/wp\/v2\/tags?post=47270"}],"curies":[{"name":"wp","href":"https:\/\/api.w.org\/{rel}","templated":true}]}}