{"id":47286,"date":"2025-08-14T16:39:12","date_gmt":"2025-08-14T16:39:12","guid":{"rendered":"https:\/\/www.europesays.com\/es\/47286\/"},"modified":"2025-08-14T16:39:12","modified_gmt":"2025-08-14T16:39:12","slug":"mclaren-subastara-monoplaza-de-2026-antes-de-que-haya-salido-a-la-pista","status":"publish","type":"post","link":"https:\/\/www.europesays.com\/es\/47286\/","title":{"rendered":"McLaren subastar\u00e1 monoplaza de 2026 antes de que haya salido a la pista"},"content":{"rendered":"<p>LONDRES, 14 ago (Reuters) &#8211; El campe\u00f3n McLaren anunci\u00f3 el jueves la subasta de uno de sus monoplazas de F\u00f3rmula 1 de 2026 antes incluso de que se haya puesto en pista.<\/p>\n<p>El F1, que ser\u00e1 conducido por Oscar Piastri o Lando Norris, es uno de los tres futuros chasis que McLaren ofrecer\u00e1 en la subasta del 5 de diciembre organizada por RM Sotheby&#8217;s antes del Gran Premio de Abu Dabi.<\/p>\n<p>Los otros dos son un Arrow McLaren Indycar de 2026, que correr\u00e1 en las 500 Millas de Indian\u00e1polis en mayo con el mexicano Pato O&#8217;Ward al volante, y el primer World Endurance Hypercar de McLaren de 2027, que competir\u00e1 en las 24 Horas de Le Mans.<\/p>\n<p>El director general de McLaren, Zak Brown, dijo que la subasta ser\u00eda la primera vez que un futuro autom\u00f3vil de F1 se vende antes de ser presentado al p\u00fablico.<\/p>\n<p>El autom\u00f3vil de 2026, a\u00fan sin nombre -probablemente ser\u00e1 el MCL40 despu\u00e9s del MCL39 de este a\u00f1o-, ser\u00e1 el primero del equipo para una nueva era en la F1 con un gran cambio en las regulaciones t\u00e9cnicas y de motores.<\/p>\n<p>El adjudicatario tendr\u00e1 que esperar a 2028 para recibirlo. Hasta entonces se ofrecer\u00e1 un autom\u00f3vil de exhibici\u00f3n de 2025 al comprador, que tambi\u00e9n tendr\u00e1 acceso preferente al equipo y a los eventos.<\/p>\n<p>Los dem\u00e1s autom\u00f3viles se entregar\u00e1n una vez finalizadas las respectivas series.<\/p>\n<p>McLaren es el \u00fanico equipo que ha ganado la \u00abTriple Corona\u00bb del Gran Premio de M\u00f3naco, las 500 Millas de Indian\u00e1polis y Le Mans, e intentar\u00e1 aumentar sus \u00e9xitos cuando regrese a las carreras de resistencia en 2027.<\/p>\n<p>(Reporte de Alan Baldwin.; Editado en espa\u00f1ol por Javier Leira)<\/p>\n","protected":false},"excerpt":{"rendered":"LONDRES, 14 ago (Reuters) &#8211; El campe\u00f3n McLaren anunci\u00f3 el jueves la subasta de uno de sus monoplazas&hellip;\n","protected":false},"author":2,"featured_media":47287,"comment_status":"","ping_status":"","sticky":false,"template":"","format":"standard","meta":{"footnotes":""},"categories":[270],"tags":[21643,168,25,24,306,271,272,16499,2104,2704,2106,23,167,15047],"class_list":{"0":"post-47286","1":"post","2":"type-post","3":"status-publish","4":"format-standard","5":"has-post-thumbnail","7":"category-formula-1","8":"tag-500-millas-de-indianapolis","9":"tag-deportes","10":"tag-es","11":"tag-espana","12":"tag-f1","13":"tag-formula-1","14":"tag-formula1","15":"tag-gran-premio-de-monaco","16":"tag-lando-norris","17":"tag-mclaren","18":"tag-oscar-piastri","19":"tag-spain","20":"tag-sports","21":"tag-zak-brown"},"share_on_mastodon":{"url":"","error":""},"_links":{"self":[{"href":"https:\/\/www.europesays.com\/es\/wp-json\/wp\/v2\/posts\/47286","targetHints":{"allow":["GET"]}}],"collection":[{"href":"https:\/\/www.europesays.com\/es\/wp-json\/wp\/v2\/posts"}],"about":[{"href":"https:\/\/www.europesays.com\/es\/wp-json\/wp\/v2\/types\/post"}],"author":[{"embeddable":true,"href":"https:\/\/www.europesays.com\/es\/wp-json\/wp\/v2\/users\/2"}],"replies":[{"embeddable":true,"href":"https:\/\/www.europesays.com\/es\/wp-json\/wp\/v2\/comments?post=47286"}],"version-history":[{"count":0,"href":"https:\/\/www.europesays.com\/es\/wp-json\/wp\/v2\/posts\/47286\/revisions"}],"wp:featuredmedia":[{"embeddable":true,"href":"https:\/\/www.europesays.com\/es\/wp-json\/wp\/v2\/media\/47287"}],"wp:attachment":[{"href":"https:\/\/www.europesays.com\/es\/wp-json\/wp\/v2\/media?parent=47286"}],"wp:term":[{"taxonomy":"category","embeddable":true,"href":"https:\/\/www.europesays.com\/es\/wp-json\/wp\/v2\/categories?post=47286"},{"taxonomy":"post_tag","embeddable":true,"href":"https:\/\/www.europesays.com\/es\/wp-json\/wp\/v2\/tags?post=47286"}],"curies":[{"name":"wp","href":"https:\/\/api.w.org\/{rel}","templated":true}]}}