{"id":47298,"date":"2025-08-14T16:46:09","date_gmt":"2025-08-14T16:46:09","guid":{"rendered":"https:\/\/www.europesays.com\/es\/47298\/"},"modified":"2025-08-14T16:46:09","modified_gmt":"2025-08-14T16:46:09","slug":"vive-latino-espana-la-banda-que-se-ha-caido-del-cartel-del-vive-latino","status":"publish","type":"post","link":"https:\/\/www.europesays.com\/es\/47298\/","title":{"rendered":"Vive Latino Espa\u00f1a | La banda que se ha ca\u00eddo del cartel del Vive Latino"},"content":{"rendered":"<p class=\"ft-text\">Cuando apenas quedan tres semanas para que el recinto de la Expo de <a class=\"ft-link ft-link--decoration\" href=\"https:\/\/www.elperiodicodearagon.com\/tags\/zaragoza\/\" target=\"_blank\" rel=\"nofollow noopener\"><strong>Zaragoza<\/strong><\/a> vuelva a vibrar con la celebraci\u00f3n de una nueva edici\u00f3n del <a class=\"ft-link ft-link--decoration\" href=\"https:\/\/www.elperiodicodearagon.com\/tags\/vive-latino-espana\/\" target=\"_blank\" rel=\"nofollow noopener\"><strong>Vive Latino Espa\u00f1a<\/strong><\/a><strong>,<\/strong> en la tarde de este jueves se acaba de conocer que una de las bandas que iba a actuar en el festival finalmente no lo har\u00e1 <strong>\u00abpor motivos personales\u00bb<\/strong> seg\u00fan acaba de comunicar a trav\u00e9s de sus redes sociales.<\/p>\n<p class=\"ft-text\">\u00abLamentamos comunicar que, por motivos personales, la actuaci\u00f3n del d\u00eda 5 en el Vive Latino se cancela. Hemos tratado de encontrar <strong>alternativas para que esta cancelaci\u00f3n<\/strong> no se produjera pero no ha sido posible\u00bb. As\u00ed ha explicado ElyElla que finalmente no estar\u00e1 en el festival de la capital aragonesa que aboga por trazar un puente entre Latinoam\u00e9rica y Espa\u00f1a.<\/p>\n<p class=\"ft-text\">\u00abNos hac\u00eda mucha ilusi\u00f3n encontrarnos con vosotrxs as\u00ed que <strong>prometemos volver a vernos muy pronto.<\/strong> Os queremos, Zaragoza\u00bb, concluye su comunicado el d\u00fao habitual en muchos de los festivales espa\u00f1oles.<\/p>\n<p>As\u00ed queda el cartel<\/p>\n<p class=\"ft-text\">El cartel de la primera jornada de la cita (el viernes 5 de septiembre) estar\u00e1 encabezado por Coque Malla (que estar\u00e1 acompa\u00f1ado por la banda de Los Ronaldos), G-5,\u00a0<strong>Los \u00e1ngeles azules y Love of lesbian<\/strong>\u00a0en un d\u00eda en el que tambi\u00e9n actuar\u00e1n\u00a0<strong>Alcal\u00e1 Norte, Alizzz, Cala Vento<\/strong>, Cuarteto de Nos, El Momo, Johnny Garso, Jos\u00e9 Madero, La gusana ciega, Los secretos, Monsieur Perin\u00e9, Shinova y Total Noventa.<\/p>\n<p class=\"ft-text\">As\u00ed, para el\u00a0<strong>segundo d\u00eda\u00a0<\/strong>del Vive Latino (s\u00e1bado 6 de septiembre) quedan los conciertos de\u00a0<strong>Fangoria, Kase.O, Iv\u00e1n Ferreiro, Le\u00f3n Benavente<\/strong>, Maldita vecindad y Molotov como destacados adem\u00e1s de los de Conociendo Rusia, Depresi\u00f3n sonora, Las novias, La estrella azul live, Los punsetes, Macaco, Modelo, Mar\u00eda Jos\u00e9 Llergo, Se\u00f1oras y Bedeles, Son rompe pera y Zahara.<\/p>\n","protected":false},"excerpt":{"rendered":"Cuando apenas quedan tres semanas para que el recinto de la Expo de Zaragoza vuelva a vibrar con&hellip;\n","protected":false},"author":2,"featured_media":47299,"comment_status":"","ping_status":"","sticky":false,"template":"","format":"standard","meta":{"footnotes":""},"categories":[170],"tags":[208,146,147,25,24,21645,184,185,23,17581,21646,491],"class_list":{"0":"post-47298","1":"post","2":"type-post","3":"status-publish","4":"format-standard","5":"has-post-thumbnail","7":"category-musica","8":"tag-conciertos","9":"tag-entertainment","10":"tag-entretenimiento","11":"tag-es","12":"tag-espana","13":"tag-la-banda-que-se-ha-caido-del-cartel-del-vive-latino","14":"tag-music","15":"tag-musica","16":"tag-spain","17":"tag-vive-latino","18":"tag-vive-latino-espana","19":"tag-zaragoza"},"share_on_mastodon":{"url":"","error":""},"_links":{"self":[{"href":"https:\/\/www.europesays.com\/es\/wp-json\/wp\/v2\/posts\/47298","targetHints":{"allow":["GET"]}}],"collection":[{"href":"https:\/\/www.europesays.com\/es\/wp-json\/wp\/v2\/posts"}],"about":[{"href":"https:\/\/www.europesays.com\/es\/wp-json\/wp\/v2\/types\/post"}],"author":[{"embeddable":true,"href":"https:\/\/www.europesays.com\/es\/wp-json\/wp\/v2\/users\/2"}],"replies":[{"embeddable":true,"href":"https:\/\/www.europesays.com\/es\/wp-json\/wp\/v2\/comments?post=47298"}],"version-history":[{"count":0,"href":"https:\/\/www.europesays.com\/es\/wp-json\/wp\/v2\/posts\/47298\/revisions"}],"wp:featuredmedia":[{"embeddable":true,"href":"https:\/\/www.europesays.com\/es\/wp-json\/wp\/v2\/media\/47299"}],"wp:attachment":[{"href":"https:\/\/www.europesays.com\/es\/wp-json\/wp\/v2\/media?parent=47298"}],"wp:term":[{"taxonomy":"category","embeddable":true,"href":"https:\/\/www.europesays.com\/es\/wp-json\/wp\/v2\/categories?post=47298"},{"taxonomy":"post_tag","embeddable":true,"href":"https:\/\/www.europesays.com\/es\/wp-json\/wp\/v2\/tags?post=47298"}],"curies":[{"name":"wp","href":"https:\/\/api.w.org\/{rel}","templated":true}]}}