{"id":473004,"date":"2026-03-29T22:49:14","date_gmt":"2026-03-29T22:49:14","guid":{"rendered":"https:\/\/www.europesays.com\/es\/473004\/"},"modified":"2026-03-29T22:49:14","modified_gmt":"2026-03-29T22:49:14","slug":"la-linea-galaxy-s26-ahora-incluye-compatibilidad-con-airdrop-para-compartir-archivos","status":"publish","type":"post","link":"https:\/\/www.europesays.com\/es\/473004\/","title":{"rendered":"La l\u00ednea Galaxy S26 ahora incluye compatibilidad con AirDrop para compartir archivos"},"content":{"rendered":"<p><img loading=\"lazy\" width=\"800\" height=\"440\" src=\"https:\/\/www.europesays.com\/es\/wp-content\/uploads\/2026\/03\/Galaxy-S26-Ultra.jpg\" class=\"attachment-post-thumbnail size-post-thumbnail wp-post-image\" alt=\"\" decoding=\"async\"  \/><\/p>\n<p><strong>Esta actualizaci\u00f3n mejora la interoperabilidad entre ecosistemas y simplifica el env\u00edo de contenido entre usuarios, sin importar el dispositivo.<\/strong><\/p>\n<p style=\"text-align: justify;\">Samsung ha anunciado una importante mejora en la funcionalidad Quick Share, logrando la compatibilidad con AirDrop de Apple. Esta integraci\u00f3n permitir\u00e1 el intercambio de archivos, como fotos, videos y documentos, de forma r\u00e1pida y fluida entre dispositivos Galaxy y equipos del ecosistema Apple.<\/p>\n<p style=\"text-align: justify;\">La nueva caracter\u00edstica, que marca un avance clave en la interoperabilidad entre plataformas, se estrenar\u00e1 inicialmente con el lanzamiento de la serie Galaxy S26.<\/p>\n<p style=\"text-align: justify;\">La implementaci\u00f3n comenzar\u00e1 de forma progresiva a partir del 23 de marzo, iniciando en Corea y extendi\u00e9ndose a mercados clave como Europa, Am\u00e9rica del Norte y Am\u00e9rica Latina, entre otros. Si bien debutar\u00e1 en la serie Galaxy S26, Samsung planea expandir esta funcionalidad a otros modelos Galaxy en el futuro.<\/p>\n<p style=\"text-align: justify;\">Quick Share, la herramienta esencial para el intercambio de contenido dentro del ecosistema Galaxy, se est\u00e1 actualizando. Esta evoluci\u00f3n busca simplificar la experiencia del usuario y eliminar las limitaciones entre distintas plataformas. Este cambio estrat\u00e9gico de Samsung responde a la necesidad creciente de una conectividad fluida, reforzando su visi\u00f3n de ofrecer interacciones m\u00e1s intuitivas y conectadas, en sinton\u00eda con avances como Galaxy AI.<\/p>\n<p>Relacionado<\/p>\n","protected":false},"excerpt":{"rendered":"Esta actualizaci\u00f3n mejora la interoperabilidad entre ecosistemas y simplifica el env\u00edo de contenido entre usuarios, sin importar el&hellip;\n","protected":false},"author":2,"featured_media":473005,"comment_status":"","ping_status":"","sticky":false,"template":"","format":"standard","meta":{"footnotes":""},"categories":[81],"tags":[97175,119,123,124,97176,87620,97177,97178,25,24,72807,97179,95741,117,121,122,23,118,120],"class_list":["post-473004","post","type-post","status-publish","format-standard","has-post-thumbnail","category-ciencia-y-tecnologia","tag-celulares-samsung","tag-ciencia","tag-ciencia-y-tecnologia","tag-cienciaytecnologia","tag-compatibilidad-con-airdrop-de-apple","tag-dispositivos-galaxy","tag-envio-de-archivos","tag-equipos-del-ecosistema-apple","tag-es","tag-espana","tag-galaxy-s26","tag-interoperabilidad-entre-ecosistemas","tag-quick-share","tag-science","tag-science-and-technology","tag-scienceandtechnology","tag-spain","tag-technology","tag-tecnologia"],"share_on_mastodon":{"url":"https:\/\/pubeurope.com\/@es\/116314909771644385","error":""},"_links":{"self":[{"href":"https:\/\/www.europesays.com\/es\/wp-json\/wp\/v2\/posts\/473004","targetHints":{"allow":["GET"]}}],"collection":[{"href":"https:\/\/www.europesays.com\/es\/wp-json\/wp\/v2\/posts"}],"about":[{"href":"https:\/\/www.europesays.com\/es\/wp-json\/wp\/v2\/types\/post"}],"author":[{"embeddable":true,"href":"https:\/\/www.europesays.com\/es\/wp-json\/wp\/v2\/users\/2"}],"replies":[{"embeddable":true,"href":"https:\/\/www.europesays.com\/es\/wp-json\/wp\/v2\/comments?post=473004"}],"version-history":[{"count":0,"href":"https:\/\/www.europesays.com\/es\/wp-json\/wp\/v2\/posts\/473004\/revisions"}],"wp:featuredmedia":[{"embeddable":true,"href":"https:\/\/www.europesays.com\/es\/wp-json\/wp\/v2\/media\/473005"}],"wp:attachment":[{"href":"https:\/\/www.europesays.com\/es\/wp-json\/wp\/v2\/media?parent=473004"}],"wp:term":[{"taxonomy":"category","embeddable":true,"href":"https:\/\/www.europesays.com\/es\/wp-json\/wp\/v2\/categories?post=473004"},{"taxonomy":"post_tag","embeddable":true,"href":"https:\/\/www.europesays.com\/es\/wp-json\/wp\/v2\/tags?post=473004"}],"curies":[{"name":"wp","href":"https:\/\/api.w.org\/{rel}","templated":true}]}}