{"id":47319,"date":"2025-08-14T16:58:09","date_gmt":"2025-08-14T16:58:09","guid":{"rendered":"https:\/\/www.europesays.com\/es\/47319\/"},"modified":"2025-08-14T16:58:09","modified_gmt":"2025-08-14T16:58:09","slug":"susurkaev-peleara-cuatro-dias-despues-de-ganar-en-la-dwcs","status":"publish","type":"post","link":"https:\/\/www.europesays.com\/es\/47319\/","title":{"rendered":"Susurkaev pelear\u00e1 cuatro d\u00edas despu\u00e9s de ganar en la DWCS"},"content":{"rendered":"<p class=\"\">La <b>Dana White\u2019s Contender Series <\/b>es la plataforma de <b>localizaci\u00f3n, identificaci\u00f3n y promoci\u00f3n de promesas<\/b> emergentes de la UFC. Aquellos que ganan y sobre todo, impresionan en la DWCS consiguen un contrato con la promotora de MMA m\u00e1s importante del momento.<\/p>\n<p class=\"\"><b>Baysangur Susurkaev <\/b>es la \u00faltima sensaci\u00f3n de la plataforma. El ruso de 24 a\u00f1os llegaba al evento con un r\u00e9cord profesional invicto de 8-0 y fue <b>el \u00fanico de la cartelera que termin\u00f3 su combate por finalizaci\u00f3n<\/b>, pues una patada al cuerpo le fue suficiente para vencer a <b>Murtaza Talha<\/b> en el primer asalto. <\/p>\n<p class=\"\">Pero lo incre\u00edble lleg\u00f3 despu\u00e9s del combate. Susurkaev hizo un gesto con cuatro dedos ante la c\u00e1mara asegurando que <b>quer\u00eda pelear de inmediato en el UFC 319,<\/b> ya que en el combate estelar estar\u00e1 su compa\u00f1ero de entrenamiento <b>Khamzat Chimaev. <\/b>El mism\u00edsimo Dana White afirm\u00f3 despu\u00e9s que los matchmakers quer\u00edan ver a Susurkaev en acci\u00f3n de inmediato, por lo que apenas<b> 24 horas despu\u00e9s de conseguir su contrato<\/b> se hizo oficial que participar\u00eda en el evento numerado del fin de semana.<\/p>\n<p class=\"\">De esta forma romper\u00e1 un r\u00e9cord de precocidad dentro de la compa\u00f1\u00eda que curiosamente sosten\u00eda Chimaev. El checheno esper\u00f3 tan solo diez d\u00edas entre su debut en la UFC y su segundo combate, pero <b>Susurkaev reducir\u00e1 ese n\u00famero a cuatro d\u00edas<\/b>, pulverizando el r\u00e9cord.<\/p>\n<p class=\"\">En UFC 319 su combate formar\u00e1 parte de las peleas preliminares. Su rival ser\u00e1 <b>Eric Nolan<\/b> (8-3-0), un peso w\u00e9lter de 27 a\u00f1os que llega tras ser campe\u00f3n en esa categor\u00eda el pasado mes de mayo. Adem\u00e1s, Nolan ha encadenado cuatro victorias seguidas y estar\u00e1 haciendo su debut en la UFC ante Susurkaev, aunque lo har\u00e1 en <b>una categor\u00eda de peso m\u00e1s (peso medio).<\/b><\/p>\n<p>Noticias relacionadas<a href=\"https:\/\/as.com\/masdeporte\/polideportivo\/el-debut-mas-esperado-quien-es-aaron-pico-el-considerado-mejor-peleador-fuera-de-ufc-n\/\" class=\"s_m_w\" title=\"El estadounidense viene de PFL despu\u00e9s de que esta absorbiese a Bellator, es una de los grandes luchadores del peso pluma. Se medir\u00e1 con Lerone Murphy en el UFC 319. \" data-tb-link=\"\" rel=\"nofollow noopener\" target=\"_blank\"><img decoding=\"async\" src=\"https:\/\/www.europesays.com\/es\/wp-content\/uploads\/2025\/08\/1755190688_491_C2JRPCEXRNGMLLBH6ALNWCVGAA.jpg\" alt=\"El debut m\u00e1s esperado: qui\u00e9n es Aaron Pico, el considerado mejor peleador fuera de UFC\" class=\"\" height=\"1\" width=\"1\"   loading=\"lazy\" data-tb-thumbnail=\"\"\/><\/a><a href=\"https:\/\/as.com\/masdeporte\/polideportivo\/darwin-rodriguez-y-enoc-solves-estrellas-de-wow-22-n\/\" class=\"s_m_w\" title=\"Ambos peleadores disputar\u00e1n el cintur\u00f3n del peso semipesado de la promotora espa\u00f1ola. Adem\u00e1s, Colombo realizar\u00e1 su esperado regreso a la jaula.\" data-tb-link=\"\" rel=\"nofollow noopener\" target=\"_blank\"><img decoding=\"async\" src=\"https:\/\/www.europesays.com\/es\/wp-content\/uploads\/2025\/08\/45MSBJ6OGZAENCFML6QZTPHLLI.jpeg\" alt=\"Darwin Rodriguez y Enoc Solves, estrellas de WOW 22 \" class=\"\" height=\"1\" width=\"1\"   loading=\"lazy\" data-tb-thumbnail=\"\"\/><\/a><\/p>\n<p class=\"\"><b>\u00a1Tus opiniones importan!<\/b> Comenta en los art\u00edculos y suscr\u00edbete gratis a nuestra <a href=\"https:\/\/asfan.as.com\/newsletters\/\" target=\"_blank\" rel=\"nofollow noopener\" title=\"https:\/\/asfan.as.com\/newsletters\/\">newsletter<\/a> y a las alertas informativas en la <a href=\"https:\/\/as.com\/aplicacion-de-as-n\/\" target=\"_blank\" rel=\"nofollow noopener\" title=\"https:\/\/as.com\/aplicacion-de-as-n\/\">App<\/a> o el canal de <a href=\"https:\/\/www.whatsapp.com\/channel\/0029VaAasdA7j6g745nz9M10\" target=\"_blank\" rel=\"nofollow noopener\" title=\"https:\/\/www.whatsapp.com\/channel\/0029VaAasdA7j6g745nz9M10\">WhatsApp<\/a>.<\/p>\n<p class=\"\">\u00bfBuscas licenciar contenido? Haz clic <a href=\"https:\/\/profesional.elpais.com\/soluciones-sindicacion?utm_medium=interno&amp;utm_source=crosslinking&amp;utm_campaign=sindicacion_as_pie_articulos\" target=\"_blank\" rel=\"nofollow noopener\" title=\"https:\/\/profesional.elpais.com\/soluciones-sindicacion?utm_medium=interno&amp;utm_source=crosslinking&amp;utm_campaign=sindicacion_as_pie_articulos\">aqu\u00ed<\/a><\/p>\n","protected":false},"excerpt":{"rendered":"La Dana White\u2019s Contender Series es la plataforma de localizaci\u00f3n, identificaci\u00f3n y promoci\u00f3n de promesas emergentes de la&hellip;\n","protected":false},"author":2,"featured_media":47320,"comment_status":"","ping_status":"","sticky":false,"template":"","format":"standard","meta":{"footnotes":""},"categories":[276],"tags":[168,25,24,23,167,343],"class_list":{"0":"post-47319","1":"post","2":"type-post","3":"status-publish","4":"format-standard","5":"has-post-thumbnail","7":"category-ufc","8":"tag-deportes","9":"tag-es","10":"tag-espana","11":"tag-spain","12":"tag-sports","13":"tag-ufc"},"share_on_mastodon":{"url":"","error":""},"_links":{"self":[{"href":"https:\/\/www.europesays.com\/es\/wp-json\/wp\/v2\/posts\/47319","targetHints":{"allow":["GET"]}}],"collection":[{"href":"https:\/\/www.europesays.com\/es\/wp-json\/wp\/v2\/posts"}],"about":[{"href":"https:\/\/www.europesays.com\/es\/wp-json\/wp\/v2\/types\/post"}],"author":[{"embeddable":true,"href":"https:\/\/www.europesays.com\/es\/wp-json\/wp\/v2\/users\/2"}],"replies":[{"embeddable":true,"href":"https:\/\/www.europesays.com\/es\/wp-json\/wp\/v2\/comments?post=47319"}],"version-history":[{"count":0,"href":"https:\/\/www.europesays.com\/es\/wp-json\/wp\/v2\/posts\/47319\/revisions"}],"wp:featuredmedia":[{"embeddable":true,"href":"https:\/\/www.europesays.com\/es\/wp-json\/wp\/v2\/media\/47320"}],"wp:attachment":[{"href":"https:\/\/www.europesays.com\/es\/wp-json\/wp\/v2\/media?parent=47319"}],"wp:term":[{"taxonomy":"category","embeddable":true,"href":"https:\/\/www.europesays.com\/es\/wp-json\/wp\/v2\/categories?post=47319"},{"taxonomy":"post_tag","embeddable":true,"href":"https:\/\/www.europesays.com\/es\/wp-json\/wp\/v2\/tags?post=47319"}],"curies":[{"name":"wp","href":"https:\/\/api.w.org\/{rel}","templated":true}]}}