{"id":473194,"date":"2026-03-30T02:02:12","date_gmt":"2026-03-30T02:02:12","guid":{"rendered":"https:\/\/www.europesays.com\/es\/473194\/"},"modified":"2026-03-30T02:02:12","modified_gmt":"2026-03-30T02:02:12","slug":"pablo-carreno-pierde-la-final-en-alicante-pero-amarra-su-presencia-en-el-proximo-roland-garros","status":"publish","type":"post","link":"https:\/\/www.europesays.com\/es\/473194\/","title":{"rendered":"Pablo Carre\u00f1o pierde la final en Alicante pero amarra su presencia en el pr\u00f3ximo Roland Garros"},"content":{"rendered":"<p>Objetivo cumplido. <a href=\"http:\/\/www.elcomercio.es\/temas\/personajes\/pablo-carreno.html\" title=\"www.elcomercio.es\" data-voc-vtm-id=\"in-text-traffic\" data-mrf-link=\"www.elcomercio.es\" rel=\"nofollow noopener\" target=\"_blank\">Pablo Carre\u00f1o<\/a> estar\u00e1 en el sorteo del cuadro principal de Roland Garros. El tenista gijon\u00e9s, alejado de la parte alta del ranking  &#8230; ATP en los \u00faltimos meses, ha trabajado muy duro para tener otra oportunidad, una nueva ocasi\u00f3n de medirse a los mejores en un torneo \u00fanico como Roland Garros. Los puntos obtenidos en los challenger han permitido al asturiano recuperar un sitio en el &#8216;top 100&#8217; y ese es el primer paso para abrir la puerta de los grandes torneos. Carre\u00f1o, a pesar de caer esta ma\u00f1ana en la final del Challenger de Alicante, saldr\u00e1 ma\u00f1ana como el 86 ATP. Una clasificaci\u00f3n que le garantiza ya su presencia en el bombo del gran torneo parisino. <\/p>\n<p class=\"v-p\">Sabor agridulce, por tanto, para el gijon\u00e9s que ayer no pudo repetir el triunfo de hace siete d\u00edas en Murcia. Carre\u00f1o se estrell\u00f3 contra el brillante juego del andaluz Pablo Llamas, que termin\u00f3 llev\u00e1ndose el duelo por 6-4 y 6-2 en apenas una hora y 23 minutos.<\/p>\n<p class=\"v-p\">No lleg\u00f3 fresco de piernas el tenista forjado en el Grupo Covadonga. Son muchos partidos en las \u00faltimas dos semanas y sobre todo la intensidad del tramo definitivo en la cita alicantina, donde se vio obligado a remontar resultados adversos y resolver en el tercer set. La frescura de piernas s\u00ed la tuvo Llamas, que cierra el torneo sin haber cedido un set. Una triunfo que le permite, adem\u00e1s, ascender hasta el puesto 151 de la ATP.<\/p>\n<p class=\"v-p\">Carre\u00f1o, despu\u00e9s de conseguir su meta, puede permitirse ahora un descanso y no participar\u00e1 en el siguiente challenger del calendario que se disputar\u00e1 en Menorca.<\/p>\n","protected":false},"excerpt":{"rendered":"Objetivo cumplido. Pablo Carre\u00f1o estar\u00e1 en el sorteo del cuadro principal de Roland Garros. El tenista gijon\u00e9s, alejado&hellip;\n","protected":false},"author":2,"featured_media":473195,"comment_status":"","ping_status":"","sticky":false,"template":"","format":"standard","meta":{"footnotes":""},"categories":[274],"tags":[2206,8701,29901,168,25,24,1058,39032,618,3457,2682,3444,39031,23,167,327,326],"class_list":["post-473194","post","type-post","status-publish","format-standard","has-post-thumbnail","category-tenis","tag-alicante","tag-amarra","tag-carreno","tag-deportes","tag-es","tag-espana","tag-final","tag-garros","tag-pablo","tag-pierde","tag-presencia","tag-proximo","tag-roland","tag-spain","tag-sports","tag-tenis","tag-tennis"],"share_on_mastodon":{"url":"https:\/\/pubeurope.com\/@es\/116315668178327911","error":""},"_links":{"self":[{"href":"https:\/\/www.europesays.com\/es\/wp-json\/wp\/v2\/posts\/473194","targetHints":{"allow":["GET"]}}],"collection":[{"href":"https:\/\/www.europesays.com\/es\/wp-json\/wp\/v2\/posts"}],"about":[{"href":"https:\/\/www.europesays.com\/es\/wp-json\/wp\/v2\/types\/post"}],"author":[{"embeddable":true,"href":"https:\/\/www.europesays.com\/es\/wp-json\/wp\/v2\/users\/2"}],"replies":[{"embeddable":true,"href":"https:\/\/www.europesays.com\/es\/wp-json\/wp\/v2\/comments?post=473194"}],"version-history":[{"count":0,"href":"https:\/\/www.europesays.com\/es\/wp-json\/wp\/v2\/posts\/473194\/revisions"}],"wp:featuredmedia":[{"embeddable":true,"href":"https:\/\/www.europesays.com\/es\/wp-json\/wp\/v2\/media\/473195"}],"wp:attachment":[{"href":"https:\/\/www.europesays.com\/es\/wp-json\/wp\/v2\/media?parent=473194"}],"wp:term":[{"taxonomy":"category","embeddable":true,"href":"https:\/\/www.europesays.com\/es\/wp-json\/wp\/v2\/categories?post=473194"},{"taxonomy":"post_tag","embeddable":true,"href":"https:\/\/www.europesays.com\/es\/wp-json\/wp\/v2\/tags?post=473194"}],"curies":[{"name":"wp","href":"https:\/\/api.w.org\/{rel}","templated":true}]}}