{"id":47325,"date":"2025-08-14T17:02:07","date_gmt":"2025-08-14T17:02:07","guid":{"rendered":"https:\/\/www.europesays.com\/es\/47325\/"},"modified":"2025-08-14T17:02:07","modified_gmt":"2025-08-14T17:02:07","slug":"oficialmente-horner-ya-esta-fuera-de-toda-la-familia-red-bull","status":"publish","type":"post","link":"https:\/\/www.europesays.com\/es\/47325\/","title":{"rendered":"Oficialmente Horner ya est\u00e1 fuera de toda la familia Red Bull"},"content":{"rendered":"<p>El brit\u00e1nico <strong>Christian Horner dej\u00f3 de ser, de manera oficial, director de Red Bull Racing el pasado 13 de agosto<\/strong>, con lo que se termin\u00f3 su legado de dos d\u00e9cadas al frente de las actividades del deporte motor en la <strong><a href=\"https:\/\/www.excelsior.com.mx\/adrenalina\/formula-1#view-1\" target=\"_blank\" rel=\"nofollow noopener\">F\u00f3rmula 1<\/a><\/strong> de la marca de bebidas energ\u00e9ticas.<\/p>\n<p>El <strong>registro mercantil del Reino Unido, Companies House, confirm\u00f3 la baja del brit\u00e1nico de 51 a\u00f1os<\/strong>, cerrando definitivamente su v\u00ednculo con la escuder\u00eda campeona en seis ocasiones de la F\u00f3rmula 1. <a href=\"https:\/\/www.excelsior.com.mx\/adrenalina\/marko-manda-mensaje-a-horner-tras-su-despido-de-red-bull\/1726423\" target=\"_blank\" rel=\"nofollow noopener\">Su despido como jefe de equipo ya se hab\u00eda concretado el 9 de julio<\/a>, pocos d\u00edas despu\u00e9s del Gran Premio de Gran Breta\u00f1a 2025 ante diversos problemas internos como la investigaci\u00f3n por conducta inapropiada con una empleda, pero tambi\u00e9n por la falta de rendimiento que puso en duda el futuro de <strong><a href=\"https:\/\/www.excelsior.com.mx\/adrenalina\/max-verstappen#view-1\" target=\"_blank\" rel=\"nofollow noopener\">Max Verstappen<\/a><\/strong>.\u00a0<\/p>\n<p>Aunque<a href=\"https:\/\/www.excelsior.com.mx\/adrenalina\/laurent-mekies-carrera-equipos-y-logros-del-nuevo-jefe-de-red-bull-racing\/1726160\" target=\"_blank\" rel=\"nofollow noopener\"> Horner fue apartado del equipo de F\u00f3rmula 1 y reemplazado de inmediato por Laurent Mekies,<\/a> quien llegaba de Racing Bulls, el brit\u00e1nico fue reubicado en proyectos internos para mantenerlo alejado del foco medi\u00e1tico, pero todo apuntaba a que su salida definitiva era solo cuesti\u00f3n de tiempo. De hecho el rumor era que se mantendr\u00eda hasta finales del 2025 en lo que se cerraba el tema del finiquito.<\/p>\n<p>Sin embargo, <strong>Red Bull GmbH, la propietaria del equipo y de la marca de bebidas energ\u00e9ticas, aceler\u00f3 el proceso para no dejar un solo rastro de Horner en esta campa\u00f1a<\/strong> y, de esta forma, otorgarle el poder total a Mekies, al menos del lado de la escuder\u00eda.<\/p>\n<p>Horner tom\u00f3 las riendas de Red Bull en 2005, cuando la compa\u00f1\u00eda adquiri\u00f3 a Jaguar, y desde entonces fue la \u00fanica figura de autoridad dentro de Milton Keynes liderando no solo la escuadra de F1, sino tambi\u00e9n teniendo influencia en el programa de j\u00f3venes pilotos as\u00ed como en el ahora departamento de motores llamado Red Bull Powertrains, la cual har\u00e1 su debut en el 2026 bajo la nueva normativa t\u00e9cnica.<\/p>\n<p><strong>\u00bfCu\u00e1l es el destino de Christian Horner en la F1?<\/strong><\/p>\n<p>Apenas el mi\u00e9rcoles, el medio alem\u00e1n Auto Motor und Sport se\u00f1al\u00f3 que Horner tendr\u00eda una posibilidad de dirigir el equipo Cadillac.<\/p>\n<blockquote>\n<p>\u201cYa circulan rumores sobre qui\u00e9n podr\u00eda ser su pr\u00f3ximo empleador (de Horner)\u201d, describe en un art\u00edculo el medio teut\u00f3n. \u201cEl reci\u00e9n llegado Cadillac parece ser una opci\u00f3n viable\u201d.<\/p>\n<\/blockquote>\n<p>Por ahora no existe ninguna confirmaci\u00f3n y el equipo americano ya tiene un jefe de escuadra, Graeme Lowdon.<\/p>\n<p class=\"txt-copyright\">La ley de derechos de autor proh\u00edbe estrictamente copiar completa o parcialmente los materiales de Exc\u00e9lsior sin haber obtenido previamente permiso por escrito y sin incluir el link al texto original.<\/p>\n","protected":false},"excerpt":{"rendered":"El brit\u00e1nico Christian Horner dej\u00f3 de ser, de manera oficial, director de Red Bull Racing el pasado 13&hellip;\n","protected":false},"author":2,"featured_media":47326,"comment_status":"","ping_status":"","sticky":false,"template":"","format":"standard","meta":{"footnotes":""},"categories":[270],"tags":[4671,168,25,24,306,271,272,21655,212,23,167],"class_list":{"0":"post-47325","1":"post","2":"type-post","3":"status-publish","4":"format-standard","5":"has-post-thumbnail","7":"category-formula-1","8":"tag-christian-horner","9":"tag-deportes","10":"tag-es","11":"tag-espana","12":"tag-f1","13":"tag-formula-1","14":"tag-formula1","15":"tag-horner-despido-oficial-de-red-bull","16":"tag-red-bull","17":"tag-spain","18":"tag-sports"},"share_on_mastodon":{"url":"","error":""},"_links":{"self":[{"href":"https:\/\/www.europesays.com\/es\/wp-json\/wp\/v2\/posts\/47325","targetHints":{"allow":["GET"]}}],"collection":[{"href":"https:\/\/www.europesays.com\/es\/wp-json\/wp\/v2\/posts"}],"about":[{"href":"https:\/\/www.europesays.com\/es\/wp-json\/wp\/v2\/types\/post"}],"author":[{"embeddable":true,"href":"https:\/\/www.europesays.com\/es\/wp-json\/wp\/v2\/users\/2"}],"replies":[{"embeddable":true,"href":"https:\/\/www.europesays.com\/es\/wp-json\/wp\/v2\/comments?post=47325"}],"version-history":[{"count":0,"href":"https:\/\/www.europesays.com\/es\/wp-json\/wp\/v2\/posts\/47325\/revisions"}],"wp:featuredmedia":[{"embeddable":true,"href":"https:\/\/www.europesays.com\/es\/wp-json\/wp\/v2\/media\/47326"}],"wp:attachment":[{"href":"https:\/\/www.europesays.com\/es\/wp-json\/wp\/v2\/media?parent=47325"}],"wp:term":[{"taxonomy":"category","embeddable":true,"href":"https:\/\/www.europesays.com\/es\/wp-json\/wp\/v2\/categories?post=47325"},{"taxonomy":"post_tag","embeddable":true,"href":"https:\/\/www.europesays.com\/es\/wp-json\/wp\/v2\/tags?post=47325"}],"curies":[{"name":"wp","href":"https:\/\/api.w.org\/{rel}","templated":true}]}}