{"id":473464,"date":"2026-03-30T06:46:13","date_gmt":"2026-03-30T06:46:13","guid":{"rendered":"https:\/\/www.europesays.com\/es\/473464\/"},"modified":"2026-03-30T06:46:13","modified_gmt":"2026-03-30T06:46:13","slug":"supervivientes-sorprende-con-la-vizcaina-nagore-robles-como-nueva-concursante","status":"publish","type":"post","link":"https:\/\/www.europesays.com\/es\/473464\/","title":{"rendered":"&#8216;Supervivientes&#8217; sorprende con la vizca\u00edna Nagore Robles como nueva concursante"},"content":{"rendered":"<p>&#8216;Supervivientes&#8217; sorprendi\u00f3 anoche a la audiencia cuando Sandra Barneda pronunci\u00f3 el nombre de Nagore Robles como nueva concursante del reality. La basauritarra, que se  &#8230; dio a conocer en &#8216;Gran Hermano&#8217; hace casi dos d\u00e9cadas, cumple por fin su sue\u00f1o de concursar en el reality de supervivencia de Mediaset.<\/p>\n<p class=\"v-p\">\u00abVoy a ganar Supervivientes 2026\u00bb, advert\u00eda la protagonista mientras saludaba a Sandra Barneda. \u00abEs ahora o nunca, si no era este a\u00f1o no iba a ser. Se lo debo al p\u00fablico, a mis amigas que me apoyan y sobre todo me lo debo a m\u00ed\u00bb.<\/p>\n<p class=\"v-p\">La historia de Nagore con &#8216;Supervivientes&#8217; viene de lejos. Hace dos a\u00f1os, cuando se encontraba en el mejor momento de su carrera en el grupo audiovisual, rechaz\u00f3 acudir al reality como concursante suplente por llegar un mes m\u00e1s tarde que el resto. En aquel entonces argument\u00f3 que \u00abtodo el mundo me iba a quitar cualquier m\u00e9rito y que de ir, ir\u00eda desde el d\u00eda 1\u00bb. Pero esta vez s\u00ed ha aceptado. Y con las mismas condiciones.<\/p>\n<p class=\"v-p\">\u00bfQu\u00e9 ha pasado? Robles viene de un a\u00f1o fuera de Mediaset, donde ha sido concursante de &#8216;Bake Off&#8217; en TVE. Ahora la basauritarra vuelve a la cadena donde se dio a conocer y como concursante de realities. \u00abLlev\u00e1is a\u00f1os pidi\u00e9ndome que vaya y lo hago por vosotros. Solo espero que cuando me nominen me salv\u00e9is porque pienso d\u00e1roslo todo\u00bb, ped\u00eda anoche a los espectadores. \u00abSoy la mejor colaboradora que ha tenido Mediaset\u00bb, presumi\u00f3.<\/p>\n<p class=\"v-p\">Nagore se incorporar\u00e1 en los pr\u00f3ximos d\u00edas a un concurso que ha sufrido el abandono de dos personas de forma inesperada y a las primeras de cambio. El reality vivi\u00f3 ayer su primera expulsi\u00f3n de la edici\u00f3n. Fue Marisa Jara la eliminada por la audiencia.<\/p>\n","protected":false},"excerpt":{"rendered":"&#8216;Supervivientes&#8217; sorprendi\u00f3 anoche a la audiencia cuando Sandra Barneda pronunci\u00f3 el nombre de Nagore Robles como nueva concursante&hellip;\n","protected":false},"author":2,"featured_media":473465,"comment_status":"","ping_status":"","sticky":false,"template":"","format":"standard","meta":{"footnotes":""},"categories":[171],"tags":[2884,146,147,25,24,31036,795,18517,6924,23,3947,214,1513],"class_list":["post-473464","post","type-post","status-publish","format-standard","has-post-thumbnail","category-tv","tag-concursante","tag-entertainment","tag-entretenimiento","tag-es","tag-espana","tag-nagore","tag-nueva","tag-robles","tag-sorprende","tag-spain","tag-supervivientes","tag-tv","tag-vizcaina"],"share_on_mastodon":{"url":"https:\/\/pubeurope.com\/@es\/116316784849291688","error":""},"_links":{"self":[{"href":"https:\/\/www.europesays.com\/es\/wp-json\/wp\/v2\/posts\/473464","targetHints":{"allow":["GET"]}}],"collection":[{"href":"https:\/\/www.europesays.com\/es\/wp-json\/wp\/v2\/posts"}],"about":[{"href":"https:\/\/www.europesays.com\/es\/wp-json\/wp\/v2\/types\/post"}],"author":[{"embeddable":true,"href":"https:\/\/www.europesays.com\/es\/wp-json\/wp\/v2\/users\/2"}],"replies":[{"embeddable":true,"href":"https:\/\/www.europesays.com\/es\/wp-json\/wp\/v2\/comments?post=473464"}],"version-history":[{"count":0,"href":"https:\/\/www.europesays.com\/es\/wp-json\/wp\/v2\/posts\/473464\/revisions"}],"wp:featuredmedia":[{"embeddable":true,"href":"https:\/\/www.europesays.com\/es\/wp-json\/wp\/v2\/media\/473465"}],"wp:attachment":[{"href":"https:\/\/www.europesays.com\/es\/wp-json\/wp\/v2\/media?parent=473464"}],"wp:term":[{"taxonomy":"category","embeddable":true,"href":"https:\/\/www.europesays.com\/es\/wp-json\/wp\/v2\/categories?post=473464"},{"taxonomy":"post_tag","embeddable":true,"href":"https:\/\/www.europesays.com\/es\/wp-json\/wp\/v2\/tags?post=473464"}],"curies":[{"name":"wp","href":"https:\/\/api.w.org\/{rel}","templated":true}]}}