{"id":473728,"date":"2026-03-30T10:11:18","date_gmt":"2026-03-30T10:11:18","guid":{"rendered":"https:\/\/www.europesays.com\/es\/473728\/"},"modified":"2026-03-30T10:11:18","modified_gmt":"2026-03-30T10:11:18","slug":"un-nuevo-museo-para-el-ultimo-dali","status":"publish","type":"post","link":"https:\/\/www.europesays.com\/es\/473728\/","title":{"rendered":"Un nuevo museo para el \u00faltimo Dal\u00ed"},"content":{"rendered":"<p>El Dal\u00ed escultor es menos conocido y celebrado que el pintor. Pero un nuevo museo abre sus puertas para mostrar las \u00faltimas esculturas del genio  &#8230; surrealista. Est\u00e1 en el hist\u00f3rico Palacio de Gaviria, decadente edificio del siglo XIX reci\u00e9n restaurado en el coraz\u00f3n de Madrid, en la calle de Arenal, a unos metros de la Puerta de Sol. La Fundaci\u00f3n Gala-Salvador Dal\u00ed ha \u00abregularizado\u00bb las 14 piezas de la colecci\u00f3n Clot-Quir\u00f3s que integran la exposici\u00f3n.<\/p>\n<p class=\"v-p\">Entre 1973 y 1983 Dal\u00ed experiment\u00f3 con esculturas a la cera perdida. Realiz\u00f3 medio centenar de piezas que vendi\u00f3 a dos amigos y coleccionistas, Isidro Clot y Juan Quir\u00f3s. Fundidas en bronce, la Fundaci\u00f3n Gala-Dal\u00ed las ha \u00abautorizado\u00bb tras mantenerlas durante varias d\u00e9cadas en el limbo.<\/p>\n<p><img decoding=\"async\" loading=\"lazy\" src=\"https:\/\/www.europesays.com\/es\/wp-content\/uploads\/2026\/03\/Dali-Elefante-efe-U60248477818ApG-748x524@RC.jpg\" class=\"v-a-img\" alt=\"'Cabeza de caballo ri\u00e9ndose', de la exposici\u00f3n 'Dal\u00ed infinito'.\" data-voc-vtm-id=\"in-text-traffic\" width=\"748\" height=\"524\"\/><\/p>\n<p>&#8216;Cabeza de caballo ri\u00e9ndose&#8217;, de la exposici\u00f3n &#8216;Dal\u00ed infinito&#8217;.<\/p>\n<p>Efe<\/p>\n<p><img loading=\"lazy\" decoding=\"async\" src=\"https:\/\/www.europesays.com\/es\/wp-content\/uploads\/2026\/03\/Dali-Elefante-efe_20260329173642-U72114864383VxT-1920x1344@RC.jpg\" class=\"v-mdl__img-z\" width=\"1920\" height=\"1344\" alt=\"\"\/><\/p>\n<p class=\"v-p\">Piezas como &#8216;Elefante c\u00f3smico&#8217;, &#8216;Mujer desnuda subiendo escalera&#8217;, &#8216;Cabeza de caballo riendo&#8217;, &#8216;Cristo de San Juan de la Cruz&#8217;, &#8216;Ama de llaves&#8217; o &#8216;Alma del Quijote&#8217; son expuestas de manera permanente bajo el t\u00edtulo &#8216;Salvador Dal\u00ed infinito&#8217;. Se acompa\u00f1an de dibujos preparatorios, obra gr\u00e1fica y fotos del artista realizadas por Jacques Leonard y que presentan a un Dal\u00ed \u00edntimo.<\/p>\n<p class=\"v-p\">Rosa Perales, historiadora y comisaria de la exposici\u00f3n, quiere \u00absorprender\u00bb con su instalaci\u00f3n en cada sala del &#8216;dalinizado&#8217; palacio, que debi\u00f3 cerrar en la pandemia ante el p\u00e9simo estado de sus cubiertas. Perales asegura que la grandeza de sus restaurados espacios \u00abhabr\u00eda agradado mucho a Dal\u00ed\u00bb.<\/p>\n<p class=\"v-p\">\u00abSon piezas relevantes\u00bb, argumenta Perales. \u00abCorresponden a su per\u00edodo paranoico cr\u00edtico y las realiz\u00f3 con una notable maestr\u00eda t\u00e9cnica\u00bb, dice la historiadora de unas obras conocidas por muy pocos expertos. <\/p>\n<p class=\"v-p\">Para su exposici\u00f3n y comercializaci\u00f3n era imprescindible el benepl\u00e1cito de la Fundaci\u00f3n Gala-Dal\u00ed, que se hizo de rogar. Iladart Limited, la empresa propietaria de las obras, hizo p\u00fablico el acuerdo el 10 de marzo. <\/p>\n<p class=\"v-p\">Afecta a las 14 esculturas expuestas y a otras 22 que podr\u00edan emerger en los pr\u00f3ximos meses. \u00abCorresponden a un tiraje marcado por Dal\u00ed que permite reproducir hasta 30 figuras en tama\u00f1os peque\u00f1o, medio y monumental\u00bb, confirma Laura Bartolom\u00e9, subdirectora de Investigaci\u00f3n y Proyectos de la Fundaci\u00f3n Gala-Dal\u00ed. Sobre su posible precio en el mercado, todos prefieren guardar silencio.<\/p>\n<p>Paisajes inspiradores<\/p>\n<p class=\"v-p\">Se exhiben junto a dibujos originales dedicados al Ampurd\u00e1n y el Mediterr\u00e1neo para una edici\u00f3n de un libro de Josep Pla. Son paisajes esenciales para Dal\u00ed \u00abcomo fuente inagotable de inspiraci\u00f3n y escenarios \u00edntimos de su imaginaci\u00f3n\u00bb.<\/p>\n<p><img decoding=\"async\" loading=\"lazy\" src=\"https:\/\/www.europesays.com\/es\/wp-content\/uploads\/2026\/03\/Dali3_20260329174526-U10862783636ruR-650x975@RC.jpg\" class=\"v-a-img\" alt=\"'Alma de Quijote', Salvador Dal\u00ed,\" data-voc-vtm-id=\"in-text-traffic\" width=\"650\" height=\"975\"\/><\/p>\n<p>&#8216;Alma de Quijote&#8217;, Salvador Dal\u00ed,<\/p>\n<p>Fundaci\u00f3n Gala-Salvador Dal\u00ed<\/p>\n<p class=\"v-p\">Gala, musa e inseparable compa\u00f1era de Dal\u00ed, ocupa un lugar relevante en la exposici\u00f3n, con una serie de dibujos que reflejan la devoci\u00f3n y mitificaci\u00f3n de su figura por parte del genio ampurdan\u00e9s. Aparece como \u00abeje po\u00e9tico y afectivo\u00bb, representada \u00abcon una sensibilidad que combina lo real con lo visionario\u00bb.<\/p>\n<p class=\"v-p\">El recorrido se cierra con la serie gr\u00e1fica dedicada a la &#8216;Divina Comedia&#8217; de Dante realizada por Dal\u00ed entre 1959 y 1960. La lectura daliniana del cl\u00e1sico medieval reinterpreta el viaje dantesco con un repertorio visual entre lo m\u00edstico, lo fant\u00e1stico y lo inquietante. \u00abCada estampa demuestra la capacidad de Dal\u00ed para conectar la tradici\u00f3n literaria universal con su inconfundible lenguaje iconogr\u00e1fico\u00bb, destaca Perales.<\/p>\n","protected":false},"excerpt":{"rendered":"El Dal\u00ed escultor es menos conocido y celebrado que el pintor. Pero un nuevo museo abre sus puertas&hellip;\n","protected":false},"author":2,"featured_media":473729,"comment_status":"","ping_status":"","sticky":false,"template":"","format":"standard","meta":{"footnotes":""},"categories":[173],"tags":[229,233,231,230,9680,232,234,146,147,25,24,470,524,23,3667],"class_list":["post-473728","post","type-post","status-publish","format-standard","has-post-thumbnail","category-arte-y-diseno","tag-arte","tag-arte-y-diseno","tag-arts","tag-arts-and-design","tag-dali","tag-design","tag-diseno","tag-entertainment","tag-entretenimiento","tag-es","tag-espana","tag-museo","tag-nuevo","tag-spain","tag-ultimo"],"share_on_mastodon":{"url":"https:\/\/pubeurope.com\/@es\/116317591509329458","error":""},"_links":{"self":[{"href":"https:\/\/www.europesays.com\/es\/wp-json\/wp\/v2\/posts\/473728","targetHints":{"allow":["GET"]}}],"collection":[{"href":"https:\/\/www.europesays.com\/es\/wp-json\/wp\/v2\/posts"}],"about":[{"href":"https:\/\/www.europesays.com\/es\/wp-json\/wp\/v2\/types\/post"}],"author":[{"embeddable":true,"href":"https:\/\/www.europesays.com\/es\/wp-json\/wp\/v2\/users\/2"}],"replies":[{"embeddable":true,"href":"https:\/\/www.europesays.com\/es\/wp-json\/wp\/v2\/comments?post=473728"}],"version-history":[{"count":0,"href":"https:\/\/www.europesays.com\/es\/wp-json\/wp\/v2\/posts\/473728\/revisions"}],"wp:featuredmedia":[{"embeddable":true,"href":"https:\/\/www.europesays.com\/es\/wp-json\/wp\/v2\/media\/473729"}],"wp:attachment":[{"href":"https:\/\/www.europesays.com\/es\/wp-json\/wp\/v2\/media?parent=473728"}],"wp:term":[{"taxonomy":"category","embeddable":true,"href":"https:\/\/www.europesays.com\/es\/wp-json\/wp\/v2\/categories?post=473728"},{"taxonomy":"post_tag","embeddable":true,"href":"https:\/\/www.europesays.com\/es\/wp-json\/wp\/v2\/tags?post=473728"}],"curies":[{"name":"wp","href":"https:\/\/api.w.org\/{rel}","templated":true}]}}