{"id":473754,"date":"2026-03-30T10:33:17","date_gmt":"2026-03-30T10:33:17","guid":{"rendered":"https:\/\/www.europesays.com\/es\/473754\/"},"modified":"2026-03-30T10:33:17","modified_gmt":"2026-03-30T10:33:17","slug":"una-aldea-blanca-que-casi-nadie-conoce-fuera-de-sevilla","status":"publish","type":"post","link":"https:\/\/www.europesays.com\/es\/473754\/","title":{"rendered":"una aldea blanca que casi nadie conoce fuera de Sevilla"},"content":{"rendered":"<p id=\"ehL1B80Iw9a\" data-wc=\"116\">Con una frase sencilla pero cargada de identidad y orgullo, Eva Gonz\u00e1lez resum\u00eda hace unos d\u00edas toda una vida de ra\u00edces y pertenencia: \u201cGracias a mi tierra por tanto. <strong>A mi pueblo, Mairena del Alcor, por criarme y sostenerme.<\/strong> Gracias a quienes han caminado conmigo. Y gracias por permitirme seguir diciendo all\u00e1 donde vaya, con la cabeza muy alta: soy andaluza\u201d. Con estas palabras, impresas en el marcap\u00e1ginas que quiso regalar a sus familiares y amigos en el <a class=\"hm-link ho-link\" href=\"https:\/\/www.hola.com\/actualidad\/20260302886990\/eva-gonzalez-fiesta-homenaje-amigas-flamenco-recordatorios\/\" data-mrf-recirculation=\"article-body-link\" rel=\"nofollow noopener\" target=\"_blank\">c\u00f3ctel posterior a recibir en el Teatro de la Maestranza la Medalla de Andaluc\u00eda<\/a> \u201cmucho m\u00e1s que una distinci\u00f3n\u201d, la presentadora pon\u00eda voz a un sentimiento compartido por muchos: el de no olvidar nunca de d\u00f3nde se viene.<\/p>\n<p> <img src=\"https:\/\/www.europesays.com\/es\/wp-content\/uploads\/2026\/03\/d72429ad8bdc-dlu601115009.jpg\"   width=\"1080\" height=\"1800\" loading=\"lazy\" decoding=\"async\" alt=\"Eva Gonz\u00e1lez al llegar al acto\" fetchpriority=\"auto\" class=\"image ho-image\"\/>\u00a9 GTRESEva Gonz\u00e1lez a su llegada al acto de entrega de Medallas de Andaluc\u00eda en febero de 2026.<\/p>\n<p id=\"eMpSwZj8an\" data-wc=\"138\">A Eva Gonz\u00e1lez le cambi\u00f3 la vida en 2003, cuando solo ten\u00eda 22 a\u00f1os y fue <strong>coronada Miss Espa\u00f1a.\u00a0<\/strong>La moda le abri\u00f3 las puertas de la televisi\u00f3n, medio en el que se ha convertido en una de las presentadoras m\u00e1s queridas y con mayor repercusi\u00f3n. Ella misma contaba que, tras dejar su tierra muy joven por motivos laborales, decidi\u00f3 volver al formar una familia. \u201cMe fui, pero me llev\u00e9 Andaluc\u00eda conmigo. Cuando fui madre, decid\u00ed volver porque quer\u00eda que mi hijo, el d\u00eda de ma\u00f1ana, <strong>estuviese donde estuviese, llevase Andaluc\u00eda tambi\u00e9n en el coraz\u00f3n\u201d,<\/strong> explic\u00f3 Eva. Actualmente, la presentadora vive en Mairena del Alcor, en una casa que est\u00e1 reformando y comparte su d\u00eda a d\u00eda con las amigas de su infancia y con las dos mujeres de su vida: su hermana Mar\u00eda y su madre Encarna.<\/p>\n<p> <img src=\"https:\/\/www.europesays.com\/es\/wp-content\/uploads\/2026\/03\/e29280611fe4-castillo.jpg\"   width=\"1080\" height=\"1080\" loading=\"lazy\" decoding=\"async\" alt=\"Castillo de Luna, Mairena del Alcor, Sevilla\" fetchpriority=\"auto\" class=\"image ho-image\"\/>\u00a9 @turismomairenadelalcorCastillo de Luna.<\/p>\n<p> <img src=\"https:\/\/www.europesays.com\/es\/wp-content\/uploads\/2026\/03\/0c3e1edd494a-arco.jpg\"   width=\"1080\" height=\"1080\" loading=\"lazy\" decoding=\"async\" alt=\"El Arco, todo un s\u00edmbolo del pueblo de Mairena del Alcor, Sevilla\" fetchpriority=\"auto\" class=\"image ho-image\"\/>\u00a9 @turismomairenadelalcorEl Arco, todo un s\u00edmbolo de este pueblo de Sevilla.<\/p>\n<p id=\"eynK8Nvr6SA\" data-wc=\"126\">Eva Gonz\u00e1lez se siente orgullosa de su pueblo y su pueblo de ella, prueba de ello es que desde 2012 <strong>tiene una calle dedicada<\/strong>. Mairena tiene unos cuantos lugares de los que sentirse orgulloso, como el castillo de Luna, <strong>la casa palacio de los Duques de Arcos<\/strong> \u2014de aire mud\u00e9jar\u2014, un puente sobre el arroyo Salado que se atribuye a los romanos, el Arco \u2014todo un s\u00edmbolo, en cuyo interior conserva un peque\u00f1o retablo del siglo XVIII con las im\u00e1genes de Jes\u00fas Nazareno y Nuestra Se\u00f1ora del Sol\u2014 y un pu\u00f1adito de templos, capillas y ermitas. Y tiene tambi\u00e9n un patrimonio que m\u00e1s que verse se siente y se hace palpable en sus celebraciones, como la Semana Santa, que vive con toda la emoci\u00f3n Eva Gonz\u00e1lez.<\/p>\n<p> <img src=\"https:\/\/www.europesays.com\/es\/wp-content\/uploads\/2026\/03\/21a2cf29ddfc-mairena.jpg\"   width=\"1080\" height=\"1080\" loading=\"lazy\" decoding=\"async\" alt=\"Eva Gonz\u00e1lez y su hijo Cayetano en una procesi\u00f3n de Mairena del Alcor, Sevilla\" fetchpriority=\"auto\" class=\"image ho-image\"\/>\u00a9 @evagonzalezoficial<\/p>\n<p id=\"ePlvngMzY_\" data-wc=\"75\">Mairena del Alcor se transforma cuando llegan estas fechas. El ritmo cotidiano del pueblo deja paso a otro m\u00e1s pausado, marcado por el <strong>sonido de los tambores, el aroma a incienso<\/strong> y la expectaci\u00f3n en cada esquina. Lejos de las grandes multitudes de Sevilla, la Semana Santa tiene aqu\u00ed un car\u00e1cter m\u00e1s cercano, m\u00e1s aut\u00e9ntico. Con el traj\u00edn en las casas de los vecinos <strong>prob\u00e1ndose t\u00fanicas y capirotes<\/strong>, y ese olor a torrijas reci\u00e9n hechas.<\/p>\n<p id=\"eKlxcwZ7Fcri\" data-wc=\"78\">Cada procesi\u00f3n se vive en Mairena casi en familia, con vecinos que conocen cada detalle, cada historia, cada tradici\u00f3n. Ese sentimiento cofrade lo siente Eva Gonz\u00e1lez desde siempre, pero <strong>m\u00e1s intensamente desde que es madre<\/strong>. As\u00ed lo compart\u00eda cuando Cayetano \u2014que ahora tiene 8 a\u00f1os\u2014 entr\u00f3 en su hermandad de Nuestro Padre Jes\u00fas Nazareno: \u201cTu primera vez como nazareno. Me acuerdo de tu abuelo y del m\u00edo, de c\u00f3mo amaban a su hermandad. De c\u00f3mo la amo yo\u2026\u201d.\u00a0<\/p>\n<p> <img src=\"https:\/\/www.europesays.com\/es\/wp-content\/uploads\/2026\/03\/97f7afbebc40-retablo.jpg\"   width=\"1080\" height=\"1080\" loading=\"lazy\" decoding=\"async\" alt=\"Retablo de la iglesia parroquial de Santa Mar\u00eda de la Asunci\u00f3n, epicentro de la Semana Santa de Mairena del Alcor, Sevilla\" fetchpriority=\"auto\" class=\"image ho-image\"\/>\u00a9 @turismomairenadelalcorRetablo de la iglesia parroquial de Santa Mar\u00eda de la Asunci\u00f3n, epicentro de la Semana Santa.<\/p>\n<p id=\"eE1E96Al0sov\" data-wc=\"110\">Para quien llega por primera vez a este pueblo a 25 kil\u00f3metros de Sevilla en Semana Santa, el recorrido comienza inevitablemente en el centro hist\u00f3rico, donde las fachadas encaladas y las calles estrechas crean el escenario perfecto para el recogimiento. La iglesia de Santa Mar\u00eda de la Asunci\u00f3n es <strong>el epicentro de la vida cofrade,\u00a0<\/strong>desde ella parten algunas de las procesiones m\u00e1s queridas del municipio. Entre las m\u00e1s devotas est\u00e1, precisamente, la de la hermandad de la presentadora, fundada en 1574. Su imagen de Nuestro Padre Jes\u00fas Nazareno sale la madrugada del Viernes Santo <strong>acompa\u00f1ada de 700 cofrades vestidos con t\u00fanica blanca y capa,<\/strong> antifaz, botonadura y bocamangas moradas.<\/p>\n<p> <img src=\"https:\/\/www.europesays.com\/es\/wp-content\/uploads\/2026\/03\/6a243163c0b5-triana2.jpg\"   width=\"1080\" height=\"1080\" loading=\"lazy\" decoding=\"async\" alt=\"Eva Gonz\u00e1lez y su hijo Cayetano viendo un trono en Sevilla\" fetchpriority=\"auto\" class=\"image ho-image\"\/>\u00a9 @evagonzalezoficialEva Gonz\u00e1lez y su hijo Cayetano admirando un trono.<\/p>\n<p id=\"evypsOGu2JNW\" data-wc=\"64\">Unos d\u00edas antes, el Domingo de Ramos, la imagen de Nuestro Padre Jes\u00fas de la Salud <strong>montado en la borriquita<\/strong> en su sagrada y triunfal entrada en Jerusal\u00e9n recorrer\u00e1 las calles de la Barriada <strong>entre palmas y cantos infantiles.<\/strong> Pero a lo largo de esta semana desfilar\u00e1n tambi\u00e9n el Cautivo, Cristo Humilde esperando el destino de la cruz, el \u00c1rbol de la Verdadera Cruz\u2026<\/p>\n<p id=\"e8T6sKTn-N\" data-wc=\"71\">De la iglesia de San Sebasti\u00e1n sale la hermandad de la Soledad la tarde-noche del Viernes Santo, en la que los vecinos acompa\u00f1an a una Virgen Dolorosa de gran devoci\u00f3n local <strong>por las calles con velas y faroles.\u00a0<\/strong>Y de la ermita de San Sebasti\u00e1n (o tambi\u00e9n del templo de la Asunci\u00f3n), los pasos hist\u00f3ricos de la hermandad de la Vera-Cruz, que desfilan el S\u00e1bado Santo al ritmo de marchas solemnes.<\/p>\n<p> <img src=\"https:\/\/www.europesays.com\/es\/wp-content\/uploads\/2026\/03\/6a6e383783f0-plaza-pueblo.jpg\"   width=\"1080\" height=\"1080\" loading=\"lazy\" decoding=\"async\" alt=\"Plaza de Mairena del Alcor, Sevilla\" fetchpriority=\"auto\" class=\"image ho-image\"\/>\u00a9 @evagonzalezoficialLa plaza de Mairena donde tantas veces jug\u00f3 Eva Gonz\u00e1lez de peque\u00f1a.<\/p>\n<p id=\"eIVyZF3O1JiE\" data-wc=\"101\">Pero descubrir Mairena del Alcor no es solo seguir pasos procesionales. <strong>Entre procesi\u00f3n y procesi\u00f3n hay que hacer una pausa<\/strong> en sus plazas, como aquella \u201cdonde tantas veces jugu\u00e9 de peque\u00f1a\u201d, visitar el castillo, que acoge un museo dedicado al pintor anglo-franc\u00e9s Jorge Bonsor \u2014quien lo convirti\u00f3 en su residencia\u2014, pasear por el Parque Olivar del Castillo, conocer el Centro de Interpretaci\u00f3n del Cante Jondo Antonio Mairena y la Feria de Abril y visitar sus molinos harineros. Y, por supuesto, <strong>salir de tapas de Cuaresma<\/strong> por los bares del centro hist\u00f3rico de este pueblo cuyo nombre lleva Eva Gonz\u00e1lez por bandera.<\/p>\n","protected":false},"excerpt":{"rendered":"Con una frase sencilla pero cargada de identidad y orgullo, Eva Gonz\u00e1lez resum\u00eda hace unos d\u00edas toda una&hellip;\n","protected":false},"author":2,"featured_media":473755,"comment_status":"","ping_status":"","sticky":false,"template":"","format":"standard","meta":{"footnotes":""},"categories":[174],"tags":[255,146,147,25,24,2764,256,8419,1171,23,226],"class_list":["post-473754","post","type-post","status-publish","format-standard","has-post-thumbnail","category-famosos","tag-celebrities","tag-entertainment","tag-entretenimiento","tag-es","tag-espana","tag-eva-gonzalez","tag-famosos","tag-pueblos","tag-sevilla","tag-spain","tag-viajes"],"share_on_mastodon":{"url":"https:\/\/pubeurope.com\/@es\/116317677862958737","error":""},"_links":{"self":[{"href":"https:\/\/www.europesays.com\/es\/wp-json\/wp\/v2\/posts\/473754","targetHints":{"allow":["GET"]}}],"collection":[{"href":"https:\/\/www.europesays.com\/es\/wp-json\/wp\/v2\/posts"}],"about":[{"href":"https:\/\/www.europesays.com\/es\/wp-json\/wp\/v2\/types\/post"}],"author":[{"embeddable":true,"href":"https:\/\/www.europesays.com\/es\/wp-json\/wp\/v2\/users\/2"}],"replies":[{"embeddable":true,"href":"https:\/\/www.europesays.com\/es\/wp-json\/wp\/v2\/comments?post=473754"}],"version-history":[{"count":0,"href":"https:\/\/www.europesays.com\/es\/wp-json\/wp\/v2\/posts\/473754\/revisions"}],"wp:featuredmedia":[{"embeddable":true,"href":"https:\/\/www.europesays.com\/es\/wp-json\/wp\/v2\/media\/473755"}],"wp:attachment":[{"href":"https:\/\/www.europesays.com\/es\/wp-json\/wp\/v2\/media?parent=473754"}],"wp:term":[{"taxonomy":"category","embeddable":true,"href":"https:\/\/www.europesays.com\/es\/wp-json\/wp\/v2\/categories?post=473754"},{"taxonomy":"post_tag","embeddable":true,"href":"https:\/\/www.europesays.com\/es\/wp-json\/wp\/v2\/tags?post=473754"}],"curies":[{"name":"wp","href":"https:\/\/api.w.org\/{rel}","templated":true}]}}