{"id":474520,"date":"2026-03-30T22:01:10","date_gmt":"2026-03-30T22:01:10","guid":{"rendered":"https:\/\/www.europesays.com\/es\/474520\/"},"modified":"2026-03-30T22:01:10","modified_gmt":"2026-03-30T22:01:10","slug":"valorado-en-10-millones-garaje-para-motos-de-agua","status":"publish","type":"post","link":"https:\/\/www.europesays.com\/es\/474520\/","title":{"rendered":"valorado en 10 millones, garaje para motos de agua&#8230;."},"content":{"rendered":"<p class=\"c-paragraph\">Ya no solo ser\u00e1 el golf la v\u00eda de escape de <b><a href=\"https:\/\/www.20minutos.es\/tags\/deportes\/carlos-alcaraz.html\" title=\"Carlos Alcaraz\" rel=\"nofollow noopener\" target=\"_blank\">Carlos Alcaraz<\/a>, que ha dado con una nueva manera de relajarse durante la temporada<\/b>: el murciano apuesta por el mar con un impresionante yate de lujo, que estar\u00e1 personalizado especialmente para \u00e9l y podr\u00eda estar <b>valorado en aproximadamente 10 millones de euros<\/b>.<\/p>\n<p class=\"c-paragraph\">El n\u00famero uno del tenis mundial tendr\u00e1 un <b>Sunreef Ultima 88 de Sunreef Yatchs<\/b>, que dise\u00f1ar\u00e1 el catamar\u00e1n a medida del jugador de El Palmar, el \u00faltimo deportista en trabajar con el astillero polaco tras Fernando Alonso o Rafa Nadal, entre otros, seg\u00fan recoge <a href=\"https:\/\/forbes.es\/nautik\/896452\/carlos-alcaraz-nueva-imagen-del-espectacular-catamaran-sunreef-ultima-88\/\" rel=\"nofollow noreferrer noopener\" title=\"La noticia en &#039;Forbes&#039;\" target=\"_blank\">Forbes<\/a>.<\/p>\n<p class=\"c-paragraph\">Des esta manera, el nav\u00edo, capaz de alcanzar una velocidad de hasta 26 nudos, dispondr\u00e1 de <b>cuatro camarotes para invitados<\/b>, adem\u00e1s de una amplia suite y\u00a0<b>espacios para relajarse y disfrutar del ocio con familia y amigos<\/b>.<\/p>\n<p class=\"c-paragraph\">Del mismo modo, el yate cuenta con acceso directo al mar, plataforma hidr\u00e1ulica y <b>hasta un garaje para motos acu\u00e1ticas<\/b>, lo que garantiza la diversi\u00f3n al mismo tiempo que piensa en la sostenibilidad: el modelo ofrece la posibilidad de incorporar propulsi\u00f3n h\u00edbrida y paneles solares.<\/p>\n<p class=\"c-paragraph\">\u00abConstruir con ellos <b>me da la seguridad de que ser\u00e1 el yate perfecto para desconectar y recargar energ\u00edas<\/b>\u00ab, ha asegurado Alcaraz sobre su apuesta por Sunreef. \u00abCompartimos el mismo esp\u00edritu din\u00e1mico: hacemos una gran pareja\u00bb, brome\u00f3 el espa\u00f1ol.<\/p>\n<p class=\"c-paragraph\">El <b>tenista murciano ya ha empezado a preparar\u00a0el Masters 1000 de Montecarlo<\/b>, donde defiende el t\u00edtulo y llega como n\u00famero 1 del mundo, con Jannik Sinner al acecho tras sus triunfos en Indian Wells y Miami, ya que una final en M\u00f3naco con victoria del italiano podr\u00eda arrebatarle el liderato de la clasificaci\u00f3n ATP.<\/p>\n<p class=\"c-paragraph\">Este lunes Carlitos se <b>entren\u00f3 con el madrile\u00f1o Mart\u00edn Landaluce<\/b> en la Real Sociedad Club de Campo de El Palmar con la mente ya puesta en el torneo monegasco, que<b> se disputar\u00e1 del 5 al 12 de abril<\/b>.<\/p>\n","protected":false},"excerpt":{"rendered":"Ya no solo ser\u00e1 el golf la v\u00eda de escape de Carlos Alcaraz, que ha dado con una&hellip;\n","protected":false},"author":2,"featured_media":474521,"comment_status":"","ping_status":"","sticky":false,"template":"","format":"standard","meta":{"footnotes":""},"categories":[274],"tags":[545,168,25,24,23,167,327,326,8702],"class_list":["post-474520","post","type-post","status-publish","format-standard","has-post-thumbnail","category-tenis","tag-carlos-alcaraz","tag-deportes","tag-es","tag-espana","tag-spain","tag-sports","tag-tenis","tag-tennis","tag-yate"],"share_on_mastodon":{"url":"https:\/\/pubeurope.com\/@es\/116320383258702381","error":""},"_links":{"self":[{"href":"https:\/\/www.europesays.com\/es\/wp-json\/wp\/v2\/posts\/474520","targetHints":{"allow":["GET"]}}],"collection":[{"href":"https:\/\/www.europesays.com\/es\/wp-json\/wp\/v2\/posts"}],"about":[{"href":"https:\/\/www.europesays.com\/es\/wp-json\/wp\/v2\/types\/post"}],"author":[{"embeddable":true,"href":"https:\/\/www.europesays.com\/es\/wp-json\/wp\/v2\/users\/2"}],"replies":[{"embeddable":true,"href":"https:\/\/www.europesays.com\/es\/wp-json\/wp\/v2\/comments?post=474520"}],"version-history":[{"count":0,"href":"https:\/\/www.europesays.com\/es\/wp-json\/wp\/v2\/posts\/474520\/revisions"}],"wp:featuredmedia":[{"embeddable":true,"href":"https:\/\/www.europesays.com\/es\/wp-json\/wp\/v2\/media\/474521"}],"wp:attachment":[{"href":"https:\/\/www.europesays.com\/es\/wp-json\/wp\/v2\/media?parent=474520"}],"wp:term":[{"taxonomy":"category","embeddable":true,"href":"https:\/\/www.europesays.com\/es\/wp-json\/wp\/v2\/categories?post=474520"},{"taxonomy":"post_tag","embeddable":true,"href":"https:\/\/www.europesays.com\/es\/wp-json\/wp\/v2\/tags?post=474520"}],"curies":[{"name":"wp","href":"https:\/\/api.w.org\/{rel}","templated":true}]}}