{"id":474705,"date":"2026-03-31T00:55:10","date_gmt":"2026-03-31T00:55:10","guid":{"rendered":"https:\/\/www.europesays.com\/es\/474705\/"},"modified":"2026-03-31T00:55:10","modified_gmt":"2026-03-31T00:55:10","slug":"soy-una-atleta-sexual-te-lo-puedo-asegurar","status":"publish","type":"post","link":"https:\/\/www.europesays.com\/es\/474705\/","title":{"rendered":"Soy una atleta sexual, te lo puedo asegurar"},"content":{"rendered":"<p class=\"c-paragraph\"><b>\u00c1ngela Cervantes y <a href=\"https:\/\/www.20minutos.es\/tags\/personas\/natalia-verbeke.html\" title=\"Natalia Verbeke\" rel=\"nofollow noopener\" target=\"_blank\">Natalia Verbeke\u00a0<\/a>acudieron este lunes a\u00a0<a href=\"https:\/\/www.20minutos.es\/tags\/temas\/la-revuelta.html\" title=\"La Revuelta\" rel=\"nofollow noopener\" target=\"_blank\">La Revuelta<\/a><\/b> para presentar su nueva pel\u00edcula, Lap\u00f6nia, dirigida por David Serrano y que se estrena el 1 de abril.<\/p>\n<p class=\"c-paragraph\">Las actrices, que <b>est\u00e1n acompa\u00f1adas en el reparto por <a href=\"https:\/\/www.20minutos.es\/tags\/temas\/julian-lopez-1.html\" title=\"Juli\u00e1n L\u00f3pez\" rel=\"nofollow noopener\" target=\"_blank\">Juli\u00e1n L\u00f3pez<\/a> y Vebj\u00f8rn Enger<\/b>, protagonizan este filme que cuenta como dos familias se re\u00fanen en Laponia en Navidad.\u00a0<\/p>\n<p class=\"c-paragraph\">La intenci\u00f3n es acercar a dos hermanas que llevaban tiempo algo distanciadas.\u00a0<b>Nada m\u00e1s verse en el aeropuerto surge un conflicto<\/b> que provoca tensi\u00f3n y debate sobre el modo de educar a los hijos en sus primeros a\u00f1os.<\/p>\n<p class=\"c-paragraph\">Despu\u00e9s de hablar de la pel\u00edcula, y <b>en una de las ediciones m\u00e1s breves de La Revuelta<\/b> (el estreno de <a href=\"https:\/\/www.20minutos.es\/tags\/instituciones-empresas\/masterchef.html\" title=\"MasterChef\" rel=\"nofollow noopener\" target=\"_blank\">MasterChef <\/a>recort\u00f3 su tiempo), <a href=\"https:\/\/www.20minutos.es\/tags\/personas\/broncano.html\" title=\"David Broncano\" rel=\"nofollow noopener\" target=\"_blank\">David Broncano<\/a>\u00a0 pas\u00f3 directamente a las preguntas cl\u00e1sicas.<\/p>\n<p class=\"c-paragraph\">En ese momento, <b>Verbeke dej\u00f3 sin palabras al presentador <\/b>cuando le respondi\u00f3 sobre sus relaciones sexuales en los \u00faltimos 30 d\u00edas: \u00abEs que he perdido la cuenta\u00bb.<\/p>\n<p class=\"c-paragraph\"><b>\u00abSoy una atleta sexual, te lo puedo asegurar\u00bb<\/b>, a\u00f1adi\u00f3 la actriz entre risas. \u00abMi chico es deportista, jugaba al rugby, es gente muy poderosa que te coge en brazos y te hace unos placajes que no veas&#8230;\u00bb, asegur\u00f3 la invitada.<\/p>\n<p class=\"c-paragraph\">Broncano insisti\u00f3 para que le diera <b>\u00abuna cuenta aproximada\u00bb<\/b>, pero Verbeke se neg\u00f3: \u00abNo s\u00e9 decirte&#8230;\u00bb. Entonces, el conductor del programa de La 1 pas\u00f3 a la pregunta del dinero en el banco.<\/p>\n<p class=\"c-paragraph\">\u00abNo te voy a dar datos, en mi casa me ense\u00f1aron que eso era una ordinariez. E<b>n mi casa no se habla de dinero, pero de follar, mucho<\/b>\u00ab, concluy\u00f3 entre carcajadas la int\u00e9rprete.<\/p>\n","protected":false},"excerpt":{"rendered":"\u00c1ngela Cervantes y Natalia Verbeke\u00a0acudieron este lunes a\u00a0La Revuelta para presentar su nueva pel\u00edcula, Lap\u00f6nia, dirigida por David&hellip;\n","protected":false},"author":2,"featured_media":474706,"comment_status":"","ping_status":"","sticky":false,"template":"","format":"standard","meta":{"footnotes":""},"categories":[91],"tags":[12031,36447,146,147,25,24,3883,528,23,97370],"class_list":["post-474705","post","type-post","status-publish","format-standard","has-post-thumbnail","category-entretenimiento","tag-angela","tag-cervantes","tag-entertainment","tag-entretenimiento","tag-es","tag-espana","tag-natalia","tag-revuelta","tag-spain","tag-verbeke"],"share_on_mastodon":{"url":"https:\/\/pubeurope.com\/@es\/116321067076308422","error":""},"_links":{"self":[{"href":"https:\/\/www.europesays.com\/es\/wp-json\/wp\/v2\/posts\/474705","targetHints":{"allow":["GET"]}}],"collection":[{"href":"https:\/\/www.europesays.com\/es\/wp-json\/wp\/v2\/posts"}],"about":[{"href":"https:\/\/www.europesays.com\/es\/wp-json\/wp\/v2\/types\/post"}],"author":[{"embeddable":true,"href":"https:\/\/www.europesays.com\/es\/wp-json\/wp\/v2\/users\/2"}],"replies":[{"embeddable":true,"href":"https:\/\/www.europesays.com\/es\/wp-json\/wp\/v2\/comments?post=474705"}],"version-history":[{"count":0,"href":"https:\/\/www.europesays.com\/es\/wp-json\/wp\/v2\/posts\/474705\/revisions"}],"wp:featuredmedia":[{"embeddable":true,"href":"https:\/\/www.europesays.com\/es\/wp-json\/wp\/v2\/media\/474706"}],"wp:attachment":[{"href":"https:\/\/www.europesays.com\/es\/wp-json\/wp\/v2\/media?parent=474705"}],"wp:term":[{"taxonomy":"category","embeddable":true,"href":"https:\/\/www.europesays.com\/es\/wp-json\/wp\/v2\/categories?post=474705"},{"taxonomy":"post_tag","embeddable":true,"href":"https:\/\/www.europesays.com\/es\/wp-json\/wp\/v2\/tags?post=474705"}],"curies":[{"name":"wp","href":"https:\/\/api.w.org\/{rel}","templated":true}]}}