{"id":475174,"date":"2026-03-31T08:27:09","date_gmt":"2026-03-31T08:27:09","guid":{"rendered":"https:\/\/www.europesays.com\/es\/475174\/"},"modified":"2026-03-31T08:27:09","modified_gmt":"2026-03-31T08:27:09","slug":"kiko-rivera-pura-ternura-con-alma-la-hija-de-anabel-pantoja-en-la-semana-santa-de-sevilla","status":"publish","type":"post","link":"https:\/\/www.europesays.com\/es\/475174\/","title":{"rendered":"Kiko Rivera, pura ternura con Alma, la hija de Anabel Pantoja, en la Semana Santa de Sevilla"},"content":{"rendered":"<p id=\"e7aN862xDb\" data-wc=\"80\">La Semana Santa es punto de encuentro para muchas familias y estas im\u00e1genes de <strong>Kiko Rivera<\/strong> y <strong>Anabel Pantoja<\/strong> lo confirman. Ambos coincidieron en una azotea de Sevilla, donde demostraron que su relaci\u00f3n permanece intacta a pesar de los vaivenes del pasado. Junto a ellos estaban sus respectivas parejas, <strong>Lola Garc\u00eda<\/strong> y <strong>David Rodr\u00edguez<\/strong>. El DJ atraviesa un momento <a class=\"hm-link ho-link\" href=\"https:\/\/www.hola.com\/actualidad\/20260126879949\/kiko-rivera-lapsus-nueva-york-lola-garcia\/\" data-mrf-recirculation=\"article-body-link\" rel=\"nofollow noopener\" target=\"_blank\">especialmente feliz al lado de la bailarina<\/a>, mientras que la influencer disfruta de la vida que siempre so\u00f1\u00f3 junto al fisioterapeuta.\u00a0<\/p>\n<p> <img src=\"https:\/\/www.europesays.com\/es\/wp-content\/uploads\/2026\/03\/d98c519f182e-europapress7408332kikoriveraanabelpantojaantonioabadjuntopequenaalmab.jpg\"   width=\"1080\" height=\"1080\" loading=\"lazy\" decoding=\"async\" alt=\"Kiko Rivera, Anabel Pantoja y Antonio Abad junto a la peque\u00f1a Alma en un balc\u00f3n de Sevilla, 30 de marzo de 2026 \" fetchpriority=\"auto\" class=\"image ho-image\"\/>\u00a9 Europa PressKiko Rivera, Anabel Pantoja y Antonio Abad junto a la peque\u00f1a Alma en un balc\u00f3n de Sevilla, 30 de marzo de 2026 <\/p>\n<p id=\"ev7OxElkpa\" data-wc=\"55\">Los cuatro protagonizaron una imagen de uni\u00f3n nunca vista hasta ahora, pero quien realmente acapar\u00f3 todas las miradas fue <a class=\"hm-link ho-link\" href=\"https:\/\/www.hola.com\/actualidad\/20260330892749\/anabel-pantoja-hija-semana-santa-vestida-procesion\/\" data-mrf-recirculation=\"article-body-link\" rel=\"nofollow noopener\" target=\"_blank\">la peque\u00f1a Alma<\/a>. La ni\u00f1a, que <strong>cumpli\u00f3 un a\u00f1o el pasado 23 de noviembre<\/strong>, pas\u00f3 de brazo en brazo sin perder la sonrisa, mostrando adem\u00e1s una gran curiosidad por todo lo que ocurr\u00eda a su alrededor.\u00a0<\/p>\n<p> <img src=\"https:\/\/www.europesays.com\/es\/wp-content\/uploads\/2026\/03\/58328921ac00-europapress7408324kikoriverapequenaalmabalcon30marzo2026sevillaespana.jpg\"   width=\"1080\" height=\"1800\" loading=\"lazy\" decoding=\"async\" alt=\"Kiko Rivera junto a la peque\u00f1a Alma en un balc\u00f3n de Sevilla, a 30 de marzo de 2026 \" fetchpriority=\"auto\" class=\"image ho-image\"\/>\u00a9 Europa PressKiko Rivera junto a la peque\u00f1a Alma en un balc\u00f3n de Sevilla, a 30 de marzo de 2026 <\/p>\n<p id=\"eCzgoXZve0\" data-wc=\"99\">De hecho, Kiko no dud\u00f3 en alzarla para que pudiera ver las procesiones, explic\u00e1ndole con cari\u00f1o lo que estaba ocurriendo. El sevillano, de 42 a\u00f1os, se mostr\u00f3 muy atento y cari\u00f1oso con la hija de su prima, del mismo modo que Anabel lo ha sido siempre con sus hijos. La\u00a0influencer ha mimado a Fran, el hijo que Kiko tuvo con Jessica Bueno, as\u00ed como a Ana y Carlota, nacidas durante el matrimonio del DJ con Irene Rosales. Ahora es \u00e9l quien le devuelve a Alma todo ese amor que Anabel ha dado (y sigue dando) a su familia.<\/p>\n<p> <img src=\"https:\/\/www.europesays.com\/es\/wp-content\/uploads\/2026\/03\/9dfc6400c943-europapress7408328kikoriveraantonioabadjuntopequenaalmabalcon30marzo.jpg\"   width=\"1080\" height=\"1800\" loading=\"lazy\" decoding=\"async\" alt=\"Kiko Rivera y Antonio Abad junto a la peque\u00f1a Alma en un balc\u00f3n de Sevilla, a 30 de marzo de 2026 \" fetchpriority=\"auto\" class=\"image ho-image\"\/>\u00a9 Europa PressKiko Rivera y Antonio Abad junto a la peque\u00f1a Alma en un balc\u00f3n de Sevilla, a 30 de marzo de 2026 <\/p>\n<p class=\"\" id=\"e2E_aj3xbN\" data-wc=\"32\">Adem\u00e1s de ver las procesiones del Lunes Santo desde un lugar privilegiado, Kiko y Anabel comieron juntos con sus parejas y varios amigos, entre ellos Raquel Bollo, Antonio Abad y Juan Sol\u00eds.\u00a0<\/p>\n<p> <img src=\"https:\/\/www.europesays.com\/es\/wp-content\/uploads\/2026\/03\/ab3a14f88821-658478872185817467320218132606015048388786815n.jpg\"   width=\"1080\" height=\"1800\" loading=\"lazy\" decoding=\"async\" alt=\"Anabel Pantoja y Kiko Rivera disfrutan del Lunes Santo en Sevilla con sus respectivas parejas y muy buenos amigos\" fetchpriority=\"auto\" class=\"image ho-image\"\/>\u00a9 anabelpantoja00Anabel Pantoja y Kiko Rivera disfrutan del Lunes Santo en Sevilla con sus respectivas parejas y muy buenos amigos<\/p>\n<p id=\"e-0mKJwcIn\" data-wc=\"62\">Si para Anabel fue un d\u00eda inolvidable disfrutar de las procesiones en tan buena compa\u00f1\u00eda y con su hija Alma como protagonista, para Kiko no lo fue menos. El DJ se mostr\u00f3 encantado de compartir esta tradici\u00f3n tan arraigada en su familia con su novia Lola, con quien sale desde finales de 2025, apenas unos meses despu\u00e9s de su separaci\u00f3n de Irene.\u00a0<\/p>\n<p> <img src=\"https:\/\/www.europesays.com\/es\/wp-content\/uploads\/2026\/03\/f063f8404a46-europapress7408824kikoriveralolagarciabalconverprocesionessemanasanta.jpg\"   width=\"1080\" height=\"1800\" loading=\"lazy\" decoding=\"async\" alt=\"Kiko Rivera y Lola Garc\u00eda en un balc\u00f3n para ver las procesiones de Semana Santa, a 30 de marzo de 2026, en Sevilla \" fetchpriority=\"auto\" class=\"image ho-image\"\/>\u00a9 Europa PressKiko Rivera y Lola Garc\u00eda en un balc\u00f3n para ver las procesiones de Semana Santa, a 30 de marzo de 2026, en Sevilla <\/p>\n<p id=\"ee3s0Y4nOVI2\" data-wc=\"51\">\u00abDisfruto vi\u00e9ndote emocionarte, porque compartimos lo capillita que somos\u2026 y eso es algo que me encanta\u00bb, expres\u00f3 Kiko en sus redes sociales. Lola, emocionada por las palabras del DJ, respondi\u00f3: \u00abGracias, amor. Gracias por estar siempre. Qu\u00e9 bonito que compartamos tantos momentos. Qu\u00e9 suerte la m\u00eda de tenerte. Te amo mucho\u00bb.<\/p>\n<p> <img src=\"https:\/\/www.europesays.com\/es\/wp-content\/uploads\/2026\/03\/d7da4dbcdc24-dlu605689027.jpg\"   width=\"1080\" height=\"1800\" loading=\"lazy\" decoding=\"async\" alt=\"Kiko Rivera y Lola Garc\u00eda, puro amor en la Semana Santa de Sevilla \" fetchpriority=\"auto\" class=\"image ho-image\"\/>\u00a9 GTRESKiko Rivera y Lola Garc\u00eda, puro amor en la Semana Santa de Sevilla <\/p>\n<p> <img src=\"https:\/\/www.europesays.com\/es\/wp-content\/uploads\/2026\/03\/b4cc44b3032c-dlu6056890071.jpg\"   width=\"1080\" height=\"1800\" loading=\"lazy\" decoding=\"async\" alt=\"Kiko Rivera and Lola Garc\u00eda en Sevilla  \" fetchpriority=\"auto\" class=\"image ho-image\"\/>\u00a9 GTRESKiko Rivera and Lola Garc\u00eda en Sevilla  <\/p>\n","protected":false},"excerpt":{"rendered":"La Semana Santa es punto de encuentro para muchas familias y estas im\u00e1genes de Kiko Rivera y Anabel&hellip;\n","protected":false},"author":2,"featured_media":475175,"comment_status":"","ping_status":"","sticky":false,"template":"","format":"standard","meta":{"footnotes":""},"categories":[174],"tags":[517,4476,255,146,147,25,24,256,12466,23],"class_list":["post-475174","post","type-post","status-publish","format-standard","has-post-thumbnail","category-famosos","tag-actualidad","tag-anabel-pantoja","tag-celebrities","tag-entertainment","tag-entretenimiento","tag-es","tag-espana","tag-famosos","tag-kiko-rivera","tag-spain"],"share_on_mastodon":{"url":"https:\/\/pubeurope.com\/@es\/116322844726120047","error":""},"_links":{"self":[{"href":"https:\/\/www.europesays.com\/es\/wp-json\/wp\/v2\/posts\/475174","targetHints":{"allow":["GET"]}}],"collection":[{"href":"https:\/\/www.europesays.com\/es\/wp-json\/wp\/v2\/posts"}],"about":[{"href":"https:\/\/www.europesays.com\/es\/wp-json\/wp\/v2\/types\/post"}],"author":[{"embeddable":true,"href":"https:\/\/www.europesays.com\/es\/wp-json\/wp\/v2\/users\/2"}],"replies":[{"embeddable":true,"href":"https:\/\/www.europesays.com\/es\/wp-json\/wp\/v2\/comments?post=475174"}],"version-history":[{"count":0,"href":"https:\/\/www.europesays.com\/es\/wp-json\/wp\/v2\/posts\/475174\/revisions"}],"wp:featuredmedia":[{"embeddable":true,"href":"https:\/\/www.europesays.com\/es\/wp-json\/wp\/v2\/media\/475175"}],"wp:attachment":[{"href":"https:\/\/www.europesays.com\/es\/wp-json\/wp\/v2\/media?parent=475174"}],"wp:term":[{"taxonomy":"category","embeddable":true,"href":"https:\/\/www.europesays.com\/es\/wp-json\/wp\/v2\/categories?post=475174"},{"taxonomy":"post_tag","embeddable":true,"href":"https:\/\/www.europesays.com\/es\/wp-json\/wp\/v2\/tags?post=475174"}],"curies":[{"name":"wp","href":"https:\/\/api.w.org\/{rel}","templated":true}]}}