{"id":475497,"date":"2026-03-31T12:58:12","date_gmt":"2026-03-31T12:58:12","guid":{"rendered":"https:\/\/www.europesays.com\/es\/475497\/"},"modified":"2026-03-31T12:58:12","modified_gmt":"2026-03-31T12:58:12","slug":"la-juez-de-la-dana-rechaza-que-mazon-se-persone-en-la-causa","status":"publish","type":"post","link":"https:\/\/www.europesays.com\/es\/475497\/","title":{"rendered":"La juez de la dana rechaza que Maz\u00f3n se persone en la causa"},"content":{"rendered":"<p style=\"\">La juez que instruye la causa penal sobre la gesti\u00f3n de la catastr\u00f3fica <a href=\"https:\/\/www.abc.es\/noticias\/dana\/\" target=\"_self\" data-voc-vtm-id=\"in-text-traffic\" title=\"dana\" data-mrf-link=\"www.abc.es\" rel=\"nofollow noopener\">dana<\/a> ha rechazado la personaci\u00f3n del ex presidente de la Generalitat Valenciana Carlos Maz\u00f3n en el procedimiento.<\/p>\n<p style=\"\">Maz\u00f3n, citado como testigo todav\u00eda sin fecha, hab\u00eda solicitado ser parte en el mismo  &#8230; ante la sospecha de que la magistrada de Catarroja le estaba investigando pese a que el Tribunal Superior de Justicia de la Comunidad Valenciana rechaz\u00f3 imputarle al no ver indicios de delito en su actuaci\u00f3n el 29 de octubre de 2024.<\/p>\n<p class=\"v-d-p\" style=\"\">La instructora Nuria Ruiz lo niega en un auto, fechado este martes y consultado por ABC. Con la ley en la mano y tras rechazar cualquier indicio de delito el TSJ, la juez explica que en este punto del procedimiento Maz\u00f3n solo podr\u00eda ser parte del mismo \u00aben el caso de que pretendiera reconocer un hecho delictivo\u00bb. Algo que no ha sucedido.<\/p>\n<p class=\"v-d-p\" style=\"\">La defensa del diputado auton\u00f3mico del PP recurrir\u00e1 la resoluci\u00f3n en apelaci\u00f3n ante la Audiencia de Valencia, seg\u00fan ha podido confirmar este diario, especificando las diligencias en las que entienden que se le ha estado investigando para que se declaren nulas al no haber podido defenderse. Se refieren, en otras, a las llamadas y mensajes de otros testigos o a la citaci\u00f3n de la entonces portavoz del Consell Ruth Merino.<\/p>\n<p class=\"v-d-p\" style=\"\">Aunque invit\u00f3 a Maz\u00f3n a declarar como investigado en tres ocasiones, afirma la magistrada que la ley no permite que lo haga ahora que ha sido citado como testigo. La personaci\u00f3n, argumenta, s\u00f3lo podr\u00eda basarse en \u00abla voluntad del Sr. Maz\u00f3n de reconocer la participaci\u00f3n en la causaci\u00f3n de los presuntos homicidios y lesiones imprudentes\u00bb y a que considere que el hecho de estar obligado a decir la verdad como testigo \u00abimplicar\u00eda ineludiblemente la asunci\u00f3n de responsabilidades penales\u00bb.<\/p>\n<p class=\"v-d-p\" style=\"\">\u00abNinguna de estas dos opciones se alega en el escrito del Sr. Maz\u00f3n. Por otra parte, lo que es algo bien diferente a la personaci\u00f3n como investigado, es que en el caso de que el Sr. Maz\u00f3n fuera investigado, encausado o enjuiciado en otro procedimiento penal relacionado con \u00e9ste, y la declaraci\u00f3n testifical acordada en este procedimiento pudiera perjudicarle, podr\u00eda comparecer en la declaraci\u00f3n testifical asistido de letrado. No consta ni se alega dicha situaci\u00f3n procesal en el escrito referido\u00bb, asevera.<\/p>\n<p class=\"v-d-p\" style=\"\">La magistrada rechaza la argumentaci\u00f3n, \u00absin sustento procesal ni f\u00e1ctico alguno\u00bb, de que est\u00e1 investigando al expresidente de la Generalitat, puesto que no ha adquirido nunca esa condici\u00f3n y \u00abno concreta\u00bb a qu\u00e9 \u00abdiligencias investigadoras\u00bb se refiere. \u00abA no ser\u00bb, dice, que entiende que como tales las que se han practicado con el aval de la Audiencia de Valencia, que acord\u00f3 que testificara Maribel Vilaplana -la periodista que comi\u00f3 con \u00e9l en el restaurante El Ventorro- pese a que la juez lo hab\u00eda descartado.<\/p>\n<p class=\"v-d-p\" style=\"\">\u00abLo contrario ser\u00eda tanto como afirmar que la Audiencia Provincial de Valencia acord\u00f3 la investigaci\u00f3n del Sr. Carlos Maz\u00f3n, lo que estoy segura de que la representaci\u00f3n del Sr. Maz\u00f3n no desea sugerir en ning\u00fan caso\u00bb, incide.<\/p>\n<p>\nDecisiones del Cecopi\n<\/p>\n<p class=\"v-d-p\" style=\"\">Nuria Ruiz recuerda que el TSJ descart\u00f3 que Maz\u00f3n -aforado por su condici\u00f3n de diputado en las Cortes Valencianas- tuviera competencias espec\u00edficas sobre la emergencia ni la ley le atribu\u00eda la posici\u00f3n de garante en materia de protecci\u00f3n civil. Tampoco encontr\u00f3 pruebas de su intervenci\u00f3n en el env\u00edo del mensaje ES-Alert a la poblaci\u00f3n.<\/p>\n<p class=\"v-d-p\" style=\"\">Por ello, reitera que su testifical -bas\u00e1ndose en los criterios de la Audiencia con Vilaplana- es necesaria para conocer qu\u00e9 sab\u00eda el expresidente sobre las decisiones que se iban adoptando en la reuni\u00f3n del Centro de Coordinaci\u00f3n Operativa Integrado (Cecopi) -el \u00f3rgano que dirig\u00eda la crisis- o la ausencia de ellas,  as\u00ed como el momento en el que se adoptaron y su contenido. Esa declaraci\u00f3n y la petici\u00f3n para que aporte voluntariamente las facturas de las llamadas y los mensajes que intercambi\u00f3 el d\u00eda de la tragedia, no se producir\u00e1 hasta que el auto del TSJ del pasado 16 de marzo sea firme.<\/p>\n<p class=\"v-d-p\" style=\"\">\u00abLo vamos a analizar y obraremos en consecuencia\u00bb, se ha limitado a decir Maz\u00f3n ante los periodistas este martes en las Cortes Valencianas. Unas horas antes s\u00ed hab\u00eda atendido a los medios en los pasillos de la C\u00e1mara para recalcar que su intenci\u00f3n no era dilatar el proceso sino personarse para conocer si la juez le investigaba.<\/p>\n<p class=\"v-d-p\" style=\"\">Al mismo tiempo, ha negado que haya cambiado su versi\u00f3n sobre lo ocurrido el d\u00eda de la dana. \u00abCreo que he dado decenas de explicaciones, comparecencias y datos. Nadie ha dado m\u00e1s que yo, jam\u00e1s. Nadie ha dado m\u00e1s llamadas que yo. Creo que es el momento de que otros asuman alg\u00fan tipo de responsabilidad\u00bb, ha zanjado.<\/p>\n","protected":false},"excerpt":{"rendered":"La juez que instruye la causa penal sobre la gesti\u00f3n de la catastr\u00f3fica dana ha rechazado la personaci\u00f3n&hellip;\n","protected":false},"author":2,"featured_media":475498,"comment_status":"","ping_status":"","sticky":false,"template":"","format":"standard","meta":{"footnotes":""},"categories":[8],"tags":[17,18,11072,1681,25,24,13,14,11,1664,19,20,1439,9,10,15,16,97451,1350,23,12,21,22],"class_list":["post-475497","post","type-post","status-publish","format-standard","has-post-thumbnail","category-espana","tag-breaking-news","tag-breakingnews","tag-causa","tag-dana","tag-es","tag-espana","tag-featured-news","tag-featurednews","tag-headlines","tag-juez","tag-latest-news","tag-latestnews","tag-mazon","tag-news","tag-noticias","tag-noticias-destacadas","tag-noticiasdestacadas","tag-persone","tag-rechaza","tag-spain","tag-titulares","tag-ultimas-noticias","tag-ultimasnoticias"],"share_on_mastodon":{"url":"https:\/\/pubeurope.com\/@es\/116323910120736302","error":""},"_links":{"self":[{"href":"https:\/\/www.europesays.com\/es\/wp-json\/wp\/v2\/posts\/475497","targetHints":{"allow":["GET"]}}],"collection":[{"href":"https:\/\/www.europesays.com\/es\/wp-json\/wp\/v2\/posts"}],"about":[{"href":"https:\/\/www.europesays.com\/es\/wp-json\/wp\/v2\/types\/post"}],"author":[{"embeddable":true,"href":"https:\/\/www.europesays.com\/es\/wp-json\/wp\/v2\/users\/2"}],"replies":[{"embeddable":true,"href":"https:\/\/www.europesays.com\/es\/wp-json\/wp\/v2\/comments?post=475497"}],"version-history":[{"count":0,"href":"https:\/\/www.europesays.com\/es\/wp-json\/wp\/v2\/posts\/475497\/revisions"}],"wp:featuredmedia":[{"embeddable":true,"href":"https:\/\/www.europesays.com\/es\/wp-json\/wp\/v2\/media\/475498"}],"wp:attachment":[{"href":"https:\/\/www.europesays.com\/es\/wp-json\/wp\/v2\/media?parent=475497"}],"wp:term":[{"taxonomy":"category","embeddable":true,"href":"https:\/\/www.europesays.com\/es\/wp-json\/wp\/v2\/categories?post=475497"},{"taxonomy":"post_tag","embeddable":true,"href":"https:\/\/www.europesays.com\/es\/wp-json\/wp\/v2\/tags?post=475497"}],"curies":[{"name":"wp","href":"https:\/\/api.w.org\/{rel}","templated":true}]}}