{"id":475850,"date":"2026-03-31T17:49:15","date_gmt":"2026-03-31T17:49:15","guid":{"rendered":"https:\/\/www.europesays.com\/es\/475850\/"},"modified":"2026-03-31T17:49:15","modified_gmt":"2026-03-31T17:49:15","slug":"de-outlander-al-ultimo-estreno-espanol","status":"publish","type":"post","link":"https:\/\/www.europesays.com\/es\/475850\/","title":{"rendered":"de &#8216;Outlander&#8217; al \u00faltimo estreno espa\u00f1ol"},"content":{"rendered":"<p id=\"eTGMYXKxZs\" data-wc=\"94\">Como amante de las series que devora ficciones a la velocidad de la luz, me gusta estar al d\u00eda de<strong>\u00a0los \u00faltimos estrenos<\/strong> para tener mi lista repleta de opciones nuevas para ver. Y, si esta <strong>Semana Santa<\/strong> te quedas en casa, o si eres de las que<strong>\u00a0no puede vivir sin su dosis diaria de series\u00a0<\/strong>sin importar donde est\u00e9s, lo que vengo a contarte te interesa. Y es que, he estado investigando<strong>\u00a0las series m\u00e1s vistas de\u00a0<\/strong><a class=\"monetise hm-link ho-link\" href=\"https:\/\/redirect.prd.themonetise.es\/convert?url=https%3A%2F%2Fwww.movistarplus.es%2F&amp;apiKey=9c86ae2c0f11d3411b66ca0a2cf402f4&amp;campaign=https%3A%2F%2Fwww.hola.com%2Fseleccion%2F20260331892932%2Fseries-mas-vistas-movistar-plus-outlander-ultimo-estreno-espanol%2F&amp;sourceUrl=https%3A%2F%2Fwww.hola.com%2Fseleccion%2F20260331892932%2Fseries-mas-vistas-movistar-plus-outlander-ultimo-estreno-espanol%2F&amp;authorName=Laura+Alesanco&amp;amazonTrackingId=hola892932-21&amp;dim1=Las+5+series+m%C3%A1s+vistas+de+Movistar+Plus%2B+en+2026%3A+de+%27Outlander%27+al+%C3%BAltimo+estreno+espa%C3%B1ol&amp;dim2=tenancy&amp;dim3=Shopping+Ocio&amp;dim4=__NOT_APPLICABLE__&amp;dim5=Product+review&amp;dim6=Compras+Primavera+Verano&amp;dim7=__NOT_APPLICABLE__&amp;isTesting=0\" rel=\"noopener nofollow sponsored\" target=\"_blank\" data-mrf-recirculation=\"article-body-link\">Movistar Plus+<\/a><strong>\u00a0en 2026\u00a0<\/strong>(y te adelanto que he encontrado opciones de lo m\u00e1s interesantes).\u00a0<\/p>\n<p id=\"eysSqQ0EL0d\" data-wc=\"47\">Una alternativa a las <a class=\"monetise hm-link ho-link\" href=\"https:\/\/redirect.prd.themonetise.es\/convert?url=https%3A%2F%2Fwww.hola.com%2Fseleccion%2F20260330892624%2Fpeliculas-para-ver-semana-santa-thriller-comedia-romantica%2F&amp;apiKey=9c86ae2c0f11d3411b66ca0a2cf402f4&amp;campaign=https%3A%2F%2Fwww.hola.com%2Fseleccion%2F20260331892932%2Fseries-mas-vistas-movistar-plus-outlander-ultimo-estreno-espanol%2F&amp;sourceUrl=https%3A%2F%2Fwww.hola.com%2Fseleccion%2F20260331892932%2Fseries-mas-vistas-movistar-plus-outlander-ultimo-estreno-espanol%2F&amp;authorName=Laura+Alesanco&amp;amazonTrackingId=hola892932-21&amp;dim1=Las+5+series+m%C3%A1s+vistas+de+Movistar+Plus%2B+en+2026%3A+de+%27Outlander%27+al+%C3%BAltimo+estreno+espa%C3%B1ol&amp;dim2=tenancy&amp;dim3=Shopping+Ocio&amp;dim4=__NOT_APPLICABLE__&amp;dim5=Product+review&amp;dim6=Compras+Primavera+Verano&amp;dim7=__NOT_APPLICABLE__&amp;isTesting=0\" rel=\"sponsored nofollow noopener\" data-mrf-recirculation=\"article-body-link\" target=\"_blank\">6 pel\u00edculas para ver en Semana Santa<\/a> m\u00e1s recomendadas del momento, que te ofrece muchas m\u00e1s horas de entretenimiento. Especialmente si eliges opciones como <a class=\"monetise hm-link ho-link\" href=\"https:\/\/redirect.prd.themonetise.es\/convert?url=https%3A%2F%2Fwww.hola.com%2Fseleccion%2F20260305887606%2Fmovistar-plus-estreno-outlander-temporada-ocho-resumen%2F&amp;apiKey=9c86ae2c0f11d3411b66ca0a2cf402f4&amp;campaign=https%3A%2F%2Fwww.hola.com%2Fseleccion%2F20260331892932%2Fseries-mas-vistas-movistar-plus-outlander-ultimo-estreno-espanol%2F&amp;sourceUrl=https%3A%2F%2Fwww.hola.com%2Fseleccion%2F20260331892932%2Fseries-mas-vistas-movistar-plus-outlander-ultimo-estreno-espanol%2F&amp;authorName=Laura+Alesanco&amp;amazonTrackingId=hola892932-21&amp;dim1=Las+5+series+m%C3%A1s+vistas+de+Movistar+Plus%2B+en+2026%3A+de+%27Outlander%27+al+%C3%BAltimo+estreno+espa%C3%B1ol&amp;dim2=tenancy&amp;dim3=Shopping+Ocio&amp;dim4=__NOT_APPLICABLE__&amp;dim5=Product+review&amp;dim6=Compras+Primavera+Verano&amp;dim7=__NOT_APPLICABLE__&amp;isTesting=0\" rel=\"sponsored nofollow noopener\" data-mrf-recirculation=\"article-body-link\" target=\"_blank\">Outlander, la aclamada serie rom\u00e1ntica ambientada en el siglo XVIII<\/a> que <strong>acaba de estrenar su octava y \u00faltima temporada<\/strong>.<\/p>\n<p id=\"eu6lxu-qEAN\" data-wc=\"45\">Lo que est\u00e1 claro es que, con tantas opciones, <strong>es un momento perfecto para activar tu suscripci\u00f3n a Movistar Plus+<\/strong>, ya que podr\u00e1s aprovechar para avanzar con todas tus series y pel\u00edculas pendientes por <strong>solo\u00a0<\/strong><strong>9,99\u20ac al mes<\/strong>, y puedes darte de baja cuando quieras.<\/p>\n<p>Las series m\u00e1s vistas de Movistar Plus+ en 2026<br \/>\n &#8216;Por cien millones&#8217; (2026)<a data-mrf-recirculation=\"affiliation\" class=\"monetise ho-link\" href=\"https:\/\/redirect.prd.themonetise.es\/convert?url=https%3A%2F%2Fwww.movistarplus.es%2Fseries%2Fpor-cien-millones%2Fficha%3Ftipo%3DE%26id%3D1873871&amp;apiKey=9c86ae2c0f11d3411b66ca0a2cf402f4&amp;campaign=https%3A%2F%2Fwww.hola.com%2Fseleccion%2F20260331892932%2Fseries-mas-vistas-movistar-plus-outlander-ultimo-estreno-espanol%2F&amp;sourceUrl=https%3A%2F%2Fwww.hola.com%2Fseleccion%2F20260331892932%2Fseries-mas-vistas-movistar-plus-outlander-ultimo-estreno-espanol%2F&amp;authorName=Laura+Alesanco&amp;amazonTrackingId=hola892932-21&amp;dim1=Las+5+series+m%C3%A1s+vistas+de+Movistar+Plus%2B+en+2026%3A+de+%27Outlander%27+al+%C3%BAltimo+estreno+espa%C3%B1ol&amp;dim2=tenancy&amp;dim3=Shopping+Ocio&amp;dim4=__NOT_APPLICABLE__&amp;dim5=Product+review&amp;dim6=Compras+Primavera+Verano&amp;dim7=__NOT_APPLICABLE__&amp;isTesting=0\" rel=\"sponsored nofollow noopener\" target=\"_blank\"><img src=\"https:\/\/www.europesays.com\/es\/wp-content\/uploads\/2026\/03\/537901e4db8a-6526609361393990369441986594026472372549104n.jpg\"   width=\"1080\" height=\"1800\" loading=\"lazy\" decoding=\"async\" alt=\"'Por cien millones' (2026)\" fetchpriority=\"auto\" class=\"image ho-image\"\/><\/a><\/p>\n<p>Esta <strong>miniserie espa\u00f1ola<\/strong> reci\u00e9n estrenada en la plataforma est\u00e1 basada en hechos reales, ya que se trata de<strong>\u00a0una adaptaci\u00f3n del secuestro del futbolista Quini en 1981 a manos de 3 mec\u00e1nicos de Zaragoza<\/strong>.\u00a0<\/p>\n<p>Dirigida por Nacho G. Velilla y protagonizada por<strong>\u00a0Ra\u00fal Ar\u00e9valo, Vito Sanz y Gabriel Guevara<\/strong>, mantiene los <strong>tintes de comedia<\/strong> t\u00edpicos del director (\u201cQue se mueran los feos\u201d, \u201cPerdiendo el norte\u201d, \u201cA\u00edda\u201d). De hecho, est\u00e1 repleta de momentos absurdos que, de hecho, sucedieron durante el secuestro real.\u00a0<\/p>\n<p>Una opci\u00f3n perfecta si buscas <strong>una serie corta, amena y muy entretenida<\/strong>, ya que cada episodio tiene una duraci\u00f3n aproximada de 50 minutos.\u00a0<\/p>\n<p> &#8216;Marbella&#8217; (2026)<a data-mrf-recirculation=\"affiliation\" class=\"monetise ho-link\" href=\"https:\/\/redirect.prd.themonetise.es\/convert?url=https%3A%2F%2Fwww.movistarplus.es%2Fseries%2Fmarbella%2Fficha%3Ftipo%3DE%26id%3D1919480&amp;apiKey=9c86ae2c0f11d3411b66ca0a2cf402f4&amp;campaign=https%3A%2F%2Fwww.hola.com%2Fseleccion%2F20260331892932%2Fseries-mas-vistas-movistar-plus-outlander-ultimo-estreno-espanol%2F&amp;sourceUrl=https%3A%2F%2Fwww.hola.com%2Fseleccion%2F20260331892932%2Fseries-mas-vistas-movistar-plus-outlander-ultimo-estreno-espanol%2F&amp;authorName=Laura+Alesanco&amp;amazonTrackingId=hola892932-21&amp;dim1=Las+5+series+m%C3%A1s+vistas+de+Movistar+Plus%2B+en+2026%3A+de+%27Outlander%27+al+%C3%BAltimo+estreno+espa%C3%B1ol&amp;dim2=tenancy&amp;dim3=Shopping+Ocio&amp;dim4=__NOT_APPLICABLE__&amp;dim5=Product+review&amp;dim6=Compras+Primavera+Verano&amp;dim7=__NOT_APPLICABLE__&amp;isTesting=0\" rel=\"sponsored nofollow noopener\" target=\"_blank\"><img src=\"https:\/\/www.europesays.com\/es\/wp-content\/uploads\/2026\/03\/b73a2fb8feaf-marbellaexpedientejudicial-106681860-large.jpg\"   width=\"1080\" height=\"1800\" loading=\"lazy\" decoding=\"async\" alt=\"'Marbella' (2026)\" fetchpriority=\"auto\" class=\"image ho-image\"\/><\/a><\/p>\n<p><a href=\"https:\/\/www.hola.com\/seleccion\/20260329892289\/amante-del-thriller-3-series-recomiendo-para-2026\/\" rel=\"nofollow noopener\" target=\"_blank\"><strong>Si te gusta el thriller, en Movistar Plus+ tienes una buena dosis de series<\/strong><\/a> para disfrutar. Entre ellas, <strong>Marbella<\/strong>, que acaba de estrenar su segunda temporada, casi tres a\u00f1os despu\u00e9s del estreno de la primera parte.\u00a0<\/p>\n<p><strong>Protagonizada por Hugo Silva<\/strong>, que encarna al ambicioso abogado C\u00e9sar, corrupto e implicado con organizaciones criminales, en esta nueva entrega se incorpora tambi\u00e9n al elenco<strong>\u00a0Natalia de Molina<\/strong>, que interpreta a la fiscal Carmen Leal. \u00bfSu objetivo? Acabar con los narco-abogados de la Casta del Sol.\u00a0<\/p>\n<p> &#8216;Outlander&#8217; (2026)<a data-mrf-recirculation=\"affiliation\" class=\"monetise ho-link\" href=\"https:\/\/redirect.prd.themonetise.es\/convert?url=https%3A%2F%2Fwww.movistarplus.es%2Fseries%2Foutlander%2Fficha%3Ftipo%3DE%26id%3D1222333&amp;apiKey=9c86ae2c0f11d3411b66ca0a2cf402f4&amp;campaign=https%3A%2F%2Fwww.hola.com%2Fseleccion%2F20260331892932%2Fseries-mas-vistas-movistar-plus-outlander-ultimo-estreno-espanol%2F&amp;sourceUrl=https%3A%2F%2Fwww.hola.com%2Fseleccion%2F20260331892932%2Fseries-mas-vistas-movistar-plus-outlander-ultimo-estreno-espanol%2F&amp;authorName=Laura+Alesanco&amp;amazonTrackingId=hola892932-21&amp;dim1=Las+5+series+m%C3%A1s+vistas+de+Movistar+Plus%2B+en+2026%3A+de+%27Outlander%27+al+%C3%BAltimo+estreno+espa%C3%B1ol&amp;dim2=tenancy&amp;dim3=Shopping+Ocio&amp;dim4=__NOT_APPLICABLE__&amp;dim5=Product+review&amp;dim6=Compras+Primavera+Verano&amp;dim7=__NOT_APPLICABLE__&amp;isTesting=0\" rel=\"sponsored nofollow noopener\" target=\"_blank\"><img src=\"https:\/\/www.europesays.com\/es\/wp-content\/uploads\/2026\/03\/f3c4f3f08184-outlander-t8-final-cc-v-scaled-69aed10fc7dd7.jpg\"   width=\"1080\" height=\"1800\" loading=\"lazy\" decoding=\"async\" alt=\"'Outlander' (2026)\" fetchpriority=\"auto\" class=\"image ho-image\"\/><\/a><\/p>\n<p><strong>Outlander\u00a0<\/strong><strong>regresa con su octava y \u00faltima temporada<\/strong> para ofrecer a los fans de la serie el final que se merec\u00edan. M\u00e1s de 10 a\u00f1os despu\u00e9s del estreno de su primera temporada, esta <strong>adaptaci\u00f3n del best seller de Diana Gabaldon<\/strong>, sigue arrastrando oleadas de fans, quienes desean conocer <strong>el final de la historia de Claire y Jamie<\/strong>.\u00a0<\/p>\n<p>Una serie que <strong>combina de forma magistral ficci\u00f3n hist\u00f3rica, rom\u00e1ntica, fant\u00e1stica, drama y acci\u00f3n<\/strong>, y que engancha desde el primer cap\u00edtulo.\u00a0<\/p>\n<p>En esta \u00faltima temporada, tras ausentarse durante varios a\u00f1os para luchar en la guerra americana,<strong>\u00a0Claire y Jaime regresan al cerro Fraser<\/strong>. All\u00ed se encuentran con los nuevos colonos y deben hacer frente a secretos familiares e informaci\u00f3n procedente del futuro que poodr\u00eda acarrear consecuencias mortales para los miembros de su familia.\u00a0<\/p>\n<p> &#8216;M\u00e1s que rivales&#8217; (2025)<a data-mrf-recirculation=\"affiliation\" class=\"monetise ho-link\" href=\"https:\/\/redirect.prd.themonetise.es\/convert?url=https%3A%2F%2Fwww.movistarplus.es%2Fseries%2Fmas-que-rivales%2Fficha%3Ftipo%3DE%26id%3D4165505&amp;apiKey=9c86ae2c0f11d3411b66ca0a2cf402f4&amp;campaign=https%3A%2F%2Fwww.hola.com%2Fseleccion%2F20260331892932%2Fseries-mas-vistas-movistar-plus-outlander-ultimo-estreno-espanol%2F&amp;sourceUrl=https%3A%2F%2Fwww.hola.com%2Fseleccion%2F20260331892932%2Fseries-mas-vistas-movistar-plus-outlander-ultimo-estreno-espanol%2F&amp;authorName=Laura+Alesanco&amp;amazonTrackingId=hola892932-21&amp;dim1=Las+5+series+m%C3%A1s+vistas+de+Movistar+Plus%2B+en+2026%3A+de+%27Outlander%27+al+%C3%BAltimo+estreno+espa%C3%B1ol&amp;dim2=tenancy&amp;dim3=Shopping+Ocio&amp;dim4=__NOT_APPLICABLE__&amp;dim5=Product+review&amp;dim6=Compras+Primavera+Verano&amp;dim7=__NOT_APPLICABLE__&amp;isTesting=0\" rel=\"sponsored nofollow noopener\" target=\"_blank\"><img src=\"https:\/\/www.europesays.com\/es\/wp-content\/uploads\/2026\/03\/674ad0516bdb-mas-que-rivales-poster-3183809spa-14v.jpg\"   width=\"768\" height=\"1024\" loading=\"lazy\" decoding=\"async\" alt=\"M\u00e1s que rivales\" fetchpriority=\"auto\" class=\"image ho-image\"\/>\u00a9 Movistar Plus+<\/a><\/p>\n<p>Entre<strong>\u00a0las series m\u00e1s vistas de 2026 en Movistar Plus+<\/strong> destaca por encima del resto <strong>M\u00e1s que rivales<\/strong>, estrenada en febrero de 2026 y <strong>basada en la serie de novelas Game Changers de Rachel Reid<\/strong>. Un drama canadiense que har\u00e1 las delicias de las adolescentes y aquellas amantes del g\u00e9nero juvenil.\u00a0<\/p>\n<p>En ella, <strong>dos superestrellas de hockey profesional y declarados enemigos sobre la pista, mantienen una relaci\u00f3n en secreto<\/strong>. Un amor imposible marcado por la atracci\u00f3n y la rivalidad, que empieza como una aventura clandestina y, sin que ellos mismos sepan muy bien por qu\u00e9, termina alarg\u00e1ndose durante 8 a\u00f1os.\u00a0<\/p>\n<p> &#8216;Poquita fe&#8217; (2025)<a data-mrf-recirculation=\"affiliation\" class=\"monetise ho-link\" href=\"https:\/\/redirect.prd.themonetise.es\/convert?url=https%3A%2F%2Fwww.movistarplus.es%2Fseries%2Fpoquita-fe%2Fficha%3Ftipo%3DE%26id%3D1672261&amp;apiKey=9c86ae2c0f11d3411b66ca0a2cf402f4&amp;campaign=https%3A%2F%2Fwww.hola.com%2Fseleccion%2F20260331892932%2Fseries-mas-vistas-movistar-plus-outlander-ultimo-estreno-espanol%2F&amp;sourceUrl=https%3A%2F%2Fwww.hola.com%2Fseleccion%2F20260331892932%2Fseries-mas-vistas-movistar-plus-outlander-ultimo-estreno-espanol%2F&amp;authorName=Laura+Alesanco&amp;amazonTrackingId=hola892932-21&amp;dim1=Las+5+series+m%C3%A1s+vistas+de+Movistar+Plus%2B+en+2026%3A+de+%27Outlander%27+al+%C3%BAltimo+estreno+espa%C3%B1ol&amp;dim2=tenancy&amp;dim3=Shopping+Ocio&amp;dim4=__NOT_APPLICABLE__&amp;dim5=Product+review&amp;dim6=Compras+Primavera+Verano&amp;dim7=__NOT_APPLICABLE__&amp;isTesting=0\" rel=\"sponsored nofollow noopener\" target=\"_blank\"><img src=\"https:\/\/www.europesays.com\/es\/wp-content\/uploads\/2026\/03\/92f35ea4ebb7-poquita-fe-serie-movistar-plus-temporada-2-poster-68dbdeeca6257.jpg\"   width=\"1080\" height=\"1800\" loading=\"lazy\" decoding=\"async\" alt=\"'Poquita fe' (2025)\" fetchpriority=\"auto\" class=\"image ho-image\"\/><\/a><\/p>\n<p><strong>Si te gustan las comedias espa\u00f1olas<\/strong>, tienes que ver ya<strong>\u00a0<\/strong><strong>Poquita fe<\/strong>. Una serie con dos temporadas y <strong>episodios de 15 minutos\u00a0<\/strong>que se te har\u00e1n <strong>s\u00faper amenos y entretenidos<\/strong>. Ideal si tienes poco tiempo o quieres distraerte sin tener que estar muy atenta a la pantalla.\u00a0<\/p>\n<p>Protagonizada por <strong>Ra\u00fal Cimas y Esperanza Pedre\u00f1o<\/strong>, la serie, de estilo costumbrista, <strong>muestra un a\u00f1o de la vida de Berta y Jos\u00e9 Ram\u00f3n (un mes por cap\u00edtulo) y los problemas cotidianos a los que tienen que hacer frente<\/strong>. La segunda temporada, sin embargo, comienza 3 meses despu\u00e9s del final de la primera y tiene un total de 8 episodios.\u00a0<\/p>\n","protected":false},"excerpt":{"rendered":"Como amante de las series que devora ficciones a la velocidad de la luz, me gusta estar al&hellip;\n","protected":false},"author":2,"featured_media":475851,"comment_status":"","ping_status":"","sticky":false,"template":"","format":"standard","meta":{"footnotes":""},"categories":[171],"tags":[6050,146,147,25,24,55731,62613,23,214],"class_list":["post-475850","post","type-post","status-publish","format-standard","has-post-thumbnail","category-tv","tag-hola-shopping","tag-entertainment","tag-entretenimiento","tag-es","tag-espana","tag-partnership","tag-shopping-ocio","tag-spain","tag-tv"],"share_on_mastodon":{"url":"https:\/\/pubeurope.com\/@es\/116325054585597782","error":""},"_links":{"self":[{"href":"https:\/\/www.europesays.com\/es\/wp-json\/wp\/v2\/posts\/475850","targetHints":{"allow":["GET"]}}],"collection":[{"href":"https:\/\/www.europesays.com\/es\/wp-json\/wp\/v2\/posts"}],"about":[{"href":"https:\/\/www.europesays.com\/es\/wp-json\/wp\/v2\/types\/post"}],"author":[{"embeddable":true,"href":"https:\/\/www.europesays.com\/es\/wp-json\/wp\/v2\/users\/2"}],"replies":[{"embeddable":true,"href":"https:\/\/www.europesays.com\/es\/wp-json\/wp\/v2\/comments?post=475850"}],"version-history":[{"count":0,"href":"https:\/\/www.europesays.com\/es\/wp-json\/wp\/v2\/posts\/475850\/revisions"}],"wp:featuredmedia":[{"embeddable":true,"href":"https:\/\/www.europesays.com\/es\/wp-json\/wp\/v2\/media\/475851"}],"wp:attachment":[{"href":"https:\/\/www.europesays.com\/es\/wp-json\/wp\/v2\/media?parent=475850"}],"wp:term":[{"taxonomy":"category","embeddable":true,"href":"https:\/\/www.europesays.com\/es\/wp-json\/wp\/v2\/categories?post=475850"},{"taxonomy":"post_tag","embeddable":true,"href":"https:\/\/www.europesays.com\/es\/wp-json\/wp\/v2\/tags?post=475850"}],"curies":[{"name":"wp","href":"https:\/\/api.w.org\/{rel}","templated":true}]}}