{"id":475985,"date":"2026-03-31T19:46:08","date_gmt":"2026-03-31T19:46:08","guid":{"rendered":"https:\/\/www.europesays.com\/es\/475985\/"},"modified":"2026-03-31T19:46:08","modified_gmt":"2026-03-31T19:46:08","slug":"marvel-tiene-otra-batalla-en-cines-en-2027-vengadores-6-compite-con-el-regreso-de-una-de-las-sagas-de-fantasia-mas-grandes-de-todos-los-tiempos-noticias-de-cine","status":"publish","type":"post","link":"https:\/\/www.europesays.com\/es\/475985\/","title":{"rendered":"Marvel tiene otra batalla en cines en 2027: &#8216;Vengadores 6&#8217; compite con el regreso de una de las sagas de fantas\u00eda m\u00e1s grandes de todos los tiempos &#8211; Noticias de cine"},"content":{"rendered":"<p>El estudio no lo va a tener del todo f\u00e1cil con sus nuevas entregas del grupo de superh\u00e9roes. &#8216;Doomsday&#8217; se enfrenta con &#8216;Dune 3&#8217;, pero &#8216;Secret Wars&#8217; lo hace contra uno de los t\u00edtulos m\u00e1s esperados del pr\u00f3ximo a\u00f1o<\/p>\n<p class=\"bo-p\"><b>Marvel Studios<\/b> estrena, de forma consecutiva, dos de sus grandes bazas. El <b>18 de diciembre<\/b> llega a los cines <a href=\"https:\/\/www.sensacine.com\/peliculas\/pelicula-269068\/\" class=\"bo-link\" rel=\"nofollow noopener\" target=\"_blank\">Vengadores: Doomsday<\/a> y un a\u00f1o despu\u00e9s, el <b>17 de diciembre de 2027<\/b>, <a href=\"https:\/\/www.sensacine.com\/peliculas\/pelicula-295478\/\" class=\"bo-link\" rel=\"nofollow noopener\" target=\"_blank\">Vengadores: Secret Wars<\/a>. Hace tiempo, a ninguna pel\u00edcula se le hubiese ocurrido enfrentarse a una de estas. Sin embargo, ambas entregas tendr\u00e1n una competidora potente.<\/p>\n<p class=\"bo-p\">Vengadores 5 se estrena el mismo d\u00eda que <a href=\"https:\/\/www.sensacine.com\/peliculas\/pelicula-324508\/\" class=\"bo-link\" rel=\"nofollow noopener\" target=\"_blank\">Dune 3<\/a>, la tercera entrega de la saga de ciencia ficci\u00f3n dirigida por <a href=\"https:\/\/www.sensacine.com\/actores\/actor-27087\/\" class=\"bo-link\" rel=\"nofollow noopener\" target=\"_blank\">Denis Villeneuve<\/a>. Vengadores 6, por su parte, lo hace el mismo d\u00eda elegido para el regreso de una de las sagas de fantas\u00eda m\u00e1s grandes de todos los tiempos:<b> El Se\u00f1or de los Anillos<\/b>. <a href=\"https:\/\/www.sensacine.com\/peliculas\/pelicula-313770\/\" class=\"bo-link\" rel=\"nofollow noopener\" target=\"_blank\">The Hunt For Gollum<\/a>, dirigida y protagonizada por <a href=\"https:\/\/www.sensacine.com\/actores\/actor-19053\/\" class=\"bo-link\" rel=\"nofollow noopener\" target=\"_blank\">Andy Serkis<\/a>, que vuelve a dar vida a <b>Sm\u00e9agol<\/b>; llega a las carteleras de Estados Unidos el 17 de diciembre.<\/p>\n<p class=\"bo-p\">El Universo Cinematogr\u00e1fico de Marvel fue una de las franquicias m\u00e1s gigantescas del cine. Enfrentarse a \u00e9l era un suicidio porque cada entrega era un \u00e9xito asegurado. Esto, sin embargo, ha cambiado tras la pandemia y despu\u00e9s de <a href=\"https:\/\/www.sensacine.com\/peliculas\/pelicula-232669\/\" class=\"bo-link\" rel=\"nofollow noopener\" target=\"_blank\">Vengadores: Endgame<\/a> (2019), que supuso la despedida del grupo de superh\u00e9roes original.<\/p>\n<p>    <a class=\"cms-see-also\" data-title=\"Link relacionado\" href=\"https:\/\/www.sensacine.com\/noticias\/cine\/noticia-1000195209\/\" rel=\"nofollow noopener\" target=\"_blank\">Llega la \u00ab\u00e9pica conclusi\u00f3n\u00bb de la mejor saga de ciencia ficci\u00f3n de la d\u00e9cada: iba a descansar, pero Denis Villeneuve ten\u00eda que hacer &#8216;Dune Parte 3&#8217;<\/a><\/p>\n<p class=\"bo-p\">Es cierto que la marca Vengadores siempre ha triunfado y para Doomsday la franquicia ha recuperado a sus pesos pesados: a <a href=\"https:\/\/www.sensacine.com\/actores\/actor-162038\/\" class=\"bo-link\" rel=\"nofollow noopener\" target=\"_blank\">Chris Hemsworth<\/a> como <b>Thor<\/b>, a <a href=\"https:\/\/www.sensacine.com\/actores\/actor-81795\/\" class=\"bo-link\" rel=\"nofollow noopener\" target=\"_blank\">Chris Evans<\/a> como <b>Steve Rogers<\/b>\/<b>Capit\u00e1n Am\u00e9rica<\/b> y a <a href=\"https:\/\/www.sensacine.com\/actores\/actor-10976\/\" class=\"bo-link\" rel=\"nofollow noopener\" target=\"_blank\">Robert Downey Jr.<\/a> que, en lugar de dar vida a <b>Tony Stark<\/b>\/<b>Iron Man<\/b>, es el villano <b>Doctor Muerte<\/b>. No obstante, el UCM ha perdido fuerza. En 2025, <b>el estudio no ha conseguido que ninguno de sus filmes termine en la lista de las 10 pel\u00edculas m\u00e1s taquilleras del a\u00f1o<\/b> y<a href=\"https:\/\/www.sensacine.com\/noticias\/cine\/noticia-1000160819\/\" class=\"bo-link\" rel=\"nofollow noopener\" target=\"_blank\"> eso es algo que no pasaba desde 2011<\/a>, cuando <a href=\"https:\/\/www.sensacine.com\/peliculas\/pelicula-129477\/\" class=\"bo-link\" rel=\"nofollow noopener\" target=\"_blank\">Thor<\/a> (2011) se qued\u00f3 en la decimoquinta posici\u00f3n.<\/p>\n<p>&#8216;Dune&#8217; y &#8216;El Se\u00f1or de los Anillos&#8217; contra Marvel<\/p>\n<p>                                <img loading=\"lazy\" decoding=\"async\" class=\"article-figure-img\" timoth=\"\" chalamet=\"\" como=\"\" paul=\"\" atreides=\"\" en=\"\" src=\"https:\/\/www.europesays.com\/es\/wp-content\/uploads\/2026\/03\/7a02fcb4f3ce97b0b3c26ef8b45b6800.jpg\" width=\"640\" height=\"320\" alt=\"Timoth\u00e9e Chalamet como Paul Atreides en 'Dune 3\"\/><\/p>\n<p>                                    Warner Bros.<\/p>\n<p>                    Timoth\u00e9e Chalamet como Paul Atreides en &#8216;Dune 3<\/p>\n<p class=\"bo-p\">Dune, por su parte, no ha superado los 1.000 millones de d\u00f3lares con ninguna de sus dos entregas, pero es un t\u00edtulo potente. <a href=\"https:\/\/www.sensacine.com\/peliculas\/pelicula-133392\/\" class=\"bo-link\" rel=\"nofollow noopener\" target=\"_blank\">Dune<\/a> (2021), que se estren\u00f3 en un a\u00f1o de recuperaci\u00f3n de los cines por la crisis del coronavirus, recaud\u00f3 <b>410,6 millones<\/b> de d\u00f3lares en todo el mundo. <a href=\"https:\/\/www.sensacine.com\/peliculas\/pelicula-278742\/\" class=\"bo-link\" rel=\"nofollow noopener\" target=\"_blank\">Dune 2<\/a> (2024) sum\u00f3 <b>714,8 millones<\/b> de d\u00f3lares.<\/p>\n<p class=\"bo-p\">En cuanto a <a href=\"https:\/\/www.sensacine.com\/peliculas\/pelicula-39186\/\" class=\"bo-link\" rel=\"nofollow noopener\" target=\"_blank\">El Se\u00f1or de los Anillos<\/a>: es la <b>segunda franquicia de fantas\u00eda m\u00e1s taquillera<\/b> de la historia por detr\u00e1s de <a href=\"https:\/\/www.sensacine.com\/peliculas\/pelicula-29276\/\" class=\"bo-link\" rel=\"nofollow noopener\" target=\"_blank\">Harry Potter<\/a>. La adaptaci\u00f3n al cine de la obra de <a href=\"https:\/\/www.sensacine.com\/actores\/actor-68209\/\" class=\"bo-link\" rel=\"nofollow noopener\" target=\"_blank\">J.R.R. Tolkien<\/a> suma, en total, casi 6.000 millones de d\u00f3lares recaudados en todo el mundo. Cuando decimos \u00aben total\u00bb nos referimos a la trilog\u00eda original, la trilog\u00eda de <b>El Hobbit<\/b> y el filme de animaci\u00f3n <a href=\"https:\/\/www.sensacine.com\/peliculas\/pelicula-293578\/\" class=\"bo-link\" rel=\"nofollow noopener\" target=\"_blank\">La guerra de los Rohirrim<\/a> (2024). The Hunt For Gollum, adem\u00e1s, supone la vuelta de algunos de los actores m\u00e1s veteranos de la saga como <a href=\"https:\/\/www.sensacine.com\/actores\/actor-18851\/\" class=\"bo-link\" rel=\"nofollow noopener\" target=\"_blank\">Elijah Wood<\/a> e <a href=\"https:\/\/www.sensacine.com\/actores\/actor-5653\/\" class=\"bo-link\" rel=\"nofollow noopener\" target=\"_blank\">Ian McKellen<\/a>, que regresan como <b>Frodo <\/b>y <b>Gandalf<\/b>.<\/p>\n<p class=\"bo-p\">Tanto Dune 3 como The Hunt for Gollum son de <b>Warner Bros.<\/b>, estudio que demuestra as\u00ed no tener miedo a enfrentarse en taquilla a un gigante como Marvel. <\/p>\n<p class=\"bo-p\">Hay otra actriz que tambi\u00e9n se atreve a hacerlo: <a href=\"https:\/\/www.sensacine.com\/actores\/actor-441277\/\" class=\"bo-link\" rel=\"nofollow noopener\" target=\"_blank\">Sydney Sweeney<\/a>, productora y protagonista de <a href=\"https:\/\/www.sensacine.com\/peliculas\/pelicula-317403\/\" class=\"bo-link\" rel=\"nofollow noopener\" target=\"_blank\">La asistenta<\/a> (2025), estrena la secuela <a href=\"https:\/\/www.sensacine.com\/peliculas\/pelicula-1000038149\/\" class=\"bo-link\" rel=\"nofollow noopener\" target=\"_blank\">The Housemaid&#8217;s Secret<\/a> el 17 de diciembre de 2027. Al menos, en Estados Unidos. La adaptaci\u00f3n de la novela de <a href=\"https:\/\/www.sensacine.com\/actores\/actor-997908\/\" class=\"bo-link\" rel=\"nofollow noopener\" target=\"_blank\">Freida McFadden<\/a> fue un \u00e9xito: sum\u00f3 <b>397,9 millones<\/b> de d\u00f3lares en todo el mundo con un presupuesto de 35 millones de d\u00f3lares. No parece que tenga mucho que hacer contra Marvel y El Se\u00f1or de los Anillos, pero cosas m\u00e1s raras se han visto. <\/p>\n","protected":false},"excerpt":{"rendered":"El estudio no lo va a tener del todo f\u00e1cil con sus nuevas entregas del grupo de superh\u00e9roes.&hellip;\n","protected":false},"author":2,"featured_media":475986,"comment_status":"","ping_status":"","sticky":false,"template":"","format":"standard","meta":{"footnotes":""},"categories":[169],"tags":[1926,10961,177,23553,146,147,25,24,10962,176,2631,175,97511,23,29619,97510],"class_list":["post-475985","post","type-post","status-publish","format-standard","has-post-thumbnail","category-cine","tag-accion","tag-ciencia_ficcion","tag-cine","tag-doomsday","tag-entertainment","tag-entretenimiento","tag-es","tag-espana","tag-fantasia","tag-film","tag-marvel","tag-movies","tag-secret_wars","tag-spain","tag-vengadores_5","tag-vengadores_6"],"share_on_mastodon":{"url":"https:\/\/pubeurope.com\/@es\/116325514343919660","error":""},"_links":{"self":[{"href":"https:\/\/www.europesays.com\/es\/wp-json\/wp\/v2\/posts\/475985","targetHints":{"allow":["GET"]}}],"collection":[{"href":"https:\/\/www.europesays.com\/es\/wp-json\/wp\/v2\/posts"}],"about":[{"href":"https:\/\/www.europesays.com\/es\/wp-json\/wp\/v2\/types\/post"}],"author":[{"embeddable":true,"href":"https:\/\/www.europesays.com\/es\/wp-json\/wp\/v2\/users\/2"}],"replies":[{"embeddable":true,"href":"https:\/\/www.europesays.com\/es\/wp-json\/wp\/v2\/comments?post=475985"}],"version-history":[{"count":0,"href":"https:\/\/www.europesays.com\/es\/wp-json\/wp\/v2\/posts\/475985\/revisions"}],"wp:featuredmedia":[{"embeddable":true,"href":"https:\/\/www.europesays.com\/es\/wp-json\/wp\/v2\/media\/475986"}],"wp:attachment":[{"href":"https:\/\/www.europesays.com\/es\/wp-json\/wp\/v2\/media?parent=475985"}],"wp:term":[{"taxonomy":"category","embeddable":true,"href":"https:\/\/www.europesays.com\/es\/wp-json\/wp\/v2\/categories?post=475985"},{"taxonomy":"post_tag","embeddable":true,"href":"https:\/\/www.europesays.com\/es\/wp-json\/wp\/v2\/tags?post=475985"}],"curies":[{"name":"wp","href":"https:\/\/api.w.org\/{rel}","templated":true}]}}