{"id":476007,"date":"2026-03-31T20:08:15","date_gmt":"2026-03-31T20:08:15","guid":{"rendered":"https:\/\/www.europesays.com\/es\/476007\/"},"modified":"2026-03-31T20:08:15","modified_gmt":"2026-03-31T20:08:15","slug":"iron-maiden-incorpora-a-su-excantante-blaze-bayley-al-eddfest-el-gran-evento-con-el-que-celebrara-su-50o-aniversario","status":"publish","type":"post","link":"https:\/\/www.europesays.com\/es\/476007\/","title":{"rendered":"Iron Maiden incorpora a su excantante Blaze Bayley al Eddfest, el gran evento con el que celebrar\u00e1 su 50\u00ba aniversario"},"content":{"rendered":"<p>La gran celebraci\u00f3n del <strong>50\u00ba aniversario<\/strong> de <strong>Iron Maiden<\/strong> llegar\u00e1 con el <strong><a href=\"https:\/\/ironmaiden-knebworth.gigantic.com\/iron-maiden-tickets?_gl=1*1w1q0do*_gcl_au*MTY1MTQ0NzU5NS4xNzc0OTcxNzEy\" target=\"_blank\" rel=\"noopener nofollow\">Eddfest,<\/a><\/strong> un gran evento de dos jornadas en el que se ha confirmado la participaci\u00f3n de <strong>Blaze Bayley<\/strong>, el que fuera vocalista de la banda en la segunda mitad de los a\u00f1os 90, con dos discos como <strong>\u2018The X Factor\u2019 y <a href=\"https:\/\/mariskalrock.com\/actualidad\/cinco-razones-por-las-que-no-denostar-virtual-xi-el-ultimo-album-de-iron-maiden-con-blaze-bayley-antes-del-regreso-de-bruce-dickinson\/\" target=\"_blank\" rel=\"noopener nofollow\">\u2018Virtual XI\u2019<\/a><\/strong> como legado.<\/p>\n<p>Si se tratara de un meme, alguien dir\u00eda que no existe el parque tem\u00e1tico de <strong>Iron Maiden<\/strong> y <strong>Steve Harris<\/strong> y compa\u00f1\u00eda responden con un bombazo como Eddfest, el evento que tendr\u00e1 lugar en <strong>Knebworth Park<\/strong>, a unos cincuenta kil\u00f3metros al norte de <strong>Londres<\/strong>, los d\u00edas <strong>10 y 11 de julio<\/strong>, que har\u00e1 las delicias de los m\u00e1s fieles seguidores de Iron Maiden, incluyendo en la segunda jornada un verdadero d\u00eda de festival que contar\u00e1 con las actuaciones de <strong>The Darkness, The Hu, Airbourne, The Almighty<\/strong> y, por supuesto, <strong>Iron Maiden<\/strong> con el espect\u00e1culo de la gira <strong>\u201cRun For Your Lives\u201d<\/strong>. Las entradas se pueden <a href=\"https:\/\/ironmaiden-knebworth.gigantic.com\/iron-maiden-tickets?_gl=1*1w1q0do*_gcl_au*MTY1MTQ0NzU5NS4xNzc0OTcxNzEy\" target=\"_blank\" rel=\"noopener nofollow\"><strong>comprar en este enlace<\/strong>.<\/a><\/p>\n<p>Esta ser\u00e1 la jornada m\u00e1s centrada en lo que podr\u00eda ser un festival al uso, pero en la primera jornada nos esperan momentos realmente especiales, entre los que la actuaci\u00f3n de <strong>Blaze Bayley<\/strong> y su banda celebrando aquellos m\u00edticos cinco a\u00f1os liderando a La Doncella ser\u00e1 el plato principal.<\/p>\n<p>En palabras del vocalista que recientemente celebraba haber sido <a href=\"https:\/\/mariskalrock.com\/actualidad\/blaze-bayley-es-incluido-en-la-lista-de-los-miembros-de-iron-maiden-nominados-para-el-rock-and-roll-hall-of-fame\/\" target=\"_blank\" rel=\"noopener nofollow\"><strong>incluido en la nominaci\u00f3n para el Rock and Roll Hall of Fame<\/strong><\/a> como miembro de Maiden: \u00abEstoy muy emocionado de haber sido invitado a encabezar el cartel del viernes por la noche en el Eddfest, celebrando los 50 a\u00f1os de Iron Maiden. Estoy muy orgulloso de mis dos \u00e1lbumes con la banda, y tengo muchas ganas de tocar algunas de las canciones que grabamos juntos. \u00a1Nos vemos en el legendario recinto de Knebworth!\u00bb<\/p>\n<p style=\"text-align: center;\"><a href=\"https:\/\/www.europesays.com\/es\/wp-content\/uploads\/2026\/03\/edd-fest-iron-maiden-cartel.webp.webp\" target=\"_blank\" rel=\"noopener\"><img fetchpriority=\"high\" decoding=\"async\" class=\"aligncenter wp-image-396812 size-full\" src=\"https:\/\/www.europesays.com\/es\/wp-content\/uploads\/2026\/03\/edd-fest-iron-maiden-cartel.webp.webp\" alt=\"\" width=\"600\" height=\"773\"  \/><\/a><\/p>\n<p>M\u00e1s sorpresas del Eddfest<\/p>\n<p>La incorporaci\u00f3n de Bayley, al que tambi\u00e9n tendremos este a\u00f1o en<a href=\"https:\/\/mariskalrock.com\/noticias-breves\/z-live-rock-fest-confirma-a-blaze-bayley-con-show-especial-iron-maiden-anniversary-en-su-cartel-de-2026-junto-a-opeth-saxon-o-epica\/\" target=\"_blank\" rel=\"noopener nofollow\"> <strong>Z! Live Rock Fest<\/strong>,<\/a> ha cerrado el cartel de este evento en el que tambi\u00e9n destaca la presencia de bandas relacionadas con la historia de Iron Maiden de formas m\u00e1s singulares, ya que una de ellas ser\u00e1 <strong>Gypsy&#8217;s Kiss<\/strong>, banda que Steve Harris form\u00f3 en 1974 con el vocalista y guitarrista <strong>David Smith<\/strong>, la primera banda del l\u00edder de Iron Maiden.<\/p>\n<p>Esta sorpresa se suma en la primera jornada a los nombres de <strong>Stray, Maiden United, Airforce y Tony Moore\u2019s Awake<\/strong>, la banda del que fuera teclista en un breve periodo en los inicios de Maiden, al que hemos visto abrir los <strong>conciertos de British Lion<\/strong>; adem\u00e1s del show <strong>Hair Metal Glamageddon<\/strong>.<\/p>\n<p>Sobre la participaci\u00f3n de su primer grupo y la incorporaci\u00f3n de Blaze, Steve Harris deja este mensaje: \u201cTener la oportunidad de organizar nuestro propio festival en Knebworth y celebrar los 50 a\u00f1os de Iron Maiden me ha permitido reunir a amigos de antes y de ahora y crear un fin de semana realmente especial para los fans. Me alegra mucho que Blaze pueda acompa\u00f1arnos e interpretar algunas de las canciones que compusimos y grabamos en los 90. Ha sido una parte fundamental de la trayectoria de Iron Maiden y s\u00e9 que los fans estar\u00e1n encantados de verlo en el escenario de Eddfest. Tambi\u00e9n es fant\u00e1stico contar con Gypsy&#8217;s Kiss en Knebworth. Han sido una parte importante de mi herencia musical y me emociona mucho tenerlos tocando en el escenario de Maidenville\u201d.<\/p>\n<p>Durante estos dos d\u00edas de festival y celebraci\u00f3n de la carrera de Iron Maiden se podr\u00e1 disfrutar de \u00e1reas tem\u00e1ticas sobre la banda, bares en los que continuar la experiencia \u201cmaideniana\u201d, o explorar el museo <strong>Infinite Dreams Museum Experience<\/strong>, donde espera una exposici\u00f3n interactiva de material utilizado en las actuaciones. En definitiva, Eddfest ser\u00e1 un fin de semana verdaderamente excepcional para los fans de Iron Maiden, adem\u00e1s de ser una de las \u00faltimas ocasiones para ver a la banda antes de que se <strong>tomen el anunciado descanso<\/strong> tras la gira \u201cRun For Your Lives\u201d.<\/p>\n<p style=\"text-align: center;\">\n<p>El m\u00e1nager <strong>Rod Smallwood<\/strong> habla de la celebraci\u00f3n: \u201cTras los conciertos memorables en el Reino Unido el a\u00f1o pasado, sab\u00edamos que si \u00edbamos a tocar all\u00ed en 2026, ten\u00eda que ser algo muy diferente. Por eso elegimos Knebworth Park, ya que nos ofrece el espacio necesario (que no est\u00e1 disponible en los estadios) para crear algo innovador para nuestros fans, un \u00abmundo de Maiden\u00bb para ellos\u201d.<\/p>\n<p>El m\u00e1nager contin\u00faa: \u201cNos entusiasma revelar ahora los detalles de este evento \u00fanico para celebrar los 50 a\u00f1os de carrera de la banda, al que ahora llamamos Eddfest, porque, como todos sab\u00e9is, \u00a1Eddie es la verdadera estrella del espect\u00e1culo! Tambi\u00e9n sabemos que los fans de Maiden son una gran multitud y queremos regalarles un fin de semana inolvidable en Knebworth\u201d.<\/p>\n<p>Nos ofrece m\u00e1s detalles: \u201cEn las \u00faltimas giras, hemos organizado los bares Eddie Dive para nuestros fans, tanto antes como despu\u00e9s de los conciertos. Algunos de estos eventos se apoderaron de los centros de las ciudades, con miles de fans reunidos disfrutando de la diversi\u00f3n, la m\u00fasica y la compa\u00f1\u00eda mutua. Por eso, Eddfest va a expandir ese concepto de muchas maneras diferentes, para crear un aut\u00e9ntico \u00abmundo de Maiden\u00bb imperdible durante todo el fin de semana. Habr\u00e1 much\u00edsima buena m\u00fasica, buena cerveza (\u00a1por supuesto!), un mont\u00f3n de actividades divertidas y variadas, fant\u00e1sticos recuerdos y merchandising, oportunidades \u00fanicas para hacer fotos y crear recuerdos inolvidables de Maiden, y, por supuesto, la verdadera camarader\u00eda que se vive entre los fans de Maiden\u201d.<\/p>\n<p>Iron Maiden en Espa\u00f1a<\/p>\n<p>Antes del merecido descanso, tambi\u00e9n tendremos de nuevo a Iron Maiden en nuestro pa\u00eds. Este 2026 ser\u00e1 otro a\u00f1o en el que la banda brit\u00e1nica tendr\u00e1 toda la atenci\u00f3n de los seguidores en todo el mundo, con nuevas paradas de su gira como las que llegar\u00e1n en Espa\u00f1a a los carteles de <strong>Resurrection Fest<\/strong> (del 1 al 4 de julio, <a href=\"https:\/\/www.resurrectionfest.es\/entradas\/\" target=\"_blank\" rel=\"noopener nofollow\"><strong>entradas aqu\u00ed<\/strong><\/a>) con <strong>Marilyn Manson, Limp Bizkit o Sabaton<\/strong> entre otros, y en <strong>Rock Imperium Festival<\/strong> (del 3 al 5 de julio, <a href=\"https:\/\/www.rockimperiumfestival.es\/es\/entradas\/\" target=\"_blank\" rel=\"noopener nofollow\"><strong>entradas aqu\u00ed<\/strong><\/a>), compartiendo cabecera del cartel con <strong>Within Temptation y Sabaton<\/strong>.<\/p>\n<p style=\"text-align: center;\"><a href=\"https:\/\/www.europesays.com\/es\/wp-content\/uploads\/2026\/02\/resurrection-fest-26-entradas-diarias-2-3-cartel.webp.webp\" target=\"_blank\" rel=\"noopener\"><img loading=\"lazy\" decoding=\"async\" class=\"aligncenter wp-image-384548\" src=\"https:\/\/www.europesays.com\/es\/wp-content\/uploads\/2026\/02\/resurrection-fest-26-entradas-diarias-2-3-cartel.webp.webp\" alt=\"\" width=\"600\" height=\"751\"  \/><\/a><\/p>\n<p style=\"text-align: center;\"><a href=\"https:\/\/www.europesays.com\/es\/wp-content\/uploads\/2026\/03\/rock-imperium-cartel-2026-2.webp.webp\" target=\"_blank\" rel=\"noopener\"><img loading=\"lazy\" decoding=\"async\" class=\"aligncenter wp-image-387144 size-full\" src=\"https:\/\/www.europesays.com\/es\/wp-content\/uploads\/2026\/03\/rock-imperium-cartel-2026-2.webp.webp\" alt=\"\" width=\"600\" height=\"750\"  \/><\/a><\/p>\n<p>                         <a target=\"_blank\" href=\"http:\/\/www.mariskalrock.com\" class=\"url\" title=\"Jorge Bobadilla\" rel=\"nofollow noopener\"> <img decoding=\"async\" src=\"https:\/\/www.europesays.com\/es\/wp-content\/uploads\/2026\/02\/jorge-bobadilla-2025-web-300x300-1.jpg\" class=\"photo\" width=\"250\" alt=\"Jorge Bobadilla\"\/><\/a> <\/p>\n<p>Llev\u00e1is ya m\u00e1s de veinte a\u00f1os ley\u00e9ndome por aqu\u00ed y por all\u00ed, as\u00ed que, vayamos al grano. En 2005 MariskalRock abri\u00f3 sus puertas a este humilde \u201cjuntaletras\u201d, y desde entonces el rock ha sido la punta del comp\u00e1s de mi vida. Aficionado tambi\u00e9n a atrapar im\u00e1genes (sean fijas o en movimiento), en estas dos d\u00e9cadas ser\u00eda raro que no nos hubi\u00e9ramos visto entre salas y festivales. Brindemos en la pr\u00f3xima.<\/p>\n<p> <a href=\"http:\/\/www.mariskalrock.com\" class=\"url\" target=\"_blank\" title=\"Jorge Bobadilla\" rel=\"nofollow noopener\"><img decoding=\"async\" src=\"https:\/\/www.europesays.com\/es\/wp-content\/uploads\/2026\/02\/jorge-bobadilla-2025-web-300x300-1.jpg\" class=\"photo\" width=\"250\" alt=\"Jorge Bobadilla\"\/><\/a>\u00daltimas entradas de Jorge Bobadilla (<a target=\"_blank\" href=\"https:\/\/mariskalrock.com\/author\/jorge-bobadilla\/\" rel=\"nofollow noopener\">ver todo<\/a>)  <\/p>\n","protected":false},"excerpt":{"rendered":"La gran celebraci\u00f3n del 50\u00ba aniversario de Iron Maiden llegar\u00e1 con el Eddfest, un gran evento de dos&hellip;\n","protected":false},"author":2,"featured_media":476008,"comment_status":"","ping_status":"","sticky":false,"template":"","format":"standard","meta":{"footnotes":""},"categories":[170],"tags":[63630,97514,146,147,25,24,477,4622,184,185,23],"class_list":["post-476007","post","type-post","status-publish","format-standard","has-post-thumbnail","category-musica","tag-blaze-bayley","tag-eddfest","tag-entertainment","tag-entretenimiento","tag-es","tag-espana","tag-iron-maiden","tag-mr2022","tag-music","tag-musica","tag-spain"],"share_on_mastodon":{"url":"https:\/\/pubeurope.com\/@es\/116325601138671122","error":""},"_links":{"self":[{"href":"https:\/\/www.europesays.com\/es\/wp-json\/wp\/v2\/posts\/476007","targetHints":{"allow":["GET"]}}],"collection":[{"href":"https:\/\/www.europesays.com\/es\/wp-json\/wp\/v2\/posts"}],"about":[{"href":"https:\/\/www.europesays.com\/es\/wp-json\/wp\/v2\/types\/post"}],"author":[{"embeddable":true,"href":"https:\/\/www.europesays.com\/es\/wp-json\/wp\/v2\/users\/2"}],"replies":[{"embeddable":true,"href":"https:\/\/www.europesays.com\/es\/wp-json\/wp\/v2\/comments?post=476007"}],"version-history":[{"count":0,"href":"https:\/\/www.europesays.com\/es\/wp-json\/wp\/v2\/posts\/476007\/revisions"}],"wp:featuredmedia":[{"embeddable":true,"href":"https:\/\/www.europesays.com\/es\/wp-json\/wp\/v2\/media\/476008"}],"wp:attachment":[{"href":"https:\/\/www.europesays.com\/es\/wp-json\/wp\/v2\/media?parent=476007"}],"wp:term":[{"taxonomy":"category","embeddable":true,"href":"https:\/\/www.europesays.com\/es\/wp-json\/wp\/v2\/categories?post=476007"},{"taxonomy":"post_tag","embeddable":true,"href":"https:\/\/www.europesays.com\/es\/wp-json\/wp\/v2\/tags?post=476007"}],"curies":[{"name":"wp","href":"https:\/\/api.w.org\/{rel}","templated":true}]}}