{"id":476621,"date":"2026-04-01T05:33:11","date_gmt":"2026-04-01T05:33:11","guid":{"rendered":"https:\/\/www.europesays.com\/es\/476621\/"},"modified":"2026-04-01T05:33:11","modified_gmt":"2026-04-01T05:33:11","slug":"un-cumulo-de-errores-de-trump-en-iran-internacional","status":"publish","type":"post","link":"https:\/\/www.europesays.com\/es\/476621\/","title":{"rendered":"Un c\u00famulo de errores de Trump en Ir\u00e1n | Internacional"},"content":{"rendered":"<p class=\"\">Hay indicios y declaraciones de que Washington planea una operaci\u00f3n terrestre en Ir\u00e1n. Incluso si se excluye la invasi\u00f3n y se limita a acciones puntuales, analistas pol\u00edticos y militares advierten del yerro. No es el primero. Desde el principio, la guerra de Estados Unidos e Israel contra la Rep\u00fablica Isl\u00e1mica <a href=\"https:\/\/elpais.com\/internacional\/2026-03-15\/la-guerra-de-trump-y-netanyahu-en-iran-un-error-de-calculo-tras-otro.html\" target=\"_self\" rel=\"nofollow noopener\" title=\"https:\/\/elpais.com\/internacional\/2026-03-15\/la-guerra-de-trump-y-netanyahu-en-iran-un-error-de-calculo-tras-otro.html\">ha acumulado un error tras otro<\/a>. <\/p>\n<p class=\"\">Para empezar, fue un gran desacierto de la primera presidencia de Donald Trump <a href=\"https:\/\/elpais.com\/internacional\/2018\/05\/08\/estados_unidos\/1525788929_413985.html\" target=\"_self\" rel=\"nofollow noopener\" title=\"https:\/\/elpais.com\/internacional\/2018\/05\/08\/estados_unidos\/1525788929_413985.html\">abandonar en 2018 el acuerdo nuclear<\/a>. Tres a\u00f1os antes, Teher\u00e1n hab\u00eda aceptado embridar su programa at\u00f3mico para alejar la sospecha de que escond\u00eda un objetivo militar (como Israel denuncia peri\u00f3dicamente desde 1984). Aquella decisi\u00f3n, que restableci\u00f3 las sanciones econ\u00f3micas previas, carg\u00f3 de razones al r\u00e9gimen islamista <a href=\"https:\/\/elpais.com\/internacional\/2019\/07\/07\/actualidad\/1562482149_326365.html\" rel=\"nofollow noopener\" target=\"_blank\">para saltarse la mayor\u00eda de los l\u00edmites que asumi\u00f3 con el pacto<\/a> (cantidad de uranio enriquecido, nivel de enriquecimiento, r\u00e9gimen de verificaci\u00f3n). Esa respuesta sirvi\u00f3 a su vez al primer ministro israel\u00ed, Benjam\u00edn Netanyahu, para inflar la amenaza iran\u00ed. <\/p>\n<p class=\"\">Hay consenso en que <a href=\"https:\/\/elpais.com\/internacional\/2025-12-29\/netanyahu-busca-la-bendicion-de-trump-a-su-guerra-perpetua-en-oriente-proximo.html\" target=\"_self\" rel=\"nofollow noopener\" title=\"https:\/\/elpais.com\/internacional\/2025-12-29\/netanyahu-busca-la-bendicion-de-trump-a-su-guerra-perpetua-en-oriente-proximo.html\">Netanyahu ha arrastrado a la guerra a Trump<\/a>. Si el argumento del israel\u00ed fue que la oportunidad de asesinar al l\u00edder supremo <a href=\"https:\/\/elpais.com\/internacional\/2026-02-28\/israel-da-por-muerto-en-los-bombardeos-al-lider-supremo-de-iran-ali-jamenei.html\" target=\"_self\" rel=\"nofollow noopener\" title=\"https:\/\/elpais.com\/internacional\/2026-02-28\/israel-da-por-muerto-en-los-bombardeos-al-lider-supremo-de-iran-ali-jamenei.html\">Ali Jamene\u00ed<\/a> y varios de sus jefes militares el 28 de febrero abrir\u00eda la puerta a un cambio de r\u00e9gimen, no pudo andar m\u00e1s desencaminado. Fuera o no as\u00ed, Trump ha dado a entender que esperaba que el golpe de efecto diera paso a una alternativa al estilo de <a href=\"https:\/\/elpais.com\/internacional\/2026-01-03\/reconstruccion-del-ataque-asi-fue-la-mision-de-estados-unidos-en-venezuela-para-capturar-a-nicolas-maduro.html\" target=\"_self\" rel=\"nofollow noopener\" title=\"https:\/\/elpais.com\/internacional\/2026-01-03\/reconstruccion-del-ataque-asi-fue-la-mision-de-estados-unidos-en-venezuela-para-capturar-a-nicolas-maduro.html\">lo que consigui\u00f3 en Venezuela a principios de a\u00f1o<\/a>: un l\u00edder manejable. Semejante confusi\u00f3n indica un profundo desconocimiento de c\u00f3mo funciona la Rep\u00fablica Isl\u00e1mica. <\/p>\n<p class=\"\">En el mismo sentido apunta el dislate de esperar que, tras los primeros bombardeos, se reanudaran <a href=\"https:\/\/elpais.com\/internacional\/2026-02-04\/la-brutalidad-de-la-represion-de-las-protestas-en-iran-en-cifras-de-3000-a-30000-muertos.html\" target=\"_self\" rel=\"nofollow noopener\" title=\"https:\/\/elpais.com\/internacional\/2026-02-04\/la-brutalidad-de-la-represion-de-las-protestas-en-iran-en-cifras-de-3000-a-30000-muertos.html\">las manifestaciones contra el r\u00e9gimen<\/a>. El malestar de buena parte de los iran\u00edes, tal vez la mayor\u00eda, ha quedado patente en las cada vez m\u00e1s frecuentes protestas. Sin embargo, la brutal represi\u00f3n del pasado enero, cuyas v\u00edctimas a\u00fan se estaban contando cuando empez\u00f3 la guerra, ha dejado a <a href=\"https:\/\/elpais.com\/internacional\/2026-01-15\/iran-atrapado-entre-jamenei-y-trump.html\" rel=\"nofollow noopener\" target=\"_blank\">la poblaci\u00f3n entre la espada y la pared<\/a>. Aunque la desesperaci\u00f3n llev\u00f3 a algunos a celebrar el ataque inicial, a medida que aumentan los civiles muertos y avanza la destrucci\u00f3n de infraestructuras, se refuerza el bando de quienes rechazan tanto la tiran\u00eda que los gobierna como la vejaci\u00f3n de la embestida exterior. <\/p>\n<p class=\"\">Otro fallo sorprendente es haber ignorado <a href=\"https:\/\/elpais.com\/economia\/2026-03-30\/escuelas-cerradas-y-racionamiento-del-gas-el-bloqueo-de-ormuz-azota-a-los-paises-mas-pobres.html\" target=\"_self\" rel=\"nofollow noopener\" title=\"https:\/\/elpais.com\/economia\/2026-03-30\/escuelas-cerradas-y-racionamiento-del-gas-el-bloqueo-de-ormuz-azota-a-los-paises-mas-pobres.html\">el cierre del estrecho de Ormuz<\/a> y sus consecuencias para la econom\u00eda global. Resulta incre\u00edble que los estrategas de EE UU y, sobre todo, de Israel no contemplaran esa posibilidad. Sin contar el minado del golfo P\u00e9rsico que la Rep\u00fablica Isl\u00e1mica llev\u00f3 a cabo durante la guerra con Irak (1980-1988), la doctrina de guerra naval asim\u00e9trica de la Guardia Revolucionaria incluye desde la d\u00e9cada de los noventa del siglo pasado la advertencia de que \u201csi Ir\u00e1n es atacado, el estrecho no ser\u00e1 seguro\u201d. <a href=\"https:\/\/elpais.com\/internacional\/2012\/07\/03\/actualidad\/1341305605_192447.html%20\" target=\"_self\" rel=\"nofollow noopener\" title=\"https:\/\/elpais.com\/internacional\/2012\/07\/03\/actualidad\/1341305605_192447.html%20\">Esa espada de Damocles se ha exhibido en al menos media docena de ocasiones<\/a> este siglo a ra\u00edz de la tensi\u00f3n suscitada por el programa nuclear y las sanciones que lo han castigado. <\/p>\n<p class=\"\">Si finalmente el presidente estadounidense decide desplegar fuerzas terrestres en Ir\u00e1n, culminar\u00e1 un c\u00famulo de errores que permitir\u00e1n al r\u00e9gimen declararse ganador de una contienda cuyo objetivo Washington nunca ha precisado. Sea para <a href=\"https:\/\/elpais.com\/videos\/2026-03-14\/la-isla-de-jark-el-sustento-vital-para-iran-que-trump-ha-atacado.html\" target=\"_self\" rel=\"nofollow noopener\" title=\"https:\/\/elpais.com\/videos\/2026-03-14\/la-isla-de-jark-el-sustento-vital-para-iran-que-trump-ha-atacado.html\">tomar la isla de Jarg<\/a> o para recuperar el uranio altamente enriquecido que Teher\u00e1n hab\u00eda conseguido antes de los bombardeos de junio de 2025 (entre 409 y 441 kilos, seg\u00fan los inspectores de la ONU), aumenta el riesgo de que a pesar de su superioridad militar, EE UU se enfangue en una de esas guerras sin fin que Trump dec\u00eda querer evitar.<\/p>\n","protected":false},"excerpt":{"rendered":"Hay indicios y declaraciones de que Washington planea una operaci\u00f3n terrestre en Ir\u00e1n. Incluso si se excluye la&hellip;\n","protected":false},"author":2,"featured_media":476622,"comment_status":"","ping_status":"","sticky":false,"template":"","format":"standard","meta":{"footnotes":""},"categories":[42],"tags":[89903,13241,17,18,68,70,71,72,352,629,13,14,69,11,61,62,63,64,3137,74,19,20,9,10,15,16,77,12,21,22,65,66,67],"class_list":{"0":"post-476621","1":"post","2":"type-post","3":"status-publish","4":"format-standard","5":"has-post-thumbnail","7":"category-internacional","8":"tag-ataque-contra-iran","9":"tag-benjamin-netanyahu","10":"tag-breaking-news","11":"tag-breakingnews","12":"tag-conflicto-arabe-israeli","13":"tag-conflictos","14":"tag-conflictos-armados","15":"tag-conflictos-internacionales","16":"tag-donald-trump","17":"tag-estados-unidos","18":"tag-featured-news","19":"tag-featurednews","20":"tag-guerra","21":"tag-headlines","22":"tag-internacional","23":"tag-international","24":"tag-international-news","25":"tag-internationalnews","26":"tag-iran","27":"tag-israel","28":"tag-latest-news","29":"tag-latestnews","30":"tag-news","31":"tag-noticias","32":"tag-noticias-destacadas","33":"tag-noticiasdestacadas","34":"tag-oriente-proximo","35":"tag-titulares","36":"tag-ultimas-noticias","37":"tag-ultimasnoticias","38":"tag-world","39":"tag-world-news","40":"tag-worldnews"},"share_on_mastodon":{"url":"","error":"Validation failed: Text character limit of 500 exceeded"},"_links":{"self":[{"href":"https:\/\/www.europesays.com\/es\/wp-json\/wp\/v2\/posts\/476621","targetHints":{"allow":["GET"]}}],"collection":[{"href":"https:\/\/www.europesays.com\/es\/wp-json\/wp\/v2\/posts"}],"about":[{"href":"https:\/\/www.europesays.com\/es\/wp-json\/wp\/v2\/types\/post"}],"author":[{"embeddable":true,"href":"https:\/\/www.europesays.com\/es\/wp-json\/wp\/v2\/users\/2"}],"replies":[{"embeddable":true,"href":"https:\/\/www.europesays.com\/es\/wp-json\/wp\/v2\/comments?post=476621"}],"version-history":[{"count":0,"href":"https:\/\/www.europesays.com\/es\/wp-json\/wp\/v2\/posts\/476621\/revisions"}],"wp:featuredmedia":[{"embeddable":true,"href":"https:\/\/www.europesays.com\/es\/wp-json\/wp\/v2\/media\/476622"}],"wp:attachment":[{"href":"https:\/\/www.europesays.com\/es\/wp-json\/wp\/v2\/media?parent=476621"}],"wp:term":[{"taxonomy":"category","embeddable":true,"href":"https:\/\/www.europesays.com\/es\/wp-json\/wp\/v2\/categories?post=476621"},{"taxonomy":"post_tag","embeddable":true,"href":"https:\/\/www.europesays.com\/es\/wp-json\/wp\/v2\/tags?post=476621"}],"curies":[{"name":"wp","href":"https:\/\/api.w.org\/{rel}","templated":true}]}}