{"id":476868,"date":"2026-04-01T09:21:13","date_gmt":"2026-04-01T09:21:13","guid":{"rendered":"https:\/\/www.europesays.com\/es\/476868\/"},"modified":"2026-04-01T09:21:13","modified_gmt":"2026-04-01T09:21:13","slug":"el-reto-mas-dificil-y-ambicioso-para-ricky-rubio-y-jabari-parker-en-la-penya","status":"publish","type":"post","link":"https:\/\/www.europesays.com\/es\/476868\/","title":{"rendered":"El reto m\u00e1s dif\u00edcil y ambicioso para Ricky Rubio y Jabari Parker en la Penya"},"content":{"rendered":"<p class=\"ft-text\"><strong>Ricky Rubio y Jabari Parker<\/strong> cargan a sus espaldas partidos de la m\u00e1s alta exigencia ya sea en competiciones europeas, NBA o torneos internacionales de selecciones. Pero este mi\u00e9rcoles, a partir de las 18:30h (CET) afrontan con el <a class=\"ft-link ft-link--decoration\" href=\"https:\/\/www.sport.es\/es\/noticias\/baloncesto\/joventut-nombra-ferran-lavina-nuevo-128599420\" rel=\"nofollow noopener\" target=\"_blank\"><strong>Asisa Joventut<\/strong><\/a> el primer encuentro de la serie de <strong>cuartos de final de la BCL<\/strong> ante el<strong> AEK Atenas,<\/strong> con el gran objetivo de sumar el primer punto de la eliminatoria y dar un paso hacia la <strong>Final Four<\/strong> del torneo que se disputar\u00e1 en el <strong>Ol\u00edmpic<\/strong> a principios de mayo.<\/p>\n<p class=\"ft-text\">El cruce, al mejor de tres partidos, le llega al Joventut en un <strong>momento delicado<\/strong> de la temporada. M\u00e1s all\u00e1 de la dificultad de tener que robar un partido en la capital griega, Dani Miret cuenta con tres bajas muy sensibles para el primer partido de la serie. <strong>Guillem Vives<\/strong> sigue siendo baja por un esguince de tobillo, mientras que el <strong>drama total<\/strong> se encuentra en la posici\u00f3n de &#8216;5&#8217;.<\/p>\n<p>Bajas muy sensibles en el juego interior verdinegro<\/p>\n<p class=\"ft-text\"><strong>Ante Tomic es baja segura para toda la serie<\/strong> debido a una lesi\u00f3n en los <strong>isquiotibiales de su pierna derecha.<\/strong> Tampoco es mucho m\u00e1s optimista la situaci\u00f3n de <strong>Simon Birgander,<\/strong> con una lesi\u00f3n en la <strong>fascia plantar<\/strong> del pie derecho. El sueco podr\u00eda regresar en un hipot\u00e9tico tercer partido ante el AEK Atenas, aunque toca ir semana a semana, confiando que la recuperaci\u00f3n avance por el buen camino. <strong>Adri\u00e1n Torres, Ferran Mauri y Humber Ruiz<\/strong> completan la convocatoria de Miret.<\/p>\n<p>Ricky, a por todas<\/p>\n<p class=\"ft-text\">Ante este escenario, toca que los referentes de la Penya den varios pasos al frente, y los focos apuntan hacia <strong>Ricky Rubio y Jabari Parker.<\/strong> El base de El Masnou regres\u00f3 al club badalon\u00e9s para afrontar partidos de este nivel, y gran parte de las opciones verdinegras pasan porque el director de juego ofrezca su mejor versi\u00f3n en cancha. \u00abSabemos que ser\u00e1 una eliminatoria muy dif\u00edcil, <strong>pero llevamos una temporada muy buena y vamos con muchas ganas a Atenas.<\/strong> Sabemos que el campo no nos ayudar\u00e1, pero estos partidos son para los que te preparas toda la temporada. Son dos bajas muy importantes. Primero, porque est\u00e1n en la misma posici\u00f3n. Y segundo, porque basamos mucho nuestro juego en los p\u00edvots. <strong>Debemos reconstruirnos, tenemos jugadores con calidad para al menos sacar uno de los dos partidos ah\u00ed\u00bb,<\/strong> coment\u00f3 Ricky en la previa.<\/p>\n<p><img decoding=\"async\" src=\"https:\/\/www.europesays.com\/es\/wp-content\/uploads\/2026\/04\/b92ea7de-3630-4c6c-9eaa-796655bb2f55_alta-libre-aspect-ratio_default_0_x600y225.jpg\" width=\"1200\" height=\"675\" alt=\"Ricky Rubio ejecuta un lanzamiento ante la defensa de Jan Vesely\" class=\"ft-helper-img-rd\" loading=\"lazy\" fetchpriority=\"auto\"\/><\/p>\n<p class=\"ft-helper-fontColor-quaternary ft-helper-fontSize-body-S ft-helper-spacer-t-xxs\">Ricky Rubio ejecuta un lanzamiento ante la defensa de Jan Vesely  \/ ACB Photo &#8211; David Grau<\/p>\n<p>El momento de Jabari Parker<\/p>\n<p class=\"ft-text\">Es tambi\u00e9n el momento para que <strong>Jabari Parker<\/strong> marque diferencias en pista con su enorme talento. En sus seis primeros partidos con la camiseta del Asisa Joventut, el de Chicago est\u00e1 en <strong>13,1 puntos y 5,8 rebotes por encuentro.<\/strong> En los dos compromisos de BCL disputados hasta la fecha ante <strong>Wurzburg y Unicaja,<\/strong> el &#8217;11&#8217; ha elevado sus registros hasta los <strong>18 tantos y las siete capturas.<\/strong><\/p>\n<p><img decoding=\"async\" src=\"https:\/\/www.europesays.com\/es\/wp-content\/uploads\/2026\/04\/632bcdb3-4638-441f-b4f0-1e23d0483730_alta-libre-aspect-ratio_default_0_x600y225.jpg\" width=\"1200\" height=\"675\" alt=\"Jabari Parker, junto a Michael Ruzic\" class=\"ft-helper-img-rd\" loading=\"lazy\" fetchpriority=\"auto\"\/><\/p>\n<p class=\"ft-helper-fontColor-quaternary ft-helper-fontSize-body-S ft-helper-spacer-t-xxs\">Jabari Parker, junto a Michael Ruzic  \/ ACB Photo &#8211; David Grau<\/p>\n<p class=\"ft-text\">Delante, la Penya tendr\u00e1 a un AEK Atenas que contar\u00e1 con el amplio apoyo de su afici\u00f3n, convirtiendo el <strong>Sunel Arena<\/strong> de Atenas en un infierno griego. Los helenos llegan a la cita con un balance de <strong>11 victorias y tan solo una derrota,<\/strong> y pese a que <strong>Dragan Sakota<\/strong> perdi\u00f3 tras la primera fase a un <strong>Chris Silva<\/strong> que sonaba para el Bar\u00e7a y que termin\u00f3 firmando por el Fenerbah\u00e7e, el equipo cuenta con una de las <strong>mejores plantillas<\/strong> de la competici\u00f3n.<\/p>\n<p>Las referencias del AEK<\/p>\n<p class=\"ft-text\"><strong>Frank Bartley, con 18,8 puntos<\/strong> de media por partido y <strong>Raiquan Gray, con 13,9,<\/strong> son los m\u00e1ximos anotadores del equipo. Adem\u00e1s, dos cl\u00e1sicos de la Euroliga, como el lituano <strong>Lukas Lekavicius<\/strong> (10,3 puntos y 44,7% de acierto en tres), o el campe\u00f3n de Europa en 2017 <strong>James Nunnally<\/strong> (12,8 tantos) son alguno de los nombres propios del AEK que la Penya deber\u00e1 minimizar.<\/p>\n<p><img decoding=\"async\" src=\"https:\/\/www.europesays.com\/es\/wp-content\/uploads\/2026\/04\/e0be5366-d947-4978-974c-f5034c67e72c_alta-libre-aspect-ratio_default_0_x600y225.jpg\" width=\"1200\" height=\"675\" alt=\"James Nunnally apura sus \u00faltimos a\u00f1os de carrera en el AEK Atenas\" class=\"ft-helper-img-rd\" loading=\"lazy\" fetchpriority=\"auto\"\/><\/p>\n<p class=\"ft-helper-fontColor-quaternary ft-helper-fontSize-body-S ft-helper-spacer-t-xxs\">James Nunnally apura sus \u00faltimos a\u00f1os de carrera en el AEK Atenas  \/ FIBA<\/p>\n<p class=\"ft-text\">El Joventut parte con el gran objetivo de <strong>robar una victoria<\/strong> que le dar\u00eda el primer match-ball de la serie el pr\u00f3ximo martes (19:30h CET) en el Ol\u00edmpic. Pero antes de pensar en el segundo encuentro de la serie, hay que centrar todos los esfuerzos en el primero, y la Penya tratar\u00e1 de sumar una <strong>primera alegr\u00eda<\/strong> en uno de los desaf\u00edos m\u00e1s complicados en lo que va de curso.<\/p>\n","protected":false},"excerpt":{"rendered":"Ricky Rubio y Jabari Parker cargan a sus espaldas partidos de la m\u00e1s alta exigencia ya sea en&hellip;\n","protected":false},"author":2,"featured_media":476869,"comment_status":"","ping_status":"","sticky":false,"template":"","format":"standard","meta":{"footnotes":""},"categories":[269],"tags":[97603,299,298,23271,11681,168,25,24,18718,4079,22611,4080,23,167],"class_list":["post-476868","post","type-post","status-publish","format-standard","has-post-thumbnail","category-baloncesto","tag-aek-atenas","tag-baloncesto","tag-basketball","tag-bcl","tag-champions","tag-deportes","tag-es","tag-espana","tag-jabari-parker","tag-joventut","tag-previa","tag-ricky-rubio","tag-spain","tag-sports"],"share_on_mastodon":{"url":"https:\/\/pubeurope.com\/@es\/116328719250389287","error":""},"_links":{"self":[{"href":"https:\/\/www.europesays.com\/es\/wp-json\/wp\/v2\/posts\/476868","targetHints":{"allow":["GET"]}}],"collection":[{"href":"https:\/\/www.europesays.com\/es\/wp-json\/wp\/v2\/posts"}],"about":[{"href":"https:\/\/www.europesays.com\/es\/wp-json\/wp\/v2\/types\/post"}],"author":[{"embeddable":true,"href":"https:\/\/www.europesays.com\/es\/wp-json\/wp\/v2\/users\/2"}],"replies":[{"embeddable":true,"href":"https:\/\/www.europesays.com\/es\/wp-json\/wp\/v2\/comments?post=476868"}],"version-history":[{"count":0,"href":"https:\/\/www.europesays.com\/es\/wp-json\/wp\/v2\/posts\/476868\/revisions"}],"wp:featuredmedia":[{"embeddable":true,"href":"https:\/\/www.europesays.com\/es\/wp-json\/wp\/v2\/media\/476869"}],"wp:attachment":[{"href":"https:\/\/www.europesays.com\/es\/wp-json\/wp\/v2\/media?parent=476868"}],"wp:term":[{"taxonomy":"category","embeddable":true,"href":"https:\/\/www.europesays.com\/es\/wp-json\/wp\/v2\/categories?post=476868"},{"taxonomy":"post_tag","embeddable":true,"href":"https:\/\/www.europesays.com\/es\/wp-json\/wp\/v2\/tags?post=476868"}],"curies":[{"name":"wp","href":"https:\/\/api.w.org\/{rel}","templated":true}]}}