{"id":47691,"date":"2025-08-14T20:33:09","date_gmt":"2025-08-14T20:33:09","guid":{"rendered":"https:\/\/www.europesays.com\/es\/47691\/"},"modified":"2025-08-14T20:33:09","modified_gmt":"2025-08-14T20:33:09","slug":"el-divertido-doble-de-karlos-arguinano-que-anima-la-semana-grande-de-zarautz","status":"publish","type":"post","link":"https:\/\/www.europesays.com\/es\/47691\/","title":{"rendered":"El divertido doble de Karlos Argui\u00f1ano que anima la Semana Grande de Zarautz"},"content":{"rendered":"<p class=\"v-mdl-ath__p v-mdl-ath__p--6\">\nJueves, 14 de agosto 2025, 17:46<\/p>\n<p class=\"v-p\">\u00abMi cabezudo y yo esperamos que disfrut\u00e9is a tope de estos d\u00edas\u00bb, ha bromeado con su caracter\u00edstico humor <a href=\"https:\/\/www.diariovasco.com\/temas\/personajes\/karlos-arguinano.html\" target=\"_blank\" data-voc-vtm-id=\"in-text-traffic\" title=\"Karlos Argui\u00f1ano \" data-mrf-link=\"www.diariovasco.com\" rel=\"nofollow noopener\">Karlos Argui\u00f1ano <\/a>en su \u00faltima publicaci\u00f3n de Instagram. Y es que el cocinero y presentador de televisi\u00f3n guipuzcoano ha sorprendido a sus seguidores en redes subiendo una divertida e inesperada fotograf\u00eda con motivo de las pr\u00f3ximas fiestas a las puertas de la Semana Grande de Zarautz.<\/p>\n<p class=\"v-p\">En la fotograf\u00eda, tomada por Mikel De Las Heras, puede verse al doble del cocinero de 76 a\u00f1os, un cabezudo f\u00e1cilmente reconocible por el atuendo de chef, adem\u00e1s de su sonrisa y facciones tan caracter\u00edsticas. Incluso incluye su c\u00e9lebre logo del p\u00e1jaro sujetando perejil con su pico.<\/p>\n<p class=\"v-p\">Y es que los ni\u00f1os y ni\u00f1as deber\u00e1n andar al tanto porque el cabezudo de Karlos Argui\u00f1ano saldr\u00e1 todos los d\u00edas de la Semana Grande de Zarautz, que se est\u00e1 celebrando hasta este domingo 17 de agosto. El simp\u00e1tico doble saldr\u00e1 cada jornada junto al resto de Gigantes y Cabezudos por la localidad zarautztarra y perseguir\u00e1 a los m\u00e1s txikis mientras suena la m\u00fasica de los trikitilaris.<\/p>\n<p>Karlos Argui\u00f1ano y la Semana Grande de Zarautz<\/p>\n<p class=\"v-p\">La publicaci\u00f3n ha recibido varios &#8216;me gusta&#8217;, al igual de comentarios diciendo que \u00abqu\u00e9 simp\u00e1tico cabezudo\u00bb, mientras que un usuario iba m\u00e1s all\u00e1 y preguntaba si era el cocinero quien iba dentro, destando las risas de todos los seguidores del cocinero.<\/p>\n<p><a href=\"http:\/\/www.diariovasco.com\/diario_vasco\/noticias\/202506\/28\/gente-estilo\/NO-PUBLICAR-SEO-arguinano-barriendo-restaurante.xml#vtm_modulosEngag=mod-rel:gipuzkoa:noticia:1:cmp:1-not\" class=\"v-a-link\" aria-label=\"Imagen\" rel=\"nofollow noopener\" target=\"_blank\"><\/p>\n<p><img decoding=\"async\" loading=\"lazy\" src=\"https:\/\/www.europesays.com\/es\/wp-content\/uploads\/2025\/08\/aginano-barriendo-kBjH--366x256@Diario Vasco.jpg\" class=\"v-a-img\" width=\"258\" height=\"180\" alt=\"\" data-voc-vtm-id=\"in-text-traffic\"\/><\/p>\n<p><\/a><\/p>\n<p class=\"v-p\">Y es que los Gigantes y Cabezudos son los protagonistas de las fiestas de cualquier localidad. En esta ocasi\u00f3n, la de Zarautz, una celebraci\u00f3n que tanto zarauztarras como visitantes viven con muchas ganas y en las que destacan las regatas de traineras y los conciertos del malec\u00f3n.<\/p>\n<p>Comenta<\/p>\n<p>Reporta un error<\/p>\n","protected":false},"excerpt":{"rendered":"Jueves, 14 de agosto 2025, 17:46 \u00abMi cabezudo y yo esperamos que disfrut\u00e9is a tope de estos d\u00edas\u00bb,&hellip;\n","protected":false},"author":2,"featured_media":47692,"comment_status":"","ping_status":"","sticky":false,"template":"","format":"standard","meta":{"footnotes":""},"categories":[174],"tags":[255,146,147,25,24,256,43,21736,21737,23,13687],"class_list":{"0":"post-47691","1":"post","2":"type-post","3":"status-publish","4":"format-standard","5":"has-post-thumbnail","7":"category-famosos","8":"tag-celebrities","9":"tag-entertainment","10":"tag-entretenimiento","11":"tag-es","12":"tag-espana","13":"tag-famosos","14":"tag-fiestas","15":"tag-karlos-arguinano","16":"tag-semana-grande","17":"tag-spain","18":"tag-zarautz"},"share_on_mastodon":{"url":"","error":""},"_links":{"self":[{"href":"https:\/\/www.europesays.com\/es\/wp-json\/wp\/v2\/posts\/47691","targetHints":{"allow":["GET"]}}],"collection":[{"href":"https:\/\/www.europesays.com\/es\/wp-json\/wp\/v2\/posts"}],"about":[{"href":"https:\/\/www.europesays.com\/es\/wp-json\/wp\/v2\/types\/post"}],"author":[{"embeddable":true,"href":"https:\/\/www.europesays.com\/es\/wp-json\/wp\/v2\/users\/2"}],"replies":[{"embeddable":true,"href":"https:\/\/www.europesays.com\/es\/wp-json\/wp\/v2\/comments?post=47691"}],"version-history":[{"count":0,"href":"https:\/\/www.europesays.com\/es\/wp-json\/wp\/v2\/posts\/47691\/revisions"}],"wp:featuredmedia":[{"embeddable":true,"href":"https:\/\/www.europesays.com\/es\/wp-json\/wp\/v2\/media\/47692"}],"wp:attachment":[{"href":"https:\/\/www.europesays.com\/es\/wp-json\/wp\/v2\/media?parent=47691"}],"wp:term":[{"taxonomy":"category","embeddable":true,"href":"https:\/\/www.europesays.com\/es\/wp-json\/wp\/v2\/categories?post=47691"},{"taxonomy":"post_tag","embeddable":true,"href":"https:\/\/www.europesays.com\/es\/wp-json\/wp\/v2\/tags?post=47691"}],"curies":[{"name":"wp","href":"https:\/\/api.w.org\/{rel}","templated":true}]}}