{"id":476927,"date":"2026-04-01T10:28:21","date_gmt":"2026-04-01T10:28:21","guid":{"rendered":"https:\/\/www.europesays.com\/es\/476927\/"},"modified":"2026-04-01T10:28:21","modified_gmt":"2026-04-01T10:28:21","slug":"detalladas-las-4-ediciones-fisicas-de-super-mario-galaxy-la-pelicula-en-dvd-blu-ray","status":"publish","type":"post","link":"https:\/\/www.europesays.com\/es\/476927\/","title":{"rendered":"Detalladas las 4 ediciones f\u00edsicas de Super Mario Galaxy: La Pel\u00edcula en DVD \/ Blu-ray"},"content":{"rendered":"<p>\u00a1Parece que ya tenemos todos los detalles de su estreno f\u00edsico tras la <a href=\"https:\/\/www.nintenderos.com\/2026\/03\/fox-mccloud-se-une-a-la-pelicula-de-super-mario-galaxy\/\" rel=\"nofollow noopener\" target=\"_blank\">confirmaci\u00f3n de Fox en la secuela<\/a>! La pel\u00edcula original super\u00f3 r\u00e9cords y contin\u00faa atrayendo\u00a0<strong>la atenci\u00f3n de millones de personas cada mes<\/strong>. Ahora nos llega informaci\u00f3n bastante curiosa de la secuela tras conocer cu\u00e1l podr\u00eda ser\u00a0<a href=\"https:\/\/www.nintenderos.com\/2025\/05\/la-plataforma-de-streaming-de-la-pelicula-super-mario-2-tambien-se-habria-filtrado\/\" rel=\"nofollow noopener\" target=\"_blank\">su plataforma de estreno<\/a>. Recordad que se llama\u00a0<a href=\"https:\/\/www.nintenderos.com\/2025\/09\/anunciada-la-pelicula-de-super-mario-galaxy\/\" rel=\"nofollow noopener\" target=\"_blank\">Super Mario Galaxy: La Pel\u00edcula<\/a>, y ahora hay noticias.<\/p>\n<p>Tras conocer\u00a0<a href=\"https:\/\/www.nintenderos.com\/2026\/03\/esta-seria-la-duracion-final-de-super-mario-galaxy-la-pelicula\/\" rel=\"nofollow noopener\" target=\"_blank\">su duraci\u00f3n<\/a>, as\u00ed como\u00a0<a href=\"https:\/\/www.nintenderos.com\/2026\/03\/ya-puedes-ver-con-doblaje-en-castellano-y-espanol-latino-el-trailer-final-de-super-mario-galaxy-la-pelicula\/\" rel=\"nofollow noopener\" target=\"_blank\">su tr\u00e1iler final<\/a>\u00a0y\u00a0<a href=\"https:\/\/www.nintenderos.com\/2026\/03\/nintendo-lanza-web-especial-que-revela-un-personaje-secreto-y-un-video-especial-de-super-mario-galaxy-la-pelicula\/\" rel=\"nofollow noopener\" target=\"_blank\">una web especial<\/a>, ahora tenemos detalles de <strong>su estreno en f\u00edsico<\/strong>. Hace poco pudimos echar <a href=\"https:\/\/www.nintenderos.com\/2026\/03\/primer-vistazo-al-lanzamiento-fisico-de-super-mario-galaxy-la-pelicula-asi-es-su-edicion-4k-uhd-blu-ray-steelbook\/\" rel=\"nofollow noopener\" target=\"_blank\">un primer vistazo<\/a> a su edici\u00f3n de steelbook pero ahora se han detallado todas las ediciones que se lanzar\u00e1n:<\/p>\n<ul>\n<li data-section-id=\"u76j2x\" data-start=\"142\" data-end=\"221\">\n<p data-start=\"144\" data-end=\"221\">A\u00fan no se ha anunciado la <strong data-start=\"170\" data-end=\"194\">fecha de lanzamiento<\/strong> de estas ediciones.<\/p>\n<p>Otros contenidos en esta categor\u00eda:\n<\/li>\n<li data-section-id=\"169cvv\" data-start=\"222\" data-end=\"582\">\n<p data-start=\"224\" data-end=\"279\">Los clientes pueden elegir entre <strong data-start=\"257\" data-end=\"276\">cuatro opciones<\/strong>:<\/p>\n<ul data-start=\"282\" data-end=\"582\">\n<li data-section-id=\"ehwyne\" data-start=\"282\" data-end=\"324\">\n<p data-start=\"284\" data-end=\"299\"><strong data-start=\"284\" data-end=\"291\" data-is-only-node=\"\">DVD<\/strong> \u2013 $25<\/p>\n<\/li>\n<li data-section-id=\"omaf78\" data-start=\"327\" data-end=\"381\">\n<p data-start=\"329\" data-end=\"356\"><strong data-start=\"329\" data-end=\"348\" data-is-only-node=\"\">Blu-ray\/Digital<\/strong> \u2013 $35<\/p>\n<\/li>\n<\/ul>\n<\/li>\n<\/ul>\n<p><img decoding=\"async\" src=\"https:\/\/www.europesays.com\/es\/wp-content\/uploads\/2026\/04\/M3YKEvf.jpeg\"\/><\/p>\n<p><img decoding=\"async\" src=\"https:\/\/www.europesays.com\/es\/wp-content\/uploads\/2026\/04\/QJH1fIq.jpeg\"\/><\/p>\n<p><img decoding=\"async\" src=\"https:\/\/www.europesays.com\/es\/wp-content\/uploads\/2026\/04\/D1KLFoH.jpeg\"\/><\/p>\n<p>Ya sab\u00e9is que la secuela\u00a0<a href=\"https:\/\/www.nintenderos.com\/2026\/03\/hay-escenas-poscreditos-en-super-mario-galaxy-la-pelicula-si-y-no-una-sino-dos\/\" rel=\"nofollow noopener\" target=\"_blank\">ya confirm\u00f3<\/a>\u00a0dos\u00a0escenas\u00a0postcr\u00e9ditos\u00a0especiales y luego se desvel\u00f3\u00a0<a href=\"https:\/\/www.nintenderos.com\/2026\/03\/esto-es-lo-que-sugieren-sin-spoilers-las-escenas-poscreditos-de-super-mario-galaxy-la-pelicula-de-cara-al-futuro\/\" rel=\"nofollow noopener\" target=\"_blank\">lo que parecen significar<\/a>\u00a0para el futuro.\u00a0La pel\u00edcula se estrenar\u00e1\u00a0<strong>el 1 de abril de 2026 de forma mundial<\/strong><strong>.\u00a0<\/strong><\/p>\n<p>\u00bfQu\u00e9 os parece a vosotros? Os leemos en los comentarios.<\/p>\n<p><a class=\"external\" href=\"https:\/\/gonintendo.com\/contents\/59470-the-super-mario-galaxy-movie-dvd-blu-ray-available-to-pre-order-multiple-versions\" rel=\"nofollow noopener\" target=\"_blank\">Fuente<\/a>.<\/p>\n","protected":false},"excerpt":{"rendered":"\u00a1Parece que ya tenemos todos los detalles de su estreno f\u00edsico tras la confirmaci\u00f3n de Fox en la&hellip;\n","protected":false},"author":2,"featured_media":476928,"comment_status":"","ping_status":"","sticky":false,"template":"","format":"standard","meta":{"footnotes":""},"categories":[91],"tags":[1882,146,147,25,24,2723,11927,23,61067],"class_list":["post-476927","post","type-post","status-publish","format-standard","has-post-thumbnail","category-entretenimiento","tag-ediciones","tag-entertainment","tag-entretenimiento","tag-es","tag-espana","tag-fisico","tag-formato-fisico","tag-spain","tag-super-mario-galaxy-la-pelicula"],"share_on_mastodon":{"url":"https:\/\/pubeurope.com\/@es\/116328983101596560","error":""},"_links":{"self":[{"href":"https:\/\/www.europesays.com\/es\/wp-json\/wp\/v2\/posts\/476927","targetHints":{"allow":["GET"]}}],"collection":[{"href":"https:\/\/www.europesays.com\/es\/wp-json\/wp\/v2\/posts"}],"about":[{"href":"https:\/\/www.europesays.com\/es\/wp-json\/wp\/v2\/types\/post"}],"author":[{"embeddable":true,"href":"https:\/\/www.europesays.com\/es\/wp-json\/wp\/v2\/users\/2"}],"replies":[{"embeddable":true,"href":"https:\/\/www.europesays.com\/es\/wp-json\/wp\/v2\/comments?post=476927"}],"version-history":[{"count":0,"href":"https:\/\/www.europesays.com\/es\/wp-json\/wp\/v2\/posts\/476927\/revisions"}],"wp:featuredmedia":[{"embeddable":true,"href":"https:\/\/www.europesays.com\/es\/wp-json\/wp\/v2\/media\/476928"}],"wp:attachment":[{"href":"https:\/\/www.europesays.com\/es\/wp-json\/wp\/v2\/media?parent=476927"}],"wp:term":[{"taxonomy":"category","embeddable":true,"href":"https:\/\/www.europesays.com\/es\/wp-json\/wp\/v2\/categories?post=476927"},{"taxonomy":"post_tag","embeddable":true,"href":"https:\/\/www.europesays.com\/es\/wp-json\/wp\/v2\/tags?post=476927"}],"curies":[{"name":"wp","href":"https:\/\/api.w.org\/{rel}","templated":true}]}}