{"id":476973,"date":"2026-04-01T11:09:20","date_gmt":"2026-04-01T11:09:20","guid":{"rendered":"https:\/\/www.europesays.com\/es\/476973\/"},"modified":"2026-04-01T11:09:20","modified_gmt":"2026-04-01T11:09:20","slug":"hermanas-un-amor-compartido-capitulo-completo-42-estoy-harta-de-ti-novelas-hermanas-un-amor-compartido","status":"publish","type":"post","link":"https:\/\/www.europesays.com\/es\/476973\/","title":{"rendered":"Hermanas, un amor compartido: Cap\u00edtulo Completo 42 &#8211; Estoy harta de ti | Novelas Hermanas: Un Amor Compartido"},"content":{"rendered":"<p class=\"mb-6 flex min-h-6 w-full items-center justify-end gap-2 bg-white pr-2 evo-poppins-s leading-[130%] font-medium text-mine-shaft-light md:min-h-8 md:evo-poppins-base dark:bg-cod-gray-light dark:text-light-grey bg-wild-sand\">Te quedan: 10 d\u00edas para ver este cap\u00edtulo.<\/p>\n<p>Julia levanta falsos sobre Aura, pero M\u00f3nica reacciona con una cachetada para impedir que da\u00f1e el nombre de su hija. Hermanas: un amor compartido de lunes a viernes 8:30 p.m. MEX, por Las Estrellas. Disfruta m\u00e1s cap\u00edtulos completos de tus telenovelas y series favoritas.<\/p>\n<p><img alt=\"Las Estrellas picture\" loading=\"lazy\" decoding=\"async\" data-nimg=\"fill\" class=\"object-cover\" style=\"position:absolute;height:100%;width:100%;left:0;top:0;right:0;bottom:0;color:transparent\"   src=\"https:\/\/www.europesays.com\/es\/wp-content\/uploads\/2026\/04\/image.jpeg\"\/><\/p>\n<p>Publicado el 1 abr 26 &#8211; 12:05 AM CST. Actualizado el 1 abr 26 &#8211; 12:05 AM CST.<\/p>\n","protected":false},"excerpt":{"rendered":"Te quedan: 10 d\u00edas para ver este cap\u00edtulo. Julia levanta falsos sobre Aura, pero M\u00f3nica reacciona con una&hellip;\n","protected":false},"author":2,"featured_media":476974,"comment_status":"","ping_status":"","sticky":false,"template":"","format":"standard","meta":{"footnotes":""},"categories":[171],"tags":[146,147,20893,84063,25,24,3553,38101,23,214,84064],"class_list":["post-476973","post","type-post","status-publish","format-standard","has-post-thumbnail","category-tv","tag-entertainment","tag-entretenimiento","tag-episodios","tag-episodios-completos","tag-es","tag-espana","tag-hermanas","tag-las-estrellas","tag-spain","tag-tv","tag-un-amor-compartido"],"share_on_mastodon":{"url":"https:\/\/pubeurope.com\/@es\/116329143860939321","error":""},"_links":{"self":[{"href":"https:\/\/www.europesays.com\/es\/wp-json\/wp\/v2\/posts\/476973","targetHints":{"allow":["GET"]}}],"collection":[{"href":"https:\/\/www.europesays.com\/es\/wp-json\/wp\/v2\/posts"}],"about":[{"href":"https:\/\/www.europesays.com\/es\/wp-json\/wp\/v2\/types\/post"}],"author":[{"embeddable":true,"href":"https:\/\/www.europesays.com\/es\/wp-json\/wp\/v2\/users\/2"}],"replies":[{"embeddable":true,"href":"https:\/\/www.europesays.com\/es\/wp-json\/wp\/v2\/comments?post=476973"}],"version-history":[{"count":0,"href":"https:\/\/www.europesays.com\/es\/wp-json\/wp\/v2\/posts\/476973\/revisions"}],"wp:featuredmedia":[{"embeddable":true,"href":"https:\/\/www.europesays.com\/es\/wp-json\/wp\/v2\/media\/476974"}],"wp:attachment":[{"href":"https:\/\/www.europesays.com\/es\/wp-json\/wp\/v2\/media?parent=476973"}],"wp:term":[{"taxonomy":"category","embeddable":true,"href":"https:\/\/www.europesays.com\/es\/wp-json\/wp\/v2\/categories?post=476973"},{"taxonomy":"post_tag","embeddable":true,"href":"https:\/\/www.europesays.com\/es\/wp-json\/wp\/v2\/tags?post=476973"}],"curies":[{"name":"wp","href":"https:\/\/api.w.org\/{rel}","templated":true}]}}