{"id":477101,"date":"2026-04-01T12:59:17","date_gmt":"2026-04-01T12:59:17","guid":{"rendered":"https:\/\/www.europesays.com\/es\/477101\/"},"modified":"2026-04-01T12:59:17","modified_gmt":"2026-04-01T12:59:17","slug":"son-el-equipo-que-mejor-juega","status":"publish","type":"post","link":"https:\/\/www.europesays.com\/es\/477101\/","title":{"rendered":"Son el equipo que mejor juega"},"content":{"rendered":"<p class=\"ft-text\"><a class=\"ft-link ft-link--decoration\" href=\"https:\/\/www.sport.es\/es\/noticias\/barca\/baloncesto\/problema-afronta-barca-fichaje-moses-128634816\" rel=\"nofollow noopener\" target=\"_blank\"><strong>El Bar\u00e7a<\/strong><\/a> afronta este jueves (19h CET) en <strong>Kaunas<\/strong> una nueva &#8216;final&#8217; en la <strong>Euroliga.<\/strong> La visita al <strong>Zalgiris <\/strong>se presenta como uno de los partidos m\u00e1s complicados para <strong>Xavi Pascual y sus jugadores<\/strong> en este tramo final de fase regular.<\/p>\n<p class=\"ft-text\">Delante, el equipo de <strong>Tomas Masiulis, <\/strong>exasistente de <strong>Sarunas Jasikevicius<\/strong> en el Bar\u00e7a, y que se encuentra con el mismo balance de victorias y derrotas que el cuadro catal\u00e1n en la tabla clasificatoria <strong>(20-14).<\/strong><\/p>\n<p>Una pista pr\u00e1cticamente inexpugnable<\/p>\n<p class=\"ft-text\"><strong>\u00abLlevamos tres victorias seguidas en Europa. No s\u00e9 si calificar los partidos como finales, pero son encuentros cruciales.<\/strong> Nos quedan cuatro, el pr\u00f3ximo es el m\u00e1s importante, y <strong>vamos a una pista en la que Zalgiris no pierde desde el 23 de diciembre. All\u00ed han ganado a todo el mundo<\/strong>. Ser\u00e1 muy dif\u00edcil, ellos lo est\u00e1n haciendo muy bien y nos exigir\u00e1n el m\u00e1ximo. <strong>Vamos con toda la mentalidad de intentar ganar. Son el equipo que mejor juega a basket en estos momentos\u00bb,<\/strong> coment\u00f3 Pascual en la previa.<\/p>\n<p><img decoding=\"async\" src=\"https:\/\/www.europesays.com\/es\/wp-content\/uploads\/2026\/04\/925f6db1-2f5a-4af4-87c3-a1c39040b48e_alta-libre-aspect-ratio_default_0_x600y225.jpg\" width=\"1200\" height=\"675\" alt=\"Xavi Pascual, entrenador del Bar\u00e7a\" class=\"ft-helper-img-rd\" loading=\"lazy\" fetchpriority=\"auto\"\/><\/p>\n<p class=\"ft-helper-fontColor-quaternary ft-helper-fontSize-body-S ft-helper-spacer-t-xxs\">Xavi Pascual, entrenador del Bar\u00e7a  \/ Valent\u00ed Enrich<\/p>\n<p class=\"ft-text\">\u00ab\u00bfEstar en Playoff? Vamos d\u00eda a d\u00eda, a ver c\u00f3mo llegamos a la \u00faltima jornada para saber nuestras opciones. <strong>Cada partido cambia todo, y lo primero es que depende de nosotros y luego ya s\u00ed que hay que echar un ojo a los resultados de los dem\u00e1s. Vamos a este partido con toda la ilusi\u00f3n del mundo y cuando termine a ver c\u00f3mo estamos.<\/strong> Es un partido dif\u00edcil e importante, pero todos los rivales tienen encuentros as\u00ed\u00bb, detall\u00f3 el t\u00e9cnico azulgrana al que le preguntaron tambi\u00e9n por <strong>Moses Wright,<\/strong> que apunta a ser una de las caras nuevas del Bar\u00e7a 26\/27.<\/p>\n<p>Elogios al juego interior rival&#8230; y a Moses Wright<\/p>\n<p class=\"ft-text\">\u00abSus grandes lo est\u00e1n haciendo superbi\u00e9n. <strong>Los cuatro est\u00e1n haciendo grandes temporadas, tambi\u00e9n Wright, por supuesto. Sus interiores tienen caracter\u00edsticas diferentes, tienen el equipo equilibrado, la confecci\u00f3n de la plantilla es extraordinaria, tienen de todo\u00bb, <\/strong>contest\u00f3.<\/p>\n<p><img decoding=\"async\" src=\"https:\/\/www.europesays.com\/es\/wp-content\/uploads\/2026\/03\/00e7298c-2bb4-4b4c-94e3-245a4c49b6da_alta-libre-aspect-ratio_default_0_x600y225.jpg\" width=\"1200\" height=\"675\" alt=\"Moses Wright y Tomas Satoransky, en el Bar\u00e7a - Zalgiris de Euroliga de esta temporada\" class=\"ft-helper-img-rd\" loading=\"lazy\" fetchpriority=\"auto\"\/><\/p>\n<p class=\"ft-helper-fontColor-quaternary ft-helper-fontSize-body-S ft-helper-spacer-t-xxs\">Moses Wright y Tomas Satoransky, en el Bar\u00e7a &#8211; Zalgiris de Euroliga de esta temporada  \/ FCB<\/p>\n<p class=\"ft-text\">Pascual tambi\u00e9n afirm\u00f3 que el equipo se encuentra en una de esas <strong>fases trascendentales <\/strong>de la campa\u00f1a. \u00abEs un momento muy importante de la temporada, siempre que acaba la Copa hay este final de la fase regular de la Euroliga en la que nos ha costado much\u00edsimo regresar a la victoria. Parece una parte muy larga de la temporada, pero <strong>tambi\u00e9n es el tramo m\u00e1s dif\u00edcil de concentraci\u00f3n y focalizaci\u00f3n de objetivos<\/strong>. Estos cuatro partidos que nos quedan decidir\u00e1n nuestro futuro en Euroliga. <strong>Ganar los tres partidos ante rivales directos nos colocar\u00e1 arriba de todo y probablemente en Playoff\u00bb.<\/strong><\/p>\n<p><img decoding=\"async\" src=\"https:\/\/www.europesays.com\/es\/wp-content\/uploads\/2026\/04\/e375c4a3-b292-4669-a7cd-b39e0246e257_alta-libre-aspect-ratio_default_0_x600y225.jpg\" width=\"1200\" height=\"675\" alt=\"Xavi Pascual, presenciando la parte inicial del entrenamiento\" class=\"ft-helper-img-rd\" loading=\"lazy\" fetchpriority=\"auto\"\/><\/p>\n<p class=\"ft-helper-fontColor-quaternary ft-helper-fontSize-body-S ft-helper-spacer-t-xxs\">Xavi Pascual, presenciando la parte inicial del entrenamiento  \/ Valent\u00ed Enrich<\/p>\n<p class=\"ft-text\">Por \u00faltimo, Pascual elogi\u00f3 a Zalgiris, pero tambi\u00e9n <strong>reivindic\u00f3<\/strong> lo hecho por el Bar\u00e7a, ya que ambos equipos comparten el mismo balance de triunfos y derrotas en Europa. \u00abLo est\u00e1n haciendo muy bien, <strong>llevan las mismas victorias que nosotros, pero la perspectiva es de que ellos lo est\u00e1n haciendo superbi\u00e9n y nosotros no, pero la perspectiva de que ellos est\u00e1n jugando muy bien es real\u00bb,<\/strong> concluy\u00f3.<\/p>\n<p>Vesely se pronuncia sobre el duelo con Wright<\/p>\n<p class=\"ft-text\">Por su parte, <strong>Jan Vesely<\/strong> tambi\u00e9n admiti\u00f3 que les espera una dura batalla en Kaunas, y preguntado sobre <strong>Moses Wright,<\/strong> el checo no tuvo problemas en reconocer su gran calidad: <strong>\u00abEs un gran jugador, ya lo conocemos de su etapa en Olympiacos. Ser\u00e1 un duro rival, pero no deja de ser un partido de equipo\u00bb.<\/strong><\/p>\n","protected":false},"excerpt":{"rendered":"El Bar\u00e7a afronta este jueves (19h CET) en Kaunas una nueva &#8216;final&#8217; en la Euroliga. La visita al&hellip;\n","protected":false},"author":2,"featured_media":477102,"comment_status":"","ping_status":"","sticky":false,"template":"","format":"standard","meta":{"footnotes":""},"categories":[269],"tags":[299,2296,298,168,25,24,833,4582,22611,23,167,6278,53969],"class_list":["post-477101","post","type-post","status-publish","format-standard","has-post-thumbnail","category-baloncesto","tag-baloncesto","tag-barca","tag-basketball","tag-deportes","tag-es","tag-espana","tag-euroliga","tag-pascual","tag-previa","tag-spain","tag-sports","tag-xavi","tag-zalgiris"],"share_on_mastodon":{"url":"https:\/\/pubeurope.com\/@es\/116329576454054341","error":""},"_links":{"self":[{"href":"https:\/\/www.europesays.com\/es\/wp-json\/wp\/v2\/posts\/477101","targetHints":{"allow":["GET"]}}],"collection":[{"href":"https:\/\/www.europesays.com\/es\/wp-json\/wp\/v2\/posts"}],"about":[{"href":"https:\/\/www.europesays.com\/es\/wp-json\/wp\/v2\/types\/post"}],"author":[{"embeddable":true,"href":"https:\/\/www.europesays.com\/es\/wp-json\/wp\/v2\/users\/2"}],"replies":[{"embeddable":true,"href":"https:\/\/www.europesays.com\/es\/wp-json\/wp\/v2\/comments?post=477101"}],"version-history":[{"count":0,"href":"https:\/\/www.europesays.com\/es\/wp-json\/wp\/v2\/posts\/477101\/revisions"}],"wp:featuredmedia":[{"embeddable":true,"href":"https:\/\/www.europesays.com\/es\/wp-json\/wp\/v2\/media\/477102"}],"wp:attachment":[{"href":"https:\/\/www.europesays.com\/es\/wp-json\/wp\/v2\/media?parent=477101"}],"wp:term":[{"taxonomy":"category","embeddable":true,"href":"https:\/\/www.europesays.com\/es\/wp-json\/wp\/v2\/categories?post=477101"},{"taxonomy":"post_tag","embeddable":true,"href":"https:\/\/www.europesays.com\/es\/wp-json\/wp\/v2\/tags?post=477101"}],"curies":[{"name":"wp","href":"https:\/\/api.w.org\/{rel}","templated":true}]}}