{"id":477202,"date":"2026-04-01T14:28:09","date_gmt":"2026-04-01T14:28:09","guid":{"rendered":"https:\/\/www.europesays.com\/es\/477202\/"},"modified":"2026-04-01T14:28:09","modified_gmt":"2026-04-01T14:28:09","slug":"carlos-alcaraz-estrena-yate-de-lujo-asi-es-su-nuevo-catamaran-sunreef-de-9-millones-de-euros","status":"publish","type":"post","link":"https:\/\/www.europesays.com\/es\/477202\/","title":{"rendered":"Carlos Alcaraz estrena yate de lujo: as\u00ed es su nuevo catamar\u00e1n Sunreef de 9 millones de euros"},"content":{"rendered":"<p><a href=\"https:\/\/www.libertaddigital.com\/personajes\/carlos-alcaraz\/\" rel=\"nofollow noopener\" target=\"_blank\">Carlos Alcaraz<\/a> cierra la gira estadounidense de pista dura con un sabor agridulce tras una inesperada despedida temprana en el Masters 1000 de Miami. El tenista murciano, actual n\u00famero uno del mundo, no pudo superar la tercera ronda del torneo de Florida, donde cay\u00f3 derrotado frente a un s\u00f3lido Sebastian Korda por 3-6, 7-5 y 4-6 el pasado 22 de marzo. Este resultado lleg\u00f3 apenas una semana despu\u00e9s de que Alcaraz alcanzara las semifinales en <strong>Indian Wells<\/strong>, donde cedi\u00f3 ante el ruso Daniil Medvedev en un igualado encuentro que se decidi\u00f3 por 3-6 y 6-7.<\/p>\n<p>Pero no todo son tristezas, ya que <strong>Carlos Alcaraz<\/strong> tiene algo con lo que navegar estas aguas de irregularidad. Esto en concreto:<\/p>\n<blockquote class=\"twitter-tweet\"><p>&#13;<\/p>\n<p dir=\"ltr\" lang=\"es\">Carlos Alcaraz adquiri\u00f3 un catamar\u00e1n valorado en 9 millones de euros: un Sunreef de 27 metros sobre el nivel del mar. El tenista espa\u00f1ol public\u00f3 recientemente un v\u00eddeo en sus redes sociales a bordo del yate. <a href=\"https:\/\/t.co\/AnxmRpCwBI\" target=\"_blank\" rel=\"nofollow\">pic.twitter.com\/AnxmRpCwBI<\/a><\/p>\n<p>&#13;<br \/>\n\u2014 Danny Miche\ud83c\udfbe (@dannymiche) <a href=\"https:\/\/twitter.com\/dannymiche\/status\/2039287347485774202?ref_src=twsrc%5Etfw\" target=\"_blank\" rel=\"nofollow noopener\">April 1, 2026<\/a><\/p><\/blockquote>\n<p>Alcaraz ha captado la atenci\u00f3n medi\u00e1tica al mostrar su nuevo catamar\u00e1n <strong>Sunreef<\/strong>, una embarcaci\u00f3n de 27 metros de altura valorada en 9 millones de euros. El tenista espa\u00f1ol, que public\u00f3 un v\u00eddeo a bordo en sus perfiles sociales, parece haber encontrado en este yate el lugar ideal para recargar pilas.<\/p>\n<p>    Relacionado<\/p>\n<p>Por otro lado, a pesar de este frenazo en marzo, el balance general del inicio de 2026 para el de El Palmar sigue siendo hist\u00f3rico. El joven espa\u00f1ol comenz\u00f3 el curso de forma inmejorable al coronarse campe\u00f3n del <strong>Open de Australia<\/strong> tras batir a <strong>Novak Djokovic<\/strong> en una final \u00e9pica. Con ese t\u00edtulo, Alcaraz no solo sum\u00f3 su quinto Grand Slam, sino que complet\u00f3 el \u00abGrand Slam de carrera\u00bb al haber ganado ya los cuatro grandes escenarios del tenis mundial.<\/p>\n<p>A este \u00e9xito le sigui\u00f3 poco despu\u00e9s el trofeo del <strong>ATP 500 de Doha<\/strong>, donde se impuso con autoridad al franc\u00e9s Arthur Fils en el partido por el t\u00edtulo.<\/p>\n<p>            <script async src=\"https:\/\/platform.twitter.com\/widgets.js\" charset=\"utf-8\"><\/script><\/p>\n","protected":false},"excerpt":{"rendered":"Carlos Alcaraz cierra la gira estadounidense de pista dura con un sabor agridulce tras una inesperada despedida temprana&hellip;\n","protected":false},"author":2,"featured_media":477203,"comment_status":"","ping_status":"","sticky":false,"template":"","format":"standard","meta":{"footnotes":""},"categories":[274],"tags":[545,26591,168,25,24,88407,97624,94951,23,167,97625,327,326],"class_list":["post-477202","post","type-post","status-publish","format-standard","has-post-thumbnail","category-tenis","tag-carlos-alcaraz","tag-daniil-medvedev","tag-deportes","tag-es","tag-espana","tag-indian-wells","tag-masters-de-miami","tag-sebastian-korda","tag-spain","tag-sports","tag-sunreef","tag-tenis","tag-tennis"],"share_on_mastodon":{"url":"https:\/\/pubeurope.com\/@es\/116329926316650111","error":""},"_links":{"self":[{"href":"https:\/\/www.europesays.com\/es\/wp-json\/wp\/v2\/posts\/477202","targetHints":{"allow":["GET"]}}],"collection":[{"href":"https:\/\/www.europesays.com\/es\/wp-json\/wp\/v2\/posts"}],"about":[{"href":"https:\/\/www.europesays.com\/es\/wp-json\/wp\/v2\/types\/post"}],"author":[{"embeddable":true,"href":"https:\/\/www.europesays.com\/es\/wp-json\/wp\/v2\/users\/2"}],"replies":[{"embeddable":true,"href":"https:\/\/www.europesays.com\/es\/wp-json\/wp\/v2\/comments?post=477202"}],"version-history":[{"count":0,"href":"https:\/\/www.europesays.com\/es\/wp-json\/wp\/v2\/posts\/477202\/revisions"}],"wp:featuredmedia":[{"embeddable":true,"href":"https:\/\/www.europesays.com\/es\/wp-json\/wp\/v2\/media\/477203"}],"wp:attachment":[{"href":"https:\/\/www.europesays.com\/es\/wp-json\/wp\/v2\/media?parent=477202"}],"wp:term":[{"taxonomy":"category","embeddable":true,"href":"https:\/\/www.europesays.com\/es\/wp-json\/wp\/v2\/categories?post=477202"},{"taxonomy":"post_tag","embeddable":true,"href":"https:\/\/www.europesays.com\/es\/wp-json\/wp\/v2\/tags?post=477202"}],"curies":[{"name":"wp","href":"https:\/\/api.w.org\/{rel}","templated":true}]}}