{"id":477212,"date":"2026-04-01T14:34:19","date_gmt":"2026-04-01T14:34:19","guid":{"rendered":"https:\/\/www.europesays.com\/es\/477212\/"},"modified":"2026-04-01T14:34:19","modified_gmt":"2026-04-01T14:34:19","slug":"la-ciudad-que-dibuja-salvador-fraga","status":"publish","type":"post","link":"https:\/\/www.europesays.com\/es\/477212\/","title":{"rendered":"La ciudad que dibuja Salvador Fraga"},"content":{"rendered":"<p class=\"ft-text ft-helper-closenews\">El arquitecto Salvador Fraga ofreci\u00f3<strong> una charla-conferencia en el MARCO invitado por la Agrupaci\u00f3n Amiga del Museo<\/strong> en la que habl\u00f3 sobre la ciudad que est\u00e1 dibujada en los planes generales, los proyectos de obra, el material visual documentado o las ficciones art\u00edsticas. Fue presentado por el tambi\u00e9n arquitecto Jaime Blanco.<\/p>\n<p class=\"ft-text\">Fraga, que form\u00f3 parte del equipo que remodel\u00f3 el MARCO y presidi\u00f3 la delegaci\u00f3n de Vigo del COAG , cuenta con abundante obra p\u00fablica y privada en Vigo y es un<strong> profundo conocedor de su urbanismo<\/strong>. Y defiende que dibujar una ciudad implica entenderla, explicarla, idear cambio saludables y cooperar.<\/p>\n<p data-close=\"closedContent\" class=\"subscribeHideForDisplay\">Suscr\u00edbete para seguir leyendo<\/p>\n","protected":false},"excerpt":{"rendered":"El arquitecto Salvador Fraga ofreci\u00f3 una charla-conferencia en el MARCO invitado por la Agrupaci\u00f3n Amiga del Museo en&hellip;\n","protected":false},"author":2,"featured_media":477213,"comment_status":"","ping_status":"","sticky":false,"template":"","format":"standard","meta":{"footnotes":""},"categories":[173],"tags":[229,233,231,230,777,2245,232,63628,234,146,147,25,24,67208,62741,8677,2256,23,2965],"class_list":["post-477212","post","type-post","status-publish","format-standard","has-post-thumbnail","category-arte-y-diseno","tag-arte","tag-arte-y-diseno","tag-arts","tag-arts-and-design","tag-ciudad","tag-conferencia","tag-design","tag-dibuja","tag-diseno","tag-entertainment","tag-entretenimiento","tag-es","tag-espana","tag-fraga","tag-obra-publica","tag-planes","tag-salvador","tag-spain","tag-urbanismo"],"share_on_mastodon":{"url":"https:\/\/pubeurope.com\/@es\/116329949846895019","error":""},"_links":{"self":[{"href":"https:\/\/www.europesays.com\/es\/wp-json\/wp\/v2\/posts\/477212","targetHints":{"allow":["GET"]}}],"collection":[{"href":"https:\/\/www.europesays.com\/es\/wp-json\/wp\/v2\/posts"}],"about":[{"href":"https:\/\/www.europesays.com\/es\/wp-json\/wp\/v2\/types\/post"}],"author":[{"embeddable":true,"href":"https:\/\/www.europesays.com\/es\/wp-json\/wp\/v2\/users\/2"}],"replies":[{"embeddable":true,"href":"https:\/\/www.europesays.com\/es\/wp-json\/wp\/v2\/comments?post=477212"}],"version-history":[{"count":0,"href":"https:\/\/www.europesays.com\/es\/wp-json\/wp\/v2\/posts\/477212\/revisions"}],"wp:featuredmedia":[{"embeddable":true,"href":"https:\/\/www.europesays.com\/es\/wp-json\/wp\/v2\/media\/477213"}],"wp:attachment":[{"href":"https:\/\/www.europesays.com\/es\/wp-json\/wp\/v2\/media?parent=477212"}],"wp:term":[{"taxonomy":"category","embeddable":true,"href":"https:\/\/www.europesays.com\/es\/wp-json\/wp\/v2\/categories?post=477212"},{"taxonomy":"post_tag","embeddable":true,"href":"https:\/\/www.europesays.com\/es\/wp-json\/wp\/v2\/tags?post=477212"}],"curies":[{"name":"wp","href":"https:\/\/api.w.org\/{rel}","templated":true}]}}