{"id":477533,"date":"2026-04-01T19:13:19","date_gmt":"2026-04-01T19:13:19","guid":{"rendered":"https:\/\/www.europesays.com\/es\/477533\/"},"modified":"2026-04-01T19:13:19","modified_gmt":"2026-04-01T19:13:19","slug":"tvg-cierra-marzo-con-el-segundo-peor-dato-de-audiencia-de-su-historia-un-75","status":"publish","type":"post","link":"https:\/\/www.europesays.com\/es\/477533\/","title":{"rendered":"TVG cierra marzo con el segundo peor dato de audiencia de su historia: un 7,5%"},"content":{"rendered":"<p class=\"article-text\">\n        La Televisi\u00f3n de Galicia (TVG) cerr\u00f3 el mes de marzo con una audiencia media del 7,5% de share, el segundo peor dato de su historia, s\u00f3lo por delante del 7,2% obtenido en junio de 2024. El canal gallego perdi\u00f3 seis decimas de cuota de pantalla y sigue cayendo en el ranking de la FORTA, la federaci\u00f3n de televisiones auton\u00f3micas, donde ahora ocupa el sexto lugar. La l\u00edder del grupo, TV3, la dobla en porcentaje de espectadores (15,3%).\n    <\/p>\n<p>    <a href=\"https:\/\/www.eldiario.es\/galicia\/2024-ano-tvg-hundio-audiencia_1_11945240.html\" data-mrf-recirculation=\"saber-mas\" data-dl-event=\"saber-mas\" rel=\"nofollow noopener\" target=\"_blank\"><\/p>\n<p class=\"know-more__title\">2024, el a\u00f1o en el que la TVG hundi\u00f3 su audiencia<\/p>\n<p>            <img decoding=\"async\" class=\"lazy\" loading=\"lazy\" data-src=\"https:\/\/static.eldiario.es\/clip\/19be2e58-4394-4b18-9811-af12282cb5c4_16-9-aspect-ratio_default_0.jpg\" src=\"data:image\/svg+xml,%3Csvg xmlns=\" http:=\"\" viewbox=\"0 0 880 495\" alt=\"2024, el a\u00f1o en el que la TVG hundi\u00f3 su audiencia\"\/><\/p>\n<p>                        <\/a><\/p>\n<p class=\"article-text\">\n        En conjunto, seg\u00fan los datos de Kantar Media elaborados por la consultora Dos30&#8242;, los canales de la FORTA perdieron medio punto durante el tercer mes del a\u00f1o. En el furg\u00f3n de cabeza, s\u00f3lo la televisi\u00f3n canaria mejora los datos de febrero (0,7%). Canal Sur llega a desplomarse casi dos puntos pero, a\u00fan as\u00ed, contin\u00faa comodamente por encima de TVG con su 8,7% de share.\n    <\/p>\n<p class=\"article-text\">\n        Incluso en este escenario negativo, TV3 firm\u00f3 su mejor marzo desde 2020 y Arag\u00f3n TV, segunda en el ranking, el de toda su historia con un 12,1%. ETB cierra el top 3 con un 9,6% que no alcanzaba desde 2021 mientras que la subida de TV Canaria hasta el 8.9% le deja su mejor registro en este per\u00edodo en tres lustros.\n    <\/p>\n<p>    De San Marcos a San Caetano<\/p>\n<p class=\"article-text\">\n        La ca\u00edda de audiencia se ha convertido en la mayor preocupaci\u00f3n en los despachos de San Marcos, la sede de la TVG, y ha llegado incluso hasta San Caetano, el edificio de la Xunta. Tras los datos de octubre \u2013un 7,7% y ca\u00edda hasta el quinto lugar de la FORTA\u2013, el presidente gallego, Alfonso Rueda, <a href=\"https:\/\/www.eldiario.es\/galicia\/rueda-da-toque-atencion-tvg-caida-espectadores-bueno-tengan-buenos-datos-audiencia_1_12758945.html\" data-mrf-recirculation=\"links-noticia\" class=\"link\" rel=\"nofollow noopener\" target=\"_blank\">envi\u00f3 un recado a la nueva c\u00fapula<\/a>, elegida en solitario por el PP el pasado verano tras un cambio expr\u00e9s en la ley: \u201cEs la televisi\u00f3n de todos los gallegos y es bueno que tenga buenos datos de audiencia\u201d. De momento, los cambios en la parrilla siguen sin dar sus frutos y se viven situaciones tan pintorescas como las del pasado domingo, cuando la emisi\u00f3n de la misa fue el espacio con mejor share de la jornada y l\u00edder de su franja.\n    <\/p>\n<blockquote class=\"twitter-tweet\" data-lang=\"es\"><p><a href=\"https:\/\/twitter.com\/X\/status\/2038530784735199316?ref_src=twsrc%5Etfw\" rel=\"nofollow noopener\" target=\"_blank\"><\/p><\/blockquote>\n<p class=\"article-text\">\n        Mientras, el discurso oficial se esfuerza en negar a la mayor. La cadena se agarra una y otra vez a los datos del EGM \u2013donde aparece recurrentemente como el canal m\u00e1s visto en Galicia\u2013 y a los \u201cmillones\u201d de impactos en redes sociales de sus v\u00eddeos, un contenido en el que han venido apostando por el humor grueso y los dobles sentidos con carga sexual.\n    <\/p>\n<p>    <a href=\"https:\/\/www.eldiario.es\/galicia\/modelo-televisivo-feijoo-agota-minimos-historicos-informativos-quinta-opcion-audiencia-galicia_1_12738953.html\" data-mrf-recirculation=\"saber-mas-abajo\" data-dl-event=\"saber-mas-abajo\" rel=\"nofollow noopener\" target=\"_blank\"><\/p>\n<p class=\"know-more__title\">El modelo televisivo de Feij\u00f3o se agota: m\u00ednimos hist\u00f3ricos en informativos y quinta opci\u00f3n de la audiencia en Galicia<\/p>\n<p>            <img decoding=\"async\" class=\"lazy\" loading=\"lazy\" data-src=\"https:\/\/static.eldiario.es\/clip\/ff471235-6004-491b-bba7-c8349f1f0186_16-9-aspect-ratio_default_0.jpg\" src=\"data:image\/svg+xml,%3Csvg xmlns=\" http:=\"\" viewbox=\"0 0 880 495\" alt=\"El modelo televisivo de Feij\u00f3o se agota: m\u00ednimos hist\u00f3ricos en informativos y quinta opci\u00f3n de la audiencia en Galicia\"\/><\/p>\n<p>                        <\/a><\/p>\n<p class=\"article-text\">\n        La oposici\u00f3n, por su parte, siempre que tiene ocasi\u00f3n \u2013la \u00faltima vez, este martes, <a href=\"https:\/\/www.eldiario.es\/galicia\/ejercicio-escapismo-parlamento-directora-general-csag-condena-represaliar-periodista_1_13111131.html\" data-mrf-recirculation=\"links-noticia\" class=\"link\" rel=\"nofollow noopener\" target=\"_blank\">en la comisi\u00f3n de control parlamentario<\/a>\u2013le recuerda a la directora xeral, Concepci\u00f3n Pombo, que primero como responsable de unos informativos m\u00e1s que cuestionados y ahora como m\u00e1xima autoridad de la corporaci\u00f3n, est\u00e1 llevando a la TVG a la \u201cirrelevancia\u201d. Por su parte, el colectivo de trabajadores Defende a Galega \u2013con m\u00e1s de 400 venres negros a sus espaldas\u2013 advert\u00eda en la red X: \u201cLa Televisi\u00f3n de Galicia se est\u00e1 acostumbrando peligrosamente a tocar fondo una y otra vez\u201d.\n    <\/p>\n<blockquote class=\"twitter-tweet\" data-lang=\"es\"><p><a href=\"https:\/\/twitter.com\/X\/status\/2039342745983078469?ref_src=twsrc%5Etfw\" rel=\"nofollow noopener\" target=\"_blank\"><\/p><\/blockquote>\n<p>                                        <script async src=\"https:\/\/platform.twitter.com\/widgets.js\" charset=\"utf-8\"><\/script><\/p>\n","protected":false},"excerpt":{"rendered":"La Televisi\u00f3n de Galicia (TVG) cerr\u00f3 el mes de marzo con una audiencia media del 7,5% de share,&hellip;\n","protected":false},"author":2,"featured_media":477534,"comment_status":"","ping_status":"","sticky":false,"template":"","format":"standard","meta":{"footnotes":""},"categories":[171],"tags":[517,1705,146,147,25,24,816,7386,7318,10,1925,7387,1146,23,214],"class_list":["post-477533","post","type-post","status-publish","format-standard","has-post-thumbnail","category-tv","tag-actualidad","tag-analisis","tag-entertainment","tag-entretenimiento","tag-es","tag-espana","tag-galicia","tag-la-coruna","tag-lugo","tag-noticias","tag-opinion","tag-orense","tag-pontevedra","tag-spain","tag-tv"],"share_on_mastodon":{"url":"https:\/\/pubeurope.com\/@es\/116331046991035619","error":""},"_links":{"self":[{"href":"https:\/\/www.europesays.com\/es\/wp-json\/wp\/v2\/posts\/477533","targetHints":{"allow":["GET"]}}],"collection":[{"href":"https:\/\/www.europesays.com\/es\/wp-json\/wp\/v2\/posts"}],"about":[{"href":"https:\/\/www.europesays.com\/es\/wp-json\/wp\/v2\/types\/post"}],"author":[{"embeddable":true,"href":"https:\/\/www.europesays.com\/es\/wp-json\/wp\/v2\/users\/2"}],"replies":[{"embeddable":true,"href":"https:\/\/www.europesays.com\/es\/wp-json\/wp\/v2\/comments?post=477533"}],"version-history":[{"count":0,"href":"https:\/\/www.europesays.com\/es\/wp-json\/wp\/v2\/posts\/477533\/revisions"}],"wp:featuredmedia":[{"embeddable":true,"href":"https:\/\/www.europesays.com\/es\/wp-json\/wp\/v2\/media\/477534"}],"wp:attachment":[{"href":"https:\/\/www.europesays.com\/es\/wp-json\/wp\/v2\/media?parent=477533"}],"wp:term":[{"taxonomy":"category","embeddable":true,"href":"https:\/\/www.europesays.com\/es\/wp-json\/wp\/v2\/categories?post=477533"},{"taxonomy":"post_tag","embeddable":true,"href":"https:\/\/www.europesays.com\/es\/wp-json\/wp\/v2\/tags?post=477533"}],"curies":[{"name":"wp","href":"https:\/\/api.w.org\/{rel}","templated":true}]}}